{"id":37959,"date":"2023-03-24T16:58:55","date_gmt":"2023-03-24T16:58:55","guid":{"rendered":"https:\/\/armstrongyregion.com.ar\/diario\/?p=37959"},"modified":"2023-03-24T16:58:57","modified_gmt":"2023-03-24T16:58:57","slug":"el-ministerio-de-salud-actualizo-la-cantidad-de-casos-de-dengue-en-la-provincia","status":"publish","type":"post","link":"https:\/\/armstrongyregion.com.ar\/diario\/el-ministerio-de-salud-actualizo-la-cantidad-de-casos-de-dengue-en-la-provincia\/","title":{"rendered":"El Ministerio de Salud actualiz\u00f3 la cantidad de casos de dengue en la provincia."},"content":{"rendered":"\n<figure class=\"wp-block-image size-full\"><a href=\"http:\/\/armstrongyregion.com.ar\/diario\/wp-content\/uploads\/2023\/03\/Dengue-actualizados-.jpg\"><img loading=\"lazy\" decoding=\"async\" width=\"480\" height=\"270\" src=\"http:\/\/armstrongyregion.com.ar\/diario\/wp-content\/uploads\/2023\/03\/Dengue-actualizados-.jpg\" alt=\"\" class=\"wp-image-37960\" srcset=\"https:\/\/armstrongyregion.com.ar\/diario\/wp-content\/uploads\/2023\/03\/Dengue-actualizados-.jpg 480w, https:\/\/armstrongyregion.com.ar\/diario\/wp-content\/uploads\/2023\/03\/Dengue-actualizados--300x169.jpg 300w\" sizes=\"auto, (max-width: 480px) 100vw, 480px\" \/><\/a><\/figure>\n\n\n\n<h2 class=\"wp-block-heading\">Se contabilizan 3.606 casos en todo el territorio santafesino, destacando el mayor foco en el departamento General Obligado.<\/h2>\n\n\n\n<p>El Ministerio de Salud de la provincia brind\u00f3 detalles este jueves de la situaci\u00f3n actual de casos de dengue que atraviesa el territorio santafesino. Asimismo, se brindaron recomendaciones a la poblaci\u00f3n para evitar la proliferaci\u00f3n de casos.<\/p>\n\n\n\n<p>La titular de la cartera, Sonia Martorano, indic\u00f3 que \u201ctenemos 3.606 casos de dengue en la provincia. En General Obligado 2.755, el mayor foco en estos momentos; en La Capital 55 casos (46 en la ciudad de Santa Fe) y en el departamento Rosario un total de 195\u201d.<\/p>\n\n\n\n<p>Asimismo, la ministra explic\u00f3 que \u201cahora mayoritariamente los casos son aut\u00f3ctonos. Recordemos que comenzaron como casos importados de la mano del brote en Paraguay, Brasil, Bolivia, y tambi\u00e9n de la mano en que estamos en una \u00e9poca donde hay mucha migraci\u00f3n de las personas\u201d.<\/p>\n\n\n\n<p>Finalmente, Martorano inform\u00f3 que \u201cen este momento no tenemos internados en la provincia. Tenemos un fallecido en Reconquista, de 77 a\u00f1os con comorbilidades, que es altamente sospechoso y tenemos la muestra en el laboratorio central para corroborar la sospecha\u201d.<\/p>\n\n\n\n<p><strong>RECOMENDACIONES<\/strong><\/p>\n\n\n\n<p>Por su parte, el secretario de Salud provincial, Jorge Prieto, dijo que \u201clo m\u00e1s importante aqu\u00ed es la prevenci\u00f3n temprana. El huevo del mosquito permanece disecado por mucho tiempo, por eso la importancia de mantener los recipientes boca abajo. Con estas lluvias, si uno deja recipientes boca arriba, los huevo se vuelven a hidratar, la larva nace, de all\u00ed sale la pupa y el mosquito adulto. Por eso es muy importante este control ya que el 80% de la prevenci\u00f3n tiene que ver con el descacharrado\u201d.<\/p>\n\n\n\n<p>Asimismo, el funcionario agreg\u00f3 que \u201ccon Naci\u00f3n se trabaja en forma interdisciplinaria y articulada. Tenemos las mismas normativas a nivel nacional y un registro que tiene que ver con la declaraci\u00f3n de cada uno de los casos\u201d.<\/p>\n\n\n\n<p>Prieto recomend\u00f3 adem\u00e1s que \u201csi la persona que acude a un centro de salud y viene de alguna de estas zonas donde tenemos estos brotes, debe remarc\u00e1rselo al profesional. Hemos alertado a todas las guardias y todos los profesionales que hay una circulaci\u00f3n dominante que tiene que ver con el dengue, sintomatolog\u00eda que puede ser algunas veces compatible con lo que es Covid u otros procesos virales\u201d.<\/p>\n\n\n\n<p>Asimismo, la directora provincial de Epidemiolog\u00eda, Carolina Cudos, detall\u00f3 que \u201ctenemos la particularidad que hay dos serotipos circulando, la mayor\u00eda son Dengue 1, pero en Rosario adem\u00e1s tenemos Dengue 2, as\u00ed que las personas que viajen a Rosario, a otra provincia o a otro pa\u00eds, si empiezan con fiebre deben consultar porque pueden tener otro tipo de dengue\u201d.<\/p>\n\n\n\n<p>\u201cLa cl\u00ednica y la evoluci\u00f3n son parecidas -continu\u00f3-, pero es importante para que las acciones de bloqueo se intensifiquen y no tengamos cocirculaci\u00f3n viral en una misma localidad\u201d.<\/p>\n\n\n\n<p>\u201cEstamos con lluvias, no tenemos que bajar los brazos. Adem\u00e1s de la fumigaci\u00f3n y los bloqueos que se vienen realizando en los diferentes barrios de las distintas localidades, seguimos insistiendo que todos los ciudadanos trabajemos para bajar la cantidad del mosquito limpiando los recipientes y realizando el descacharrado\u201d, concluy\u00f3 Cudos.<\/p>\n\n\n\n<p><strong>ROSARIO<\/strong><\/p>\n\n\n\n<p>El secretario de Salud de la Municipalidad de Rosario, Leonardo Caruana, mencion\u00f3 que \u201ccon relaci\u00f3n al dengue, tenemos un incremento de casos. Tenemos 189 confirmados en la ciudad de Rosario, de los cuales la mayor\u00eda ya son sin antecedentes de viaje, s\u00f3lo 11 tienen esta caracter\u00edstica, pero ya podemos decir que tenemos circulaci\u00f3n\u201d, y agreg\u00f3 que \u201ctenemos el vector, las condiciones clim\u00e1ticas y el dengue ya no es una enfermedad rara en Latinoam\u00e9rica, sino que vino para quedarse, por eso son muy importante los aspectos preventivos\u201d, concluy\u00f3.<\/p>\n\n\n\n<p><strong>TOTAL DE CASOS<\/strong><br>&nbsp;<br>Total de casos distribuidos por localidades:<\/p>\n\n\n\n<p><strong>&gt;&gt; Departamento General Obligado (2.755 casos confirmados):<\/strong><\/p>\n\n\n\n<p>&#8211; 898 casos en Las Toscas<\/p>\n\n\n\n<p>&#8211; 655 casos en Villa Guillermina<\/p>\n\n\n\n<p>&#8211; 399 casos en Reconquista<\/p>\n\n\n\n<p>&#8211; 199 casos en San Antonio de Obligado<\/p>\n\n\n\n<p>&#8211; 196 casos en Villa Ocampo<\/p>\n\n\n\n<p>&#8211; 137 casos en Avellaneda<\/p>\n\n\n\n<p>&#8211; 131 casos en Florencia<\/p>\n\n\n\n<p>&#8211; 35 casos en Tacuarend\u00ed&nbsp;<\/p>\n\n\n\n<p>&#8211; 35 casos en Villa Ana<\/p>\n\n\n\n<p>&#8211; 21 casos en El Rab\u00f3n<\/p>\n\n\n\n<p>&#8211; 9 casos en Lanteri<\/p>\n\n\n\n<p>&#8211; 7 casos en Campo Hardy<\/p>\n\n\n\n<p>&#8211; 5 casos en Arroyo Ceibal<\/p>\n\n\n\n<p>&#8211; 5 casos el Carmen de Avellaneda<\/p>\n\n\n\n<p>&#8211; 4 casos en Ingeniero Chanourdie<\/p>\n\n\n\n<p>&#8211; 4 casos en La Sarita<\/p>\n\n\n\n<p>&#8211; 4 casos en Malabrigo<\/p>\n\n\n\n<p>&#8211; 2 casos en El Araz\u00e1<\/p>\n\n\n\n<p>&#8211; 2 casos en El Sombrerito<\/p>\n\n\n\n<p>&#8211; 2 caso en Las Garzas<\/p>\n\n\n\n<p>&#8211; 2 caso en Paraje San Manuel<\/p>\n\n\n\n<p>&#8211; 1 caso en Guadalupe Norte<\/p>\n\n\n\n<p>&#8211; 1 caso en La Selva<\/p>\n\n\n\n<p>&#8211; 1 caso en Moussy<\/p>\n\n\n\n<p><strong>&gt;&gt; Departamento San Crist\u00f3bal (293 casos confirmados):<\/strong><\/p>\n\n\n\n<p>&#8211; 280 casos en Ceres<\/p>\n\n\n\n<p>&#8211; 8 casos en Hersilia<\/p>\n\n\n\n<p>&#8211; 2 casos en San Crist\u00f3bal<\/p>\n\n\n\n<p>&#8211; 1 caso en Colonia Rosa<\/p>\n\n\n\n<p>&#8211; 1 caso en Huanqueros<\/p>\n\n\n\n<p>&#8211; 1 caso en La Rubia<\/p>\n\n\n\n<p><strong>&gt;&gt; Departamento Rosario (195 casos confirmados):<\/strong><\/p>\n\n\n\n<p>&#8211; 189 casos en Rosario<\/p>\n\n\n\n<p>&#8211; 4 casos en P\u00e9rez<\/p>\n\n\n\n<p>&#8211; 1 caso en Funes<\/p>\n\n\n\n<p>&#8211; 1 caso en Granadero Baigorria<\/p>\n\n\n\n<p><strong>&gt;&gt; Departamento Castellanos (172 casos confirmados):<\/strong><\/p>\n\n\n\n<p>&#8211; 169 casos en Rafaela<\/p>\n\n\n\n<p>&#8211; 2 casos en Sunchales<\/p>\n\n\n\n<p>&#8211; 1 caso en San Antonio<\/p>\n\n\n\n<p><strong>&gt;&gt; Departamento 9 de Julio (96 casos confirmados):<\/strong><\/p>\n\n\n\n<p>&#8211; 86 casos en Villa Minetti<\/p>\n\n\n\n<p>&#8211; 6 casos en Tostado<\/p>\n\n\n\n<p>&#8211; 2 casos en San Bernardo<\/p>\n\n\n\n<p>&#8211; 1 caso en Logro\u00f1o<\/p>\n\n\n\n<p>&#8211; 1 caso en Pozo Borrado<\/p>\n\n\n\n<p><strong>&gt;&gt; Departamento La Capital (55 casos confirmados):<\/strong><\/p>\n\n\n\n<p>&#8211; 46 casos de Santa Fe<\/p>\n\n\n\n<p>&#8211; 3 casos en Recreo<\/p>\n\n\n\n<p>&#8211; 2 casos en San Jos\u00e9 del Rinc\u00f3n<\/p>\n\n\n\n<p>&#8211; 1 caso en Aromos<\/p>\n\n\n\n<p>&#8211; 1 caso en Llambi Campbell<\/p>\n\n\n\n<p>&#8211; 1 caso en Santo Tom\u00e9<\/p>\n\n\n\n<p>&#8211; 1 caso en Sauce Viejo<\/p>\n\n\n\n<p><strong>&gt;&gt; Departamento Vera (12 casos confirmados):<\/strong><\/p>\n\n\n\n<p>&#8211; 3 casos en Vera<\/p>\n\n\n\n<p>&#8211; 2 casos en Intiyaco<\/p>\n\n\n\n<p>&#8211; 2 casos en La Gallareta<\/p>\n\n\n\n<p>&#8211; 2 casos en Margarita<\/p>\n\n\n\n<p>&#8211; 1 caso en Fort\u00edn Olmos<\/p>\n\n\n\n<p>&#8211; 1 caso en Los Amores<\/p>\n\n\n\n<p>&#8211; 1 caso en Tartagal<\/p>\n\n\n\n<p><strong>&gt;&gt; Departamento Caseros:<\/strong><\/p>\n\n\n\n<p>&#8211; 4 casos de Chab\u00e1s<\/p>\n\n\n\n<p>&#8211; 3 casos en Casilda<\/p>\n\n\n\n<p>&gt;&gt; Departamento San Mart\u00edn:<\/p>\n\n\n\n<p>&#8211; 4 casos en El Tr\u00e9bol<\/p>\n\n\n\n<p>&#8211; 2 casos en San Jorge<\/p>\n\n\n\n<p><strong>&gt;&gt; Departamento General L\u00f3pez:<\/strong><\/p>\n\n\n\n<p>&#8211; 2 casos en Hughes<\/p>\n\n\n\n<p>&#8211; 1 caso en Villa Ca\u00f1as<\/p>\n\n\n\n<p><strong>&gt;&gt; Departamento Las Colonias:<\/strong><\/p>\n\n\n\n<p>&#8211; 3 casos en Esperanza<\/p>\n\n\n\n<p><strong>&gt;&gt; Departamento Belgrano:<\/strong><\/p>\n\n\n\n<p>&#8211; 1 caso en Las Parejas<\/p>\n\n\n\n<p>&#8211; 1 caso en Tortugas<\/p>\n\n\n\n<p><strong>&gt;&gt; Departamento Iriondo:<\/strong><\/p>\n\n\n\n<p>&#8211; 1 caso en Ca\u00f1ada de G\u00f3mez<\/p>\n\n\n\n<p>&#8211; 1 caso en Villa Eloisa<\/p>\n\n\n\n<p><strong>&gt;&gt; Departamento San Javier:<\/strong><\/p>\n\n\n\n<p>&#8211; 1 caso en Alejandra<\/p>\n\n\n\n<p>&#8211; 1 caso en San Javier<\/p>\n\n\n\n<p><strong>&gt;&gt; Departamento San Lorenzo:<\/strong><\/p>\n\n\n\n<p>&#8211; 1 caso en Puerto General San Mart\u00edn<\/p>\n\n\n\n<p>&#8211; 1 caso en San Lorenzo<\/p>\n\n\n\n<p><strong>&gt;&gt; Departamento Constituci\u00f3n:<\/strong><\/p>\n\n\n\n<p>&#8211; 1 caso en Villa Constituci\u00f3n.<\/p>\n","protected":false},"excerpt":{"rendered":"<p>Se contabilizan 3.606 casos en todo el territorio santafesino, destacando el mayor foco en el departamento General Obligado. El Ministerio de Salud de la provincia brind\u00f3 detalles este jueves de la situaci\u00f3n actual de casos de dengue que atraviesa el territorio santafesino. Asimismo, se brindaron recomendaciones a la poblaci\u00f3n para evitar la proliferaci\u00f3n de casos. <a href=\"https:\/\/armstrongyregion.com.ar\/diario\/el-ministerio-de-salud-actualizo-la-cantidad-de-casos-de-dengue-en-la-provincia\/\" title=\"Read more\" >&#8230;<\/a><\/p>\n","protected":false},"author":1,"featured_media":37960,"comment_status":"open","ping_status":"open","sticky":false,"template":"","format":"image","meta":{"_jetpack_memberships_contains_paid_content":false,"footnotes":"","jetpack_publicize_message":"","jetpack_publicize_feature_enabled":true,"jetpack_social_post_already_shared":true,"jetpack_social_options":{"image_generator_settings":{"template":"highway","default_image_id":0,"enabled":false},"version":2}},"categories":[6,8,1,2,7,4,3],"tags":[8606,3363,872],"class_list":["post-37959","post","type-post","status-publish","format-image","has-post-thumbnail","hentry","category-cultura-entretenimiento","category-deliberando","category-diario-armstrong","category-locales","category-politica","category-prevencion-salud","category-region","tag-belgrano-2","tag-dengue","tag-departamento","post_format-post-format-image"],"jetpack_publicize_connections":[],"jetpack_featured_media_url":"https:\/\/armstrongyregion.com.ar\/diario\/wp-content\/uploads\/2023\/03\/Dengue-actualizados-.jpg","jetpack_shortlink":"https:\/\/wp.me\/p62QDO-9Sf","jetpack_sharing_enabled":true,"amp_enabled":true,"_links":{"self":[{"href":"https:\/\/armstrongyregion.com.ar\/diario\/wp-json\/wp\/v2\/posts\/37959","targetHints":{"allow":["GET"]}}],"collection":[{"href":"https:\/\/armstrongyregion.com.ar\/diario\/wp-json\/wp\/v2\/posts"}],"about":[{"href":"https:\/\/armstrongyregion.com.ar\/diario\/wp-json\/wp\/v2\/types\/post"}],"author":[{"embeddable":true,"href":"https:\/\/armstrongyregion.com.ar\/diario\/wp-json\/wp\/v2\/users\/1"}],"replies":[{"embeddable":true,"href":"https:\/\/armstrongyregion.com.ar\/diario\/wp-json\/wp\/v2\/comments?post=37959"}],"version-history":[{"count":1,"href":"https:\/\/armstrongyregion.com.ar\/diario\/wp-json\/wp\/v2\/posts\/37959\/revisions"}],"predecessor-version":[{"id":37961,"href":"https:\/\/armstrongyregion.com.ar\/diario\/wp-json\/wp\/v2\/posts\/37959\/revisions\/37961"}],"wp:featuredmedia":[{"embeddable":true,"href":"https:\/\/armstrongyregion.com.ar\/diario\/wp-json\/wp\/v2\/media\/37960"}],"wp:attachment":[{"href":"https:\/\/armstrongyregion.com.ar\/diario\/wp-json\/wp\/v2\/media?parent=37959"}],"wp:term":[{"taxonomy":"category","embeddable":true,"href":"https:\/\/armstrongyregion.com.ar\/diario\/wp-json\/wp\/v2\/categories?post=37959"},{"taxonomy":"post_tag","embeddable":true,"href":"https:\/\/armstrongyregion.com.ar\/diario\/wp-json\/wp\/v2\/tags?post=37959"}],"curies":[{"name":"wp","href":"https:\/\/api.w.org\/{rel}","templated":true}]}}