{"id":37941,"date":"2023-03-22T19:03:17","date_gmt":"2023-03-22T19:03:17","guid":{"rendered":"https:\/\/armstrongyregion.com.ar\/diario\/?p=37941"},"modified":"2023-03-22T19:03:20","modified_gmt":"2023-03-22T19:03:20","slug":"canada-de-gomez-municipio-dio-inicio-a-proyecto-sociocomunitario-entretejiendo-lazos","status":"publish","type":"post","link":"https:\/\/armstrongyregion.com.ar\/diario\/canada-de-gomez-municipio-dio-inicio-a-proyecto-sociocomunitario-entretejiendo-lazos\/","title":{"rendered":"Ca\u00f1ada de G\u00f3mez. Municipio dio inicio a proyecto sociocomunitario \u00abEntretejiendo Lazos\u00bb."},"content":{"rendered":"\n<figure class=\"wp-block-image size-full\"><a href=\"http:\/\/armstrongyregion.com.ar\/diario\/wp-content\/uploads\/2023\/03\/entretejiendo-lazos-.jpg\"><img loading=\"lazy\" decoding=\"async\" width=\"400\" height=\"269\" src=\"http:\/\/armstrongyregion.com.ar\/diario\/wp-content\/uploads\/2023\/03\/entretejiendo-lazos-.jpg\" alt=\"\" class=\"wp-image-37942\" srcset=\"https:\/\/armstrongyregion.com.ar\/diario\/wp-content\/uploads\/2023\/03\/entretejiendo-lazos-.jpg 400w, https:\/\/armstrongyregion.com.ar\/diario\/wp-content\/uploads\/2023\/03\/entretejiendo-lazos--300x202.jpg 300w\" sizes=\"auto, (max-width: 400px) 100vw, 400px\" \/><\/a><\/figure>\n\n\n\n<p>El pasado lunes, con la presencia de la intendenta Stella Cl\u00e9rici y el equipo de la Direcci\u00f3n de Promoci\u00f3n Comunitaria, comenz\u00f3 un nuevo ciclo de \u201cEntretejiendo Lazos\u201d, con actividades recreativas, l\u00fadicas y deportivas.<\/p>\n\n\n\n<p>La iniciativa est\u00e1 dirigida a ni\u00f1os y ni\u00f1as de 6 a 12 a\u00f1os y se lleva adelante los d\u00edas lunes y mi\u00e9rcoles de 18 a 20 hs. en el Centro Integrador Comunitario. \u201cMuy contentos de dar inicio una vez m\u00e1s a este hermoso proyecto sociocomunitario donde chicos y chicas se divierten, aprenden y hacen nuevos amigos\u201d, expres\u00f3 Cl\u00e9rici.&nbsp;<\/p>\n","protected":false},"excerpt":{"rendered":"<p>El pasado lunes, con la presencia de la intendenta Stella Cl\u00e9rici y el equipo de la Direcci\u00f3n de Promoci\u00f3n Comunitaria, comenz\u00f3 un nuevo ciclo de \u201cEntretejiendo Lazos\u201d, con actividades recreativas, l\u00fadicas y deportivas. La iniciativa est\u00e1 dirigida a ni\u00f1os y ni\u00f1as de 6 a 12 a\u00f1os y se lleva adelante los d\u00edas lunes y mi\u00e9rcoles <a href=\"https:\/\/armstrongyregion.com.ar\/diario\/canada-de-gomez-municipio-dio-inicio-a-proyecto-sociocomunitario-entretejiendo-lazos\/\" title=\"Read more\" >&#8230;<\/a><\/p>\n","protected":false},"author":1,"featured_media":37942,"comment_status":"open","ping_status":"open","sticky":false,"template":"","format":"image","meta":{"_jetpack_memberships_contains_paid_content":false,"footnotes":"","jetpack_publicize_message":"","jetpack_publicize_feature_enabled":true,"jetpack_social_post_already_shared":true,"jetpack_social_options":{"image_generator_settings":{"template":"highway","default_image_id":0,"enabled":false},"version":2}},"categories":[6,8,1,7,3],"tags":[9113,9114],"class_list":["post-37941","post","type-post","status-publish","format-image","has-post-thumbnail","hentry","category-cultura-entretenimiento","category-deliberando","category-diario-armstrong","category-politica","category-region","tag-entretejiendo","tag-lazos","post_format-post-format-image"],"jetpack_publicize_connections":[],"jetpack_featured_media_url":"https:\/\/armstrongyregion.com.ar\/diario\/wp-content\/uploads\/2023\/03\/entretejiendo-lazos-.jpg","jetpack_shortlink":"https:\/\/wp.me\/p62QDO-9RX","jetpack_sharing_enabled":true,"amp_enabled":true,"_links":{"self":[{"href":"https:\/\/armstrongyregion.com.ar\/diario\/wp-json\/wp\/v2\/posts\/37941","targetHints":{"allow":["GET"]}}],"collection":[{"href":"https:\/\/armstrongyregion.com.ar\/diario\/wp-json\/wp\/v2\/posts"}],"about":[{"href":"https:\/\/armstrongyregion.com.ar\/diario\/wp-json\/wp\/v2\/types\/post"}],"author":[{"embeddable":true,"href":"https:\/\/armstrongyregion.com.ar\/diario\/wp-json\/wp\/v2\/users\/1"}],"replies":[{"embeddable":true,"href":"https:\/\/armstrongyregion.com.ar\/diario\/wp-json\/wp\/v2\/comments?post=37941"}],"version-history":[{"count":1,"href":"https:\/\/armstrongyregion.com.ar\/diario\/wp-json\/wp\/v2\/posts\/37941\/revisions"}],"predecessor-version":[{"id":37943,"href":"https:\/\/armstrongyregion.com.ar\/diario\/wp-json\/wp\/v2\/posts\/37941\/revisions\/37943"}],"wp:featuredmedia":[{"embeddable":true,"href":"https:\/\/armstrongyregion.com.ar\/diario\/wp-json\/wp\/v2\/media\/37942"}],"wp:attachment":[{"href":"https:\/\/armstrongyregion.com.ar\/diario\/wp-json\/wp\/v2\/media?parent=37941"}],"wp:term":[{"taxonomy":"category","embeddable":true,"href":"https:\/\/armstrongyregion.com.ar\/diario\/wp-json\/wp\/v2\/categories?post=37941"},{"taxonomy":"post_tag","embeddable":true,"href":"https:\/\/armstrongyregion.com.ar\/diario\/wp-json\/wp\/v2\/tags?post=37941"}],"curies":[{"name":"wp","href":"https:\/\/api.w.org\/{rel}","templated":true}]}}