{"id":37914,"date":"2023-03-20T20:24:04","date_gmt":"2023-03-20T20:24:04","guid":{"rendered":"https:\/\/armstrongyregion.com.ar\/diario\/?p=37914"},"modified":"2023-03-20T20:24:06","modified_gmt":"2023-03-20T20:24:06","slug":"clara-garcia-encabezo-un-almuerzo-con-mas-de-mil-dirigentes-de-organizaciones-sociales","status":"publish","type":"post","link":"https:\/\/armstrongyregion.com.ar\/diario\/clara-garcia-encabezo-un-almuerzo-con-mas-de-mil-dirigentes-de-organizaciones-sociales\/","title":{"rendered":"Clara Garc\u00eda encabez\u00f3 un almuerzo con m\u00e1s de mil dirigentes de organizaciones sociales."},"content":{"rendered":"\n<figure class=\"wp-block-image size-full\"><a href=\"http:\/\/armstrongyregion.com.ar\/diario\/wp-content\/uploads\/2023\/03\/clara-garcia-20-3-23-.jpg\"><img loading=\"lazy\" decoding=\"async\" width=\"338\" height=\"225\" src=\"http:\/\/armstrongyregion.com.ar\/diario\/wp-content\/uploads\/2023\/03\/clara-garcia-20-3-23-.jpg\" alt=\"\" class=\"wp-image-37915\" srcset=\"https:\/\/armstrongyregion.com.ar\/diario\/wp-content\/uploads\/2023\/03\/clara-garcia-20-3-23-.jpg 338w, https:\/\/armstrongyregion.com.ar\/diario\/wp-content\/uploads\/2023\/03\/clara-garcia-20-3-23--300x200.jpg 300w\" sizes=\"auto, (max-width: 338px) 100vw, 338px\" \/><\/a><\/figure>\n\n\n\n<h2 class=\"wp-block-heading\"><em>La dirigente socialista convoc\u00f3 a recuperar \u201cla fuerza, los valores y la potencia\u201d que ten\u00eda la provincia durante las gestiones del Frente Progresista. \u201cCuando fuimos gobierno demostramos cu\u00e1nto se puede potenciar la tarea de las organizaciones trabajando juntos\u201d, afirm\u00f3.<\/em><\/h2>\n\n\n\n<p>La diputada provincial por el Partido Socialista Clara Garc\u00eda fue la invitada especial de un almuerzo del que participaron m\u00e1s de 100 organizaciones e instituciones representadas por referentes sociales, barriales, vecinas y vecinos de la ciudad de Rosario. \u201cEs emocionante, en un momento tan dif\u00edcil como \u00e9ste, que tantas organizaciones digan \u00abpresente\u00bb\u201d, celebr\u00f3 la legisladora, ante m\u00e1s de mil personas que acudieron al Club Atl\u00e9tico Godoy, en Rosario. \u201cHay representantes de comedores comunitarios, copas de leche, asambleas populares, bibliotecas, vecinales, clubes de jubilados, militantes, religiosos con fuerte presencia territorial; son las instituciones que siempre salen primero en defensa de sus comunidades\u201d, reconoci\u00f3.<br><br>\u201cEn estos tres a\u00f1os, con un gobierno ausente e insensible \u2013dijo en referencia a la gesti\u00f3n de Omar Perotti-, no solo se abandonaron los programas sociales, no solo les quitaron las herramientas y recursos a las organizaciones, sino tambi\u00e9n les negaron la escucha, la atenci\u00f3n y sobre todo, la presencia\u201d, critic\u00f3.<br><br>En contraposici\u00f3n, reivindic\u00f3 las administraciones del Frente Progresista: \u201cDemostramos c\u00f3mo desde el gobierno provincial se puede trabajar junto a las organizaciones con otra escala, dise\u00f1ar pol\u00edticas sociales innovadoras, hacer obras p\u00fablicas que igualen oportunidades. \u00a0Necesitamos recuperar aquella fuerza, aquellos valores, aquella potencia. No era la vieja pol\u00edtica de la d\u00e1diva \u2013diferenci\u00f3 la legisladora-, sino la pol\u00edtica confiando en las organizaciones. Con un Estado y sus funcionarios y funcionarias escuchando en el territorio, con programas para capacitaci\u00f3n, con desarrollo de nuevas habilidades organizativas, con desaf\u00edos de llevar adelante empresas sociales. Estamos para cambiar la realidad juntos\u201d, asegur\u00f3.<br><br>En ese marco record\u00f3 a Hermes Binner, quien \u201crecorr\u00eda cada barrio, pero no para la foto ni para prometer cosas imposibles, sino con la convicci\u00f3n de que esa era la v\u00eda de transformaci\u00f3n, que las pol\u00edticas p\u00fablicas se constru\u00edan de esa manera\u201d.\u00a0<br><br>Tambi\u00e9n a Miguel Lifschitz, cuando dec\u00eda que \u201cen Rosario late el coraz\u00f3n de la justicia social y la igualdad. All\u00ed hab\u00eda un ida y vuelta entre el Estado y las bases, con una escucha activa. Aprendiendo de ustedes \u2013continu\u00f3- se crearon programas sociales que permitieron insertarnos en los barrios, que le compet\u00edan a la violencia\u201d.\u00a0<br><br>En tal sentido, Garc\u00eda mencion\u00f3 el Plan Abre \u201cque entraba a cada barrio vulnerable con obras y acciones sociales para las familias; luego el Abre Vida, que acerc\u00f3 al Estado a quienes ten\u00edan consumos problem\u00e1ticos y a las familias que no sab\u00edan c\u00f3mo enfrentar la situaci\u00f3n; el Nueva Oportunidad, para los j\u00f3venes vulnerables que hoy fueron abandonados, que son v\u00edctimas y victimarios frente a un Estado que les da la espalda. Tambi\u00e9n abandonaron la posibilidad de combatir la violencia contra las mujeres y los programas que les permit\u00edan para los j\u00f3venes como el Vuelvo a estudiar\u201d.\u00a0<br><br>En la oportunidad, estuvieron presentes en el encuentro los diputados nacionales M\u00f3nica Fein y Enrique Est\u00e9vez, los diputados provinciales Lionella Cattalini y Joaqu\u00edn Blanco, las concejalas Ver\u00f3nica Ir\u00edzar, M\u00f3nica Ferrero y Susana Rueda, entre otros referentes.<br>\u00a0<\/p>\n","protected":false},"excerpt":{"rendered":"<p>La dirigente socialista convoc\u00f3 a recuperar \u201cla fuerza, los valores y la potencia\u201d que ten\u00eda la provincia durante las gestiones del Frente Progresista. \u201cCuando fuimos gobierno demostramos cu\u00e1nto se puede potenciar la tarea de las organizaciones trabajando juntos\u201d, afirm\u00f3. La diputada provincial por el Partido Socialista Clara Garc\u00eda fue la invitada especial de un almuerzo <a href=\"https:\/\/armstrongyregion.com.ar\/diario\/clara-garcia-encabezo-un-almuerzo-con-mas-de-mil-dirigentes-de-organizaciones-sociales\/\" title=\"Read more\" >&#8230;<\/a><\/p>\n","protected":false},"author":1,"featured_media":37915,"comment_status":"open","ping_status":"open","sticky":false,"template":"","format":"image","meta":{"_jetpack_memberships_contains_paid_content":false,"footnotes":"","jetpack_publicize_message":"","jetpack_publicize_feature_enabled":true,"jetpack_social_post_already_shared":true,"jetpack_social_options":{"image_generator_settings":{"template":"highway","default_image_id":0,"enabled":false},"version":2}},"categories":[6,8,1,2,7,3],"tags":[9103,8615,1810,8616],"class_list":["post-37914","post","type-post","status-publish","format-image","has-post-thumbnail","hentry","category-cultura-entretenimiento","category-deliberando","category-diario-armstrong","category-locales","category-politica","category-region","tag-almuerzo","tag-clara","tag-encabezo","tag-garcia-2","post_format-post-format-image"],"jetpack_publicize_connections":[],"jetpack_featured_media_url":"https:\/\/armstrongyregion.com.ar\/diario\/wp-content\/uploads\/2023\/03\/clara-garcia-20-3-23-.jpg","jetpack_shortlink":"https:\/\/wp.me\/p62QDO-9Rw","jetpack_sharing_enabled":true,"amp_enabled":true,"_links":{"self":[{"href":"https:\/\/armstrongyregion.com.ar\/diario\/wp-json\/wp\/v2\/posts\/37914","targetHints":{"allow":["GET"]}}],"collection":[{"href":"https:\/\/armstrongyregion.com.ar\/diario\/wp-json\/wp\/v2\/posts"}],"about":[{"href":"https:\/\/armstrongyregion.com.ar\/diario\/wp-json\/wp\/v2\/types\/post"}],"author":[{"embeddable":true,"href":"https:\/\/armstrongyregion.com.ar\/diario\/wp-json\/wp\/v2\/users\/1"}],"replies":[{"embeddable":true,"href":"https:\/\/armstrongyregion.com.ar\/diario\/wp-json\/wp\/v2\/comments?post=37914"}],"version-history":[{"count":1,"href":"https:\/\/armstrongyregion.com.ar\/diario\/wp-json\/wp\/v2\/posts\/37914\/revisions"}],"predecessor-version":[{"id":37916,"href":"https:\/\/armstrongyregion.com.ar\/diario\/wp-json\/wp\/v2\/posts\/37914\/revisions\/37916"}],"wp:featuredmedia":[{"embeddable":true,"href":"https:\/\/armstrongyregion.com.ar\/diario\/wp-json\/wp\/v2\/media\/37915"}],"wp:attachment":[{"href":"https:\/\/armstrongyregion.com.ar\/diario\/wp-json\/wp\/v2\/media?parent=37914"}],"wp:term":[{"taxonomy":"category","embeddable":true,"href":"https:\/\/armstrongyregion.com.ar\/diario\/wp-json\/wp\/v2\/categories?post=37914"},{"taxonomy":"post_tag","embeddable":true,"href":"https:\/\/armstrongyregion.com.ar\/diario\/wp-json\/wp\/v2\/tags?post=37914"}],"curies":[{"name":"wp","href":"https:\/\/api.w.org\/{rel}","templated":true}]}}