{"id":37906,"date":"2023-03-20T00:19:11","date_gmt":"2023-03-20T00:19:11","guid":{"rendered":"https:\/\/armstrongyregion.com.ar\/diario\/?p=37906"},"modified":"2023-03-20T00:19:13","modified_gmt":"2023-03-20T00:19:13","slug":"perotti-se-reunio-en-rosario-con-autoridades-y-representantes-del-sector-agropecuario","status":"publish","type":"post","link":"https:\/\/armstrongyregion.com.ar\/diario\/perotti-se-reunio-en-rosario-con-autoridades-y-representantes-del-sector-agropecuario\/","title":{"rendered":"Perotti se reuni\u00f3 en Rosario con autoridades y representantes del sector agropecuario."},"content":{"rendered":"\n<figure class=\"wp-block-image size-full\"><a href=\"http:\/\/armstrongyregion.com.ar\/diario\/wp-content\/uploads\/2023\/03\/perotti-19-3-23.jpg\"><img loading=\"lazy\" decoding=\"async\" width=\"580\" height=\"306\" src=\"http:\/\/armstrongyregion.com.ar\/diario\/wp-content\/uploads\/2023\/03\/perotti-19-3-23.jpg\" alt=\"\" class=\"wp-image-37907\" srcset=\"https:\/\/armstrongyregion.com.ar\/diario\/wp-content\/uploads\/2023\/03\/perotti-19-3-23.jpg 580w, https:\/\/armstrongyregion.com.ar\/diario\/wp-content\/uploads\/2023\/03\/perotti-19-3-23-300x158.jpg 300w\" sizes=\"auto, (max-width: 580px) 100vw, 580px\" \/><\/a><\/figure>\n\n\n\n<h2 class=\"wp-block-heading\">El encuentro se centr\u00f3 en la problem\u00e1tica de la sequ\u00eda, que afecta a gran parte del territorio santafesino generando p\u00e9rdidas significativas en la producci\u00f3n.<\/h2>\n\n\n\n<p>El gobernador Omar Perotti, y el ministro de Producci\u00f3n, Ciencia y Tecnolog\u00eda, Daniel Costamagna, se reunieron este viernes en Rosario, con directivos de Sociedad Rural Argentina (SRA) y de la Bolsa de Comercio de Rosario (BCR), para analizar la situaci\u00f3n actual del sector agropecuario en la regi\u00f3n. El encuentro se centr\u00f3 en la problem\u00e1tica de la sequ\u00eda, que afecta a gran parte del territorio santafesino.<\/p>\n\n\n\n<p>En ese marco, Perotti cont\u00f3 las acciones realizadas en apoyo al sector, y destac\u00f3 la importancia de trabajar en conjunto para encontrar soluciones y apoyar a los agricultores afectados.<\/p>\n\n\n\n<p>\u00abHay un trabajo cotidiano con la provincia, hoy los n\u00fameros no son buenos, pero son la realidad, y un problema empieza a resolverse cuando lo ponemos sobre la mesa\u00bb, dijo Perotti quien adem\u00e1s agreg\u00f3: \u00abNo solamente vemos como est\u00e1 afectado el sector y los recursos que van a falta, sino tambi\u00e9n se ha frenado el crecimiento en la producci\u00f3n\u00bb.<\/p>\n\n\n\n<p>El gobernador coincidi\u00f3 con los ruralistas en \u00abla obsolescencia\u00bb de la Ley de Emergencia, y dijo que la provincia \u00abasumi\u00f3 el compromiso\u00bb de modificarla para \u00abdar una se\u00f1al al sector\u00bb.<\/p>\n\n\n\n<p>\u00abEsta es una provincia con un perfil agroindustrial que es un sustento fundamental en la estructura econ\u00f3mica santafesina y argentina\u00bb, se\u00f1al\u00f3 el mandatario provincial y subray\u00f3 adem\u00e1s que \u201clas discusiones impositivas y la actualizaci\u00f3n de la Ley de Emergencia son elementos que debemos trabajar; es necesario comprender la magnitud de lo que el sector significa\u201d.<\/p>\n\n\n\n<p>Finalmente, Perotti destac\u00f3 la importancia de seguir avanzando en el \u00abdesarrollo en biotecnolog\u00eda, porque estamos hablando de un todo un sector que tiene aspiraciones de acompa\u00f1ar estos avances en tecnolog\u00eda y en materia de maquinarias agr\u00edcolas\u00bb. El gobernador cerr\u00f3 sus expresiones indicando con firmeza: \u00abTenemos un compromiso con el sector, y queremos recuperar producci\u00f3n y que no perdamos productores en el camino\u00bb.<\/p>\n\n\n\n<p>Del encuentro, llevado a cabo en la BCR, participaron, el presidente de la SRA, Nicol\u00e1s Pino; y el presidente de la BCR, Miguel Simioni; entre otras autoridades.<\/p>\n","protected":false},"excerpt":{"rendered":"<p>El encuentro se centr\u00f3 en la problem\u00e1tica de la sequ\u00eda, que afecta a gran parte del territorio santafesino generando p\u00e9rdidas significativas en la producci\u00f3n. El gobernador Omar Perotti, y el ministro de Producci\u00f3n, Ciencia y Tecnolog\u00eda, Daniel Costamagna, se reunieron este viernes en Rosario, con directivos de Sociedad Rural Argentina (SRA) y de la Bolsa <a href=\"https:\/\/armstrongyregion.com.ar\/diario\/perotti-se-reunio-en-rosario-con-autoridades-y-representantes-del-sector-agropecuario\/\" title=\"Read more\" >&#8230;<\/a><\/p>\n","protected":false},"author":1,"featured_media":37907,"comment_status":"open","ping_status":"open","sticky":false,"template":"","format":"image","meta":{"_jetpack_memberships_contains_paid_content":false,"footnotes":"","jetpack_publicize_message":"","jetpack_publicize_feature_enabled":true,"jetpack_social_post_already_shared":true,"jetpack_social_options":{"image_generator_settings":{"template":"highway","default_image_id":0,"enabled":false},"version":2}},"categories":[6,8,1,2,7,3],"tags":[15,1409,343,8588,86],"class_list":["post-37906","post","type-post","status-publish","format-image","has-post-thumbnail","hentry","category-cultura-entretenimiento","category-deliberando","category-diario-armstrong","category-locales","category-politica","category-region","tag-en","tag-perotti","tag-reunio","tag-rosario-2","tag-se","post_format-post-format-image"],"jetpack_publicize_connections":[],"jetpack_featured_media_url":"https:\/\/armstrongyregion.com.ar\/diario\/wp-content\/uploads\/2023\/03\/perotti-19-3-23.jpg","jetpack_shortlink":"https:\/\/wp.me\/p62QDO-9Ro","jetpack_sharing_enabled":true,"amp_enabled":true,"_links":{"self":[{"href":"https:\/\/armstrongyregion.com.ar\/diario\/wp-json\/wp\/v2\/posts\/37906","targetHints":{"allow":["GET"]}}],"collection":[{"href":"https:\/\/armstrongyregion.com.ar\/diario\/wp-json\/wp\/v2\/posts"}],"about":[{"href":"https:\/\/armstrongyregion.com.ar\/diario\/wp-json\/wp\/v2\/types\/post"}],"author":[{"embeddable":true,"href":"https:\/\/armstrongyregion.com.ar\/diario\/wp-json\/wp\/v2\/users\/1"}],"replies":[{"embeddable":true,"href":"https:\/\/armstrongyregion.com.ar\/diario\/wp-json\/wp\/v2\/comments?post=37906"}],"version-history":[{"count":2,"href":"https:\/\/armstrongyregion.com.ar\/diario\/wp-json\/wp\/v2\/posts\/37906\/revisions"}],"predecessor-version":[{"id":37909,"href":"https:\/\/armstrongyregion.com.ar\/diario\/wp-json\/wp\/v2\/posts\/37906\/revisions\/37909"}],"wp:featuredmedia":[{"embeddable":true,"href":"https:\/\/armstrongyregion.com.ar\/diario\/wp-json\/wp\/v2\/media\/37907"}],"wp:attachment":[{"href":"https:\/\/armstrongyregion.com.ar\/diario\/wp-json\/wp\/v2\/media?parent=37906"}],"wp:term":[{"taxonomy":"category","embeddable":true,"href":"https:\/\/armstrongyregion.com.ar\/diario\/wp-json\/wp\/v2\/categories?post=37906"},{"taxonomy":"post_tag","embeddable":true,"href":"https:\/\/armstrongyregion.com.ar\/diario\/wp-json\/wp\/v2\/tags?post=37906"}],"curies":[{"name":"wp","href":"https:\/\/api.w.org\/{rel}","templated":true}]}}