{"id":37894,"date":"2023-03-17T00:19:53","date_gmt":"2023-03-17T00:19:53","guid":{"rendered":"https:\/\/armstrongyregion.com.ar\/diario\/?p=37894"},"modified":"2023-03-17T00:19:55","modified_gmt":"2023-03-17T00:19:55","slug":"senador-cornaglia-buscamos-que-el-codigo-procesal-penal-este-del-lado-de-las-victimas","status":"publish","type":"post","link":"https:\/\/armstrongyregion.com.ar\/diario\/senador-cornaglia-buscamos-que-el-codigo-procesal-penal-este-del-lado-de-las-victimas\/","title":{"rendered":"\u00a0Senador Cornaglia: \u201cBuscamos que el C\u00f3digo Procesal Penal est\u00e9 del lado de las v\u00edctimas\u201d."},"content":{"rendered":"\n<figure class=\"wp-block-image size-full\"><a href=\"http:\/\/armstrongyregion.com.ar\/diario\/wp-content\/uploads\/2023\/03\/GC-2023-03-16-Cornaglia-sobre-modificacion-Cod-Penal.jpg\"><img loading=\"lazy\" decoding=\"async\" width=\"480\" height=\"270\" src=\"http:\/\/armstrongyregion.com.ar\/diario\/wp-content\/uploads\/2023\/03\/GC-2023-03-16-Cornaglia-sobre-modificacion-Cod-Penal.jpg\" alt=\"\" class=\"wp-image-37895\" srcset=\"https:\/\/armstrongyregion.com.ar\/diario\/wp-content\/uploads\/2023\/03\/GC-2023-03-16-Cornaglia-sobre-modificacion-Cod-Penal.jpg 480w, https:\/\/armstrongyregion.com.ar\/diario\/wp-content\/uploads\/2023\/03\/GC-2023-03-16-Cornaglia-sobre-modificacion-Cod-Penal-300x169.jpg 300w\" sizes=\"auto, (max-width: 480px) 100vw, 480px\" \/><\/a><\/figure>\n\n\n\n<h2 class=\"wp-block-heading\"><strong>El proyecto tratado en la Legislatura endurece el sistema de prisi\u00f3n preventiva.<\/strong><\/h2>\n\n\n\n<p>El senador provincial Guillermo Cornaglia se refiri\u00f3 al proyecto de modificaci\u00f3n de tres art\u00edculos del C\u00f3digo Procesal Penal que obtuvo media sanci\u00f3n en la C\u00e1mara Alta santafesina.<\/p>\n\n\n\n<p>\u201cUna de los cambios que se propone es que aquella persona que delinque con portaci\u00f3n de arma no pueda gozar de la libertad condicional\u201d, explic\u00f3 Cornaglia, y agreg\u00f3: \u201cBuscamos corregir el C\u00f3digo Procesal Penal para que nuestros jueces y fiscales puedan estar del lado de las v\u00edctimas y no de quienes delinquen\u201d.<\/p>\n\n\n\n<p>Estas declaraciones fueron realizadas por el senador Cornaglia a medios locales durante el encuentro que mantuvo en Armstrong con productores rurales por los hechos de inseguridad que los afecta.<\/p>\n","protected":false},"excerpt":{"rendered":"<p>El proyecto tratado en la Legislatura endurece el sistema de prisi\u00f3n preventiva. El senador provincial Guillermo Cornaglia se refiri\u00f3 al proyecto de modificaci\u00f3n de tres art\u00edculos del C\u00f3digo Procesal Penal que obtuvo media sanci\u00f3n en la C\u00e1mara Alta santafesina. \u201cUna de los cambios que se propone es que aquella persona que delinque con portaci\u00f3n de <a href=\"https:\/\/armstrongyregion.com.ar\/diario\/senador-cornaglia-buscamos-que-el-codigo-procesal-penal-este-del-lado-de-las-victimas\/\" title=\"Read more\" >&#8230;<\/a><\/p>\n","protected":false},"author":1,"featured_media":37895,"comment_status":"open","ping_status":"open","sticky":false,"template":"","format":"image","meta":{"_jetpack_memberships_contains_paid_content":false,"footnotes":"","jetpack_publicize_message":"","jetpack_publicize_feature_enabled":true,"jetpack_social_post_already_shared":true,"jetpack_social_options":{"image_generator_settings":{"template":"highway","default_image_id":0,"enabled":false},"version":2}},"categories":[6,8,1,2,7,3],"tags":[9097,791,1324,19,53,16,9099,1494,23,2600,9098,108,238,9100],"class_list":["post-37894","post","type-post","status-publish","format-image","has-post-thumbnail","hentry","category-cultura-entretenimiento","category-deliberando","category-diario-armstrong","category-locales","category-politica","category-region","tag-buscamos","tag-codigo","tag-cornaglia","tag-de","tag-del","tag-el","tag-este-2","tag-lado","tag-las","tag-penal","tag-procesal","tag-que","tag-senador","tag-victimas-2","post_format-post-format-image"],"jetpack_publicize_connections":[],"jetpack_featured_media_url":"https:\/\/armstrongyregion.com.ar\/diario\/wp-content\/uploads\/2023\/03\/GC-2023-03-16-Cornaglia-sobre-modificacion-Cod-Penal.jpg","jetpack_shortlink":"https:\/\/wp.me\/p62QDO-9Rc","jetpack_sharing_enabled":true,"amp_enabled":true,"_links":{"self":[{"href":"https:\/\/armstrongyregion.com.ar\/diario\/wp-json\/wp\/v2\/posts\/37894","targetHints":{"allow":["GET"]}}],"collection":[{"href":"https:\/\/armstrongyregion.com.ar\/diario\/wp-json\/wp\/v2\/posts"}],"about":[{"href":"https:\/\/armstrongyregion.com.ar\/diario\/wp-json\/wp\/v2\/types\/post"}],"author":[{"embeddable":true,"href":"https:\/\/armstrongyregion.com.ar\/diario\/wp-json\/wp\/v2\/users\/1"}],"replies":[{"embeddable":true,"href":"https:\/\/armstrongyregion.com.ar\/diario\/wp-json\/wp\/v2\/comments?post=37894"}],"version-history":[{"count":1,"href":"https:\/\/armstrongyregion.com.ar\/diario\/wp-json\/wp\/v2\/posts\/37894\/revisions"}],"predecessor-version":[{"id":37896,"href":"https:\/\/armstrongyregion.com.ar\/diario\/wp-json\/wp\/v2\/posts\/37894\/revisions\/37896"}],"wp:featuredmedia":[{"embeddable":true,"href":"https:\/\/armstrongyregion.com.ar\/diario\/wp-json\/wp\/v2\/media\/37895"}],"wp:attachment":[{"href":"https:\/\/armstrongyregion.com.ar\/diario\/wp-json\/wp\/v2\/media?parent=37894"}],"wp:term":[{"taxonomy":"category","embeddable":true,"href":"https:\/\/armstrongyregion.com.ar\/diario\/wp-json\/wp\/v2\/categories?post=37894"},{"taxonomy":"post_tag","embeddable":true,"href":"https:\/\/armstrongyregion.com.ar\/diario\/wp-json\/wp\/v2\/tags?post=37894"}],"curies":[{"name":"wp","href":"https:\/\/api.w.org\/{rel}","templated":true}]}}