{"id":37888,"date":"2023-03-17T00:13:14","date_gmt":"2023-03-17T00:13:14","guid":{"rendered":"https:\/\/armstrongyregion.com.ar\/diario\/?p=37888"},"modified":"2023-03-17T00:13:17","modified_gmt":"2023-03-17T00:13:17","slug":"santa-fe-debe-fortalecer-la-justicia-para-hacer-frente-a-los-delincuentes-y-proteger-a-los-ciudadanos-de-bien","status":"publish","type":"post","link":"https:\/\/armstrongyregion.com.ar\/diario\/santa-fe-debe-fortalecer-la-justicia-para-hacer-frente-a-los-delincuentes-y-proteger-a-los-ciudadanos-de-bien\/","title":{"rendered":"Santa Fe debe fortalecer la justicia, para hacer frente a los delincuentes y proteger a los ciudadanos de bien."},"content":{"rendered":"\n<figure class=\"wp-block-image size-full\"><a href=\"http:\/\/armstrongyregion.com.ar\/diario\/wp-content\/uploads\/2023\/03\/Luzzi-Pertu-.jpg\"><img loading=\"lazy\" decoding=\"async\" width=\"576\" height=\"410\" src=\"http:\/\/armstrongyregion.com.ar\/diario\/wp-content\/uploads\/2023\/03\/Luzzi-Pertu-.jpg\" alt=\"\" class=\"wp-image-37889\" srcset=\"https:\/\/armstrongyregion.com.ar\/diario\/wp-content\/uploads\/2023\/03\/Luzzi-Pertu-.jpg 576w, https:\/\/armstrongyregion.com.ar\/diario\/wp-content\/uploads\/2023\/03\/Luzzi-Pertu--300x214.jpg 300w\" sizes=\"auto, (max-width: 576px) 100vw, 576px\" \/><\/a><\/figure>\n\n\n\n<p><strong>El concejal Prof. Alejandro Pertusati expresaba; \u00abEl d\u00eda martes junto a Guillermo Luzzi adherimos al Proyecto de Ley impulsado por Diputados Santafesinos para el FORTALECIMIENTO DE LA JUSTICIA FEDERAL\u00bb.<\/strong><\/p>\n\n\n\n<p>Lamentablemente se corre de atr\u00e1s al problema, se deber\u00eda tener un plan pol\u00edtico de acci\u00f3n, mejorando los recursos y ejecutando las partidas presupuestarias para ayudar a pacificar la Provincia de Santa Fe y trabajar <a><\/a>de una vez por todas en la prevenci\u00f3n.<\/p>\n\n\n\n<p>Este proyecto se present\u00f3 en la C\u00e1mara de Diputados de la Naci\u00f3n en MAYO DE 2022, consensuado entre diferentes fuerzas pol\u00edticas, pero se esper\u00f3 hasta el ataque al supermercado de la familia Rocuzzo en Rosario para tratarlo en comisi\u00f3n.<\/p>\n\n\n\n<p>El Proyecto de Ley apunta, entre otras cosas, a crear 13 Fiscal\u00edas Federales, 4 Defensor\u00edas y 6 Juzgados Federales, para avanzar m\u00e1s r\u00e1pido con las causas penales.<\/p>\n\n\n\n<p>Nos preocupa la situaci\u00f3n de inseguridad que se est\u00e1 viviendo y consideramos que vivimos en una zona de influencia directa con la ciudad de Rosario. Debemos dar estos debates en el Concejo Municipal. Para que el gobierno nacional y provincial act\u00faen en representaci\u00f3n de los ciudadanos que queremos vivir tranquilos.<\/p>\n","protected":false},"excerpt":{"rendered":"<p>El concejal Prof. Alejandro Pertusati expresaba; \u00abEl d\u00eda martes junto a Guillermo Luzzi adherimos al Proyecto de Ley impulsado por Diputados Santafesinos para el FORTALECIMIENTO DE LA JUSTICIA FEDERAL\u00bb. Lamentablemente se corre de atr\u00e1s al problema, se deber\u00eda tener un plan pol\u00edtico de acci\u00f3n, mejorando los recursos y ejecutando las partidas presupuestarias para ayudar a <a href=\"https:\/\/armstrongyregion.com.ar\/diario\/santa-fe-debe-fortalecer-la-justicia-para-hacer-frente-a-los-delincuentes-y-proteger-a-los-ciudadanos-de-bien\/\" title=\"Read more\" >&#8230;<\/a><\/p>\n","protected":false},"author":1,"featured_media":37889,"comment_status":"open","ping_status":"open","sticky":false,"template":"","format":"image","meta":{"_jetpack_memberships_contains_paid_content":false,"footnotes":"","jetpack_publicize_message":"","jetpack_publicize_feature_enabled":true,"jetpack_social_post_already_shared":true,"jetpack_social_options":{"image_generator_settings":{"template":"highway","default_image_id":0,"enabled":false},"version":2}},"categories":[8,1,2,7,3],"tags":[33,1500,151,4229,452,31,3381],"class_list":["post-37888","post","type-post","status-publish","format-image","has-post-thumbnail","hentry","category-deliberando","category-diario-armstrong","category-locales","category-politica","category-region","tag-a","tag-debe","tag-delincuentes","tag-fortalecer","tag-justicia","tag-la","tag-santa-fe","post_format-post-format-image"],"jetpack_publicize_connections":[],"jetpack_featured_media_url":"https:\/\/armstrongyregion.com.ar\/diario\/wp-content\/uploads\/2023\/03\/Luzzi-Pertu-.jpg","jetpack_shortlink":"https:\/\/wp.me\/p62QDO-9R6","jetpack_sharing_enabled":true,"amp_enabled":true,"_links":{"self":[{"href":"https:\/\/armstrongyregion.com.ar\/diario\/wp-json\/wp\/v2\/posts\/37888","targetHints":{"allow":["GET"]}}],"collection":[{"href":"https:\/\/armstrongyregion.com.ar\/diario\/wp-json\/wp\/v2\/posts"}],"about":[{"href":"https:\/\/armstrongyregion.com.ar\/diario\/wp-json\/wp\/v2\/types\/post"}],"author":[{"embeddable":true,"href":"https:\/\/armstrongyregion.com.ar\/diario\/wp-json\/wp\/v2\/users\/1"}],"replies":[{"embeddable":true,"href":"https:\/\/armstrongyregion.com.ar\/diario\/wp-json\/wp\/v2\/comments?post=37888"}],"version-history":[{"count":1,"href":"https:\/\/armstrongyregion.com.ar\/diario\/wp-json\/wp\/v2\/posts\/37888\/revisions"}],"predecessor-version":[{"id":37890,"href":"https:\/\/armstrongyregion.com.ar\/diario\/wp-json\/wp\/v2\/posts\/37888\/revisions\/37890"}],"wp:featuredmedia":[{"embeddable":true,"href":"https:\/\/armstrongyregion.com.ar\/diario\/wp-json\/wp\/v2\/media\/37889"}],"wp:attachment":[{"href":"https:\/\/armstrongyregion.com.ar\/diario\/wp-json\/wp\/v2\/media?parent=37888"}],"wp:term":[{"taxonomy":"category","embeddable":true,"href":"https:\/\/armstrongyregion.com.ar\/diario\/wp-json\/wp\/v2\/categories?post=37888"},{"taxonomy":"post_tag","embeddable":true,"href":"https:\/\/armstrongyregion.com.ar\/diario\/wp-json\/wp\/v2\/tags?post=37888"}],"curies":[{"name":"wp","href":"https:\/\/api.w.org\/{rel}","templated":true}]}}