{"id":37880,"date":"2023-03-15T20:17:22","date_gmt":"2023-03-15T20:17:22","guid":{"rendered":"https:\/\/armstrongyregion.com.ar\/diario\/?p=37880"},"modified":"2023-03-15T20:17:24","modified_gmt":"2023-03-15T20:17:24","slug":"armstrong-taller-municipal-de-arte-2023","status":"publish","type":"post","link":"https:\/\/armstrongyregion.com.ar\/diario\/armstrong-taller-municipal-de-arte-2023\/","title":{"rendered":"Armstrong. Taller municipal de Arte 2023."},"content":{"rendered":"\n<figure class=\"wp-block-image size-full\"><a href=\"http:\/\/armstrongyregion.com.ar\/diario\/wp-content\/uploads\/2023\/03\/taller_Arte_2023.jpg\"><img loading=\"lazy\" decoding=\"async\" width=\"598\" height=\"598\" src=\"http:\/\/armstrongyregion.com.ar\/diario\/wp-content\/uploads\/2023\/03\/taller_Arte_2023.jpg\" alt=\"\" class=\"wp-image-37881\" srcset=\"https:\/\/armstrongyregion.com.ar\/diario\/wp-content\/uploads\/2023\/03\/taller_Arte_2023.jpg 598w, https:\/\/armstrongyregion.com.ar\/diario\/wp-content\/uploads\/2023\/03\/taller_Arte_2023-300x300.jpg 300w, https:\/\/armstrongyregion.com.ar\/diario\/wp-content\/uploads\/2023\/03\/taller_Arte_2023-150x150.jpg 150w\" sizes=\"auto, (max-width: 598px) 100vw, 598px\" \/><\/a><\/figure>\n\n\n\n<p>La Municipalidad de Armstrong invita a todos los interesados a sumarse a los talleres de arte que se desarrollar\u00e1n de manera quincenal en el Espacio Arte (ex ferrocarril), a cargo de la Lic. en Bellas Artes Silvana L\u00f3pez Marelli.<\/p>\n\n\n\n<p>La propuesta est\u00e1 destinada a ni\u00f1os de 7 a 12 a\u00f1os de edad, j\u00f3venes y adultos a partir de los 13 a\u00f1os, quienes trabajar\u00e1n siempre a partir del proceso creativo e inquietudes de cada uno, con el aporte de conocimientos t\u00e9cnicos y te\u00f3ricos de la Profesora quien aclar\u00f3 que no es necesario tener conocimientos previos ya que la idea es pasar un agradable momento, divertirse y poder trabajar la creatividad.<\/p>\n\n\n\n<p>Las clases son los d\u00edas viernes en los siguientes horarios: Ni\u00f1os 10:30 y 18 hs., adolescentes y adultos a las 15 hs. Inicia el 17 de marzo.<\/p>\n\n\n\n<p>Informes e inscripci\u00f3n escribiendo a&nbsp;<a href=\"mailto:rosanasiri@armstrong.com.ar\">rosanasiri@armstrong.com.ar<\/a>, whatsapp al 3471-680127, \u00f3 los d\u00edas de clases en los horarios indicados.<\/p>\n","protected":false},"excerpt":{"rendered":"<p>La Municipalidad de Armstrong invita a todos los interesados a sumarse a los talleres de arte que se desarrollar\u00e1n de manera quincenal en el Espacio Arte (ex ferrocarril), a cargo de la Lic. en Bellas Artes Silvana L\u00f3pez Marelli. La propuesta est\u00e1 destinada a ni\u00f1os de 7 a 12 a\u00f1os de edad, j\u00f3venes y adultos <a href=\"https:\/\/armstrongyregion.com.ar\/diario\/armstrong-taller-municipal-de-arte-2023\/\" title=\"Read more\" >&#8230;<\/a><\/p>\n","protected":false},"author":1,"featured_media":37881,"comment_status":"open","ping_status":"open","sticky":false,"template":"","format":"image","meta":{"_jetpack_memberships_contains_paid_content":false,"footnotes":"","jetpack_publicize_message":"","jetpack_publicize_feature_enabled":true,"jetpack_social_post_already_shared":true,"jetpack_social_options":{"image_generator_settings":{"template":"highway","default_image_id":0,"enabled":false},"version":2}},"categories":[6,8,1,2,7,3],"tags":[8751,9096,19,8655,129],"class_list":["post-37880","post","type-post","status-publish","format-image","has-post-thumbnail","hentry","category-cultura-entretenimiento","category-deliberando","category-diario-armstrong","category-locales","category-politica","category-region","tag-8751","tag-arte-2","tag-de","tag-municipal-2","tag-taller","post_format-post-format-image"],"jetpack_publicize_connections":[],"jetpack_featured_media_url":"https:\/\/armstrongyregion.com.ar\/diario\/wp-content\/uploads\/2023\/03\/taller_Arte_2023.jpg","jetpack_shortlink":"https:\/\/wp.me\/p62QDO-9QY","jetpack_sharing_enabled":true,"amp_enabled":true,"_links":{"self":[{"href":"https:\/\/armstrongyregion.com.ar\/diario\/wp-json\/wp\/v2\/posts\/37880","targetHints":{"allow":["GET"]}}],"collection":[{"href":"https:\/\/armstrongyregion.com.ar\/diario\/wp-json\/wp\/v2\/posts"}],"about":[{"href":"https:\/\/armstrongyregion.com.ar\/diario\/wp-json\/wp\/v2\/types\/post"}],"author":[{"embeddable":true,"href":"https:\/\/armstrongyregion.com.ar\/diario\/wp-json\/wp\/v2\/users\/1"}],"replies":[{"embeddable":true,"href":"https:\/\/armstrongyregion.com.ar\/diario\/wp-json\/wp\/v2\/comments?post=37880"}],"version-history":[{"count":1,"href":"https:\/\/armstrongyregion.com.ar\/diario\/wp-json\/wp\/v2\/posts\/37880\/revisions"}],"predecessor-version":[{"id":37882,"href":"https:\/\/armstrongyregion.com.ar\/diario\/wp-json\/wp\/v2\/posts\/37880\/revisions\/37882"}],"wp:featuredmedia":[{"embeddable":true,"href":"https:\/\/armstrongyregion.com.ar\/diario\/wp-json\/wp\/v2\/media\/37881"}],"wp:attachment":[{"href":"https:\/\/armstrongyregion.com.ar\/diario\/wp-json\/wp\/v2\/media?parent=37880"}],"wp:term":[{"taxonomy":"category","embeddable":true,"href":"https:\/\/armstrongyregion.com.ar\/diario\/wp-json\/wp\/v2\/categories?post=37880"},{"taxonomy":"post_tag","embeddable":true,"href":"https:\/\/armstrongyregion.com.ar\/diario\/wp-json\/wp\/v2\/tags?post=37880"}],"curies":[{"name":"wp","href":"https:\/\/api.w.org\/{rel}","templated":true}]}}