{"id":37865,"date":"2023-03-14T22:17:48","date_gmt":"2023-03-14T22:17:48","guid":{"rendered":"https:\/\/armstrongyregion.com.ar\/diario\/?p=37865"},"modified":"2023-03-14T22:17:50","modified_gmt":"2023-03-14T22:17:50","slug":"armstrong-mi-legado-la-obra-de-cristina-sola","status":"publish","type":"post","link":"https:\/\/armstrongyregion.com.ar\/diario\/armstrong-mi-legado-la-obra-de-cristina-sola\/","title":{"rendered":"Armstrong. \u201cMi Legado\u201d, la obra de Cristina Sola."},"content":{"rendered":"\n<figure class=\"wp-block-image size-full\"><a href=\"http:\/\/armstrongyregion.com.ar\/diario\/wp-content\/uploads\/2023\/03\/mi_legado_1.jpg\"><img loading=\"lazy\" decoding=\"async\" width=\"540\" height=\"360\" src=\"http:\/\/armstrongyregion.com.ar\/diario\/wp-content\/uploads\/2023\/03\/mi_legado_1.jpg\" alt=\"\" class=\"wp-image-37866\" srcset=\"https:\/\/armstrongyregion.com.ar\/diario\/wp-content\/uploads\/2023\/03\/mi_legado_1.jpg 540w, https:\/\/armstrongyregion.com.ar\/diario\/wp-content\/uploads\/2023\/03\/mi_legado_1-300x200.jpg 300w\" sizes=\"auto, (max-width: 540px) 100vw, 540px\" \/><\/a><\/figure>\n\n\n\n<p>En el sum del Museo Hist\u00f3rico Municipal de Armstrong ha quedado inaugurada la primera muestra itinerante del ciclo 2023. Se trata de \u201cMi Legado\u201d de Cristina Sola Fiedziukiewicz, dise\u00f1adora gr\u00e1fica y dibujante local, y que cuenta con la curadur\u00eda de la Lic. Silvana L\u00f3pez Marelli.<\/p>\n\n\n\n<p>Desde ni\u00f1a, su madre Stella nutri\u00f3 su inquietud por las artes pl\u00e1sticas, su t\u00eda Gladys la form\u00f3 en el gusto por las bellas palabras y su abuela Sara le transmiti\u00f3 el valor de la vida resiliente.&nbsp;<\/p>\n\n\n\n<figure class=\"wp-block-image\"><img decoding=\"async\" src=\"https:\/\/www.armstrong.gov.ar\/2020\/images\/articulos2023\/mi_legado_2.jpg\" alt=\"mi legado 2\"\/><\/figure>\n\n\n\n<p>El legado de estas tres mujeres y su propia nobleza, hicieron que desde un principio, su propuesta est\u00e9tica est\u00e1 marcada por una profunda concepci\u00f3n espiritual de la vida: Cristina sostiene que la finalidad de la existencia es la expansi\u00f3n del alma y el arte.<\/p>\n\n\n\n<figure class=\"wp-block-image\"><img decoding=\"async\" src=\"https:\/\/www.armstrong.gov.ar\/2020\/images\/articulos2023\/mi_legado_4.jpg\" alt=\"mi legado 4\"\/><\/figure>\n\n\n\n<p>En la oportunidad, se present\u00f3 tambi\u00e9n el libro hom\u00f3nimo que contiene ilustraciones de Cristina inspirados en escritos de su t\u00eda Gladys.<\/p>\n\n\n\n<figure class=\"wp-block-image\"><img decoding=\"async\" src=\"https:\/\/www.armstrong.gov.ar\/2020\/images\/articulos2023\/mi_legado_3.jpg\" alt=\"mi legado 3\"\/><\/figure>\n\n\n\n<p>La muestra \u201cMi Legado\u201d estar\u00e1 a disposici\u00f3n del p\u00fablico hasta el pr\u00f3ximo 9 de abril y se puede visitar de lunes a viernes de 8 a 12 hs.<\/p>\n","protected":false},"excerpt":{"rendered":"<p>En el sum del Museo Hist\u00f3rico Municipal de Armstrong ha quedado inaugurada la primera muestra itinerante del ciclo 2023. Se trata de \u201cMi Legado\u201d de Cristina Sola Fiedziukiewicz, dise\u00f1adora gr\u00e1fica y dibujante local, y que cuenta con la curadur\u00eda de la Lic. Silvana L\u00f3pez Marelli. Desde ni\u00f1a, su madre Stella nutri\u00f3 su inquietud por las <a href=\"https:\/\/armstrongyregion.com.ar\/diario\/armstrong-mi-legado-la-obra-de-cristina-sola\/\" title=\"Read more\" >&#8230;<\/a><\/p>\n","protected":false},"author":1,"featured_media":37866,"comment_status":"open","ping_status":"open","sticky":false,"template":"","format":"image","meta":{"_jetpack_memberships_contains_paid_content":false,"footnotes":"","jetpack_publicize_message":"","jetpack_publicize_feature_enabled":true,"jetpack_social_post_already_shared":true,"jetpack_social_options":{"image_generator_settings":{"template":"highway","default_image_id":0,"enabled":false},"version":2}},"categories":[6,8,1,2,7,3],"tags":[20,9094,4534,9048],"class_list":["post-37865","post","type-post","status-publish","format-image","has-post-thumbnail","hentry","category-cultura-entretenimiento","category-deliberando","category-diario-armstrong","category-locales","category-politica","category-region","tag-armstrong","tag-cristina-sola","tag-legado","tag-mi-2","post_format-post-format-image"],"jetpack_publicize_connections":[],"jetpack_featured_media_url":"https:\/\/armstrongyregion.com.ar\/diario\/wp-content\/uploads\/2023\/03\/mi_legado_1.jpg","jetpack_shortlink":"https:\/\/wp.me\/p62QDO-9QJ","jetpack_sharing_enabled":true,"amp_enabled":true,"_links":{"self":[{"href":"https:\/\/armstrongyregion.com.ar\/diario\/wp-json\/wp\/v2\/posts\/37865","targetHints":{"allow":["GET"]}}],"collection":[{"href":"https:\/\/armstrongyregion.com.ar\/diario\/wp-json\/wp\/v2\/posts"}],"about":[{"href":"https:\/\/armstrongyregion.com.ar\/diario\/wp-json\/wp\/v2\/types\/post"}],"author":[{"embeddable":true,"href":"https:\/\/armstrongyregion.com.ar\/diario\/wp-json\/wp\/v2\/users\/1"}],"replies":[{"embeddable":true,"href":"https:\/\/armstrongyregion.com.ar\/diario\/wp-json\/wp\/v2\/comments?post=37865"}],"version-history":[{"count":1,"href":"https:\/\/armstrongyregion.com.ar\/diario\/wp-json\/wp\/v2\/posts\/37865\/revisions"}],"predecessor-version":[{"id":37867,"href":"https:\/\/armstrongyregion.com.ar\/diario\/wp-json\/wp\/v2\/posts\/37865\/revisions\/37867"}],"wp:featuredmedia":[{"embeddable":true,"href":"https:\/\/armstrongyregion.com.ar\/diario\/wp-json\/wp\/v2\/media\/37866"}],"wp:attachment":[{"href":"https:\/\/armstrongyregion.com.ar\/diario\/wp-json\/wp\/v2\/media?parent=37865"}],"wp:term":[{"taxonomy":"category","embeddable":true,"href":"https:\/\/armstrongyregion.com.ar\/diario\/wp-json\/wp\/v2\/categories?post=37865"},{"taxonomy":"post_tag","embeddable":true,"href":"https:\/\/armstrongyregion.com.ar\/diario\/wp-json\/wp\/v2\/tags?post=37865"}],"curies":[{"name":"wp","href":"https:\/\/api.w.org\/{rel}","templated":true}]}}