{"id":37852,"date":"2023-03-14T02:07:11","date_gmt":"2023-03-14T02:07:11","guid":{"rendered":"https:\/\/armstrongyregion.com.ar\/diario\/?p=37852"},"modified":"2023-03-14T02:07:14","modified_gmt":"2023-03-14T02:07:14","slug":"la-provincia-cerro-una-gran-participacion-en-la-nueva-edicion-de-expoagro","status":"publish","type":"post","link":"https:\/\/armstrongyregion.com.ar\/diario\/la-provincia-cerro-una-gran-participacion-en-la-nueva-edicion-de-expoagro\/","title":{"rendered":"La provincia cerr\u00f3 una gran participaci\u00f3n en la nueva edici\u00f3n de Expoagro."},"content":{"rendered":"\n<figure class=\"wp-block-image size-full\"><a href=\"http:\/\/armstrongyregion.com.ar\/diario\/wp-content\/uploads\/2023\/03\/expoAgro-1.jpg\"><img loading=\"lazy\" decoding=\"async\" width=\"480\" height=\"270\" src=\"http:\/\/armstrongyregion.com.ar\/diario\/wp-content\/uploads\/2023\/03\/expoAgro-1.jpg\" alt=\"\" class=\"wp-image-37853\" srcset=\"https:\/\/armstrongyregion.com.ar\/diario\/wp-content\/uploads\/2023\/03\/expoAgro-1.jpg 480w, https:\/\/armstrongyregion.com.ar\/diario\/wp-content\/uploads\/2023\/03\/expoAgro-1-300x169.jpg 300w\" sizes=\"auto, (max-width: 480px) 100vw, 480px\" \/><\/a><\/figure>\n\n\n\n<h2 class=\"wp-block-heading\">M\u00e1s de 30 empresas fueron acompa\u00f1adas por el gobierno provincial en su stand institucional. Tambi\u00e9n, se desarroll\u00f3 una intensa agenda en materia de cooperaci\u00f3n internacional.<\/h2>\n\n\n\n<figure class=\"wp-block-image size-large\"><a href=\"http:\/\/armstrongyregion.com.ar\/diario\/wp-content\/uploads\/2023\/03\/expoagro-2-.jpeg\"><img loading=\"lazy\" decoding=\"async\" width=\"1024\" height=\"576\" src=\"http:\/\/armstrongyregion.com.ar\/diario\/wp-content\/uploads\/2023\/03\/expoagro-2--1024x576.jpeg\" alt=\"\" class=\"wp-image-37854\" srcset=\"https:\/\/armstrongyregion.com.ar\/diario\/wp-content\/uploads\/2023\/03\/expoagro-2--1024x576.jpeg 1024w, https:\/\/armstrongyregion.com.ar\/diario\/wp-content\/uploads\/2023\/03\/expoagro-2--300x169.jpeg 300w, https:\/\/armstrongyregion.com.ar\/diario\/wp-content\/uploads\/2023\/03\/expoagro-2--768x432.jpeg 768w, https:\/\/armstrongyregion.com.ar\/diario\/wp-content\/uploads\/2023\/03\/expoagro-2--1536x864.jpeg 1536w, https:\/\/armstrongyregion.com.ar\/diario\/wp-content\/uploads\/2023\/03\/expoagro-2-.jpeg 1920w\" sizes=\"auto, (max-width: 1024px) 100vw, 1024px\" \/><\/a><\/figure>\n\n\n\n<p>El Gobierno de Santa Fe cerr\u00f3 el pasado viernes una destacada participaci\u00f3n en la feria Expoagro que se desarroll\u00f3 en la ciudad de San Nicol\u00e1s. El stand oficial ofreci\u00f3 de forma gratuita un espacio para que m\u00e1s de 30 empresas santafesinas muestren su producci\u00f3n. Cont\u00f3 adem\u00e1s con una carpa exclusiva para la exposici\u00f3n de desarrollos agtech. A trav\u00e9s de esta pol\u00edtica de promoci\u00f3n enmarcada en su programa Santa Fe Expone, la gesti\u00f3n del gobernador Omar Perotti sigue impulsando el crecimiento de emprendimientos y pymes.<\/p>\n\n\n\n<p>En esta edici\u00f3n 2023, el gobierno provincial mont\u00f3 un espacio de 3.800 m2 que aloj\u00f3 a 31 empresas de diversos rubros industriales y tecnol\u00f3gicos. Adem\u00e1s, en su carpa institucional, distintas dependencias p\u00fablicas promocionaron sus pol\u00edticas y atendieron solicitudes de los visitantes.<\/p>\n\n\n\n<p>Durante su visita a la expo, el gobernador Perotti destac\u00f3 la presencia de empresas santafesinas: \u201cTratamos que a\u00f1o a a\u00f1o nos acompa\u00f1en nuevos expositores. Muchos de los que nos acompa\u00f1aron en los primeros a\u00f1os, hoy ya est\u00e1n con su propio stand. Ese es su nivel de crecimiento y de aprovechamiento de las oportunidades surgidas en \u00e1mbitos como este\u201d.<\/p>\n\n\n\n<p>Por su parte, el ministro de Producci\u00f3n, Ciencia y Tecnolog\u00eda, Daniel Costamagna, explic\u00f3 que \u201cesta es una pol\u00edtica que acentuamos en nuestra gesti\u00f3n. Trabajamos d\u00eda a d\u00eda para darle a las pymes santafesinas todas las condiciones para su crecimiento y expansi\u00f3n. Conocemos perfectamente la calidad de los procesos productivos que hay en esta provincia, y todo el potencial que tienen tanto para llegar a cada rinc\u00f3n de la Argentina como para desarrollarse en mercados internacionales. Por eso invertimos fuertemente en la presencia santafesina en las principales ferias y exposiciones\u201d.<\/p>\n\n\n\n<p><strong>EL BALANCE DE LOS EMPRESARIOS<\/strong><\/p>\n\n\n\n<p>Gerardo Escasina, de la empresa Hidrobox, una firma familiar oriunda de Firmat, dedicada a la fabricaci\u00f3n de productos hidr\u00e1ulicos para sembradoras, afirm\u00f3 que \u201ces nuestra primera experiencia en Expoagro. Somos una empresa que reci\u00e9n se est\u00e1 iniciando, llevamos un a\u00f1o y pocos meses, pero a trav\u00e9s de un proyecto salimos al mercado y gracias al acompa\u00f1amiento provincial pudimos obtener muchos contactos en Agroactiva y tambi\u00e9n ac\u00e1 en Expoagro. Vinimos con muchas expectativas y nos vamos con muchas ideas, propuestas y nuevos proyectos que queremos realizar a futuro. Estamos muy contentos porque la provincia nos est\u00e1 dando un empuj\u00f3n muy importante que de otra manera no podr\u00edamos lograr\u201d.<\/p>\n\n\n\n<p>Por su parte, Gerardo Leiva, representante de Leiva Hermanos, empresa de Las Parejas dedicada a la elaboraci\u00f3n de acoplados agr\u00edcolas, indic\u00f3 que \u201ces la primera vez que estamos en Expoagro y la verdad que nos sorprendi\u00f3; nos vamos con una muy buena experiencia, muchas consultas y pedidos de presupuestos. Ser\u00eda algo muy bueno para nosotros poder seguir participando de estas ferias, acompa\u00f1ados por el gobierno provincial, porque tuvimos unas jornadas muy exitosas\u201d.<\/p>\n\n\n\n<p>Asimismo, de Greenlab Servicios Ecol\u00f3gicos, laboratorio de Rosario que realiza an\u00e1lisis agroindustriales de suelos, agua, semillas, alimentos, entre otros, Melisa Savant, expres\u00f3 que \u201ces la primera vez que participamos de una Expoagro, acompa\u00f1ados por el gobierno de Santa Fe, y fue una experiencia excelente porque nos brindaron un gran acompa\u00f1amiento, siempre pendientes de todas nuestras dudas y muy presentes en el d\u00eda a d\u00eda. Tuvimos muchas visitas, se acerc\u00f3 mucha gente a nuestro stand, as\u00ed que nos llevamos una muy buena experiencia\u201d.<\/p>\n\n\n\n<p>Por \u00faltimo, Emiliano Botta, de la firma Diagramma, de Santa Fe, empresa dedicada a los desarrollos biotecnol\u00f3gicos para la industria l\u00e1ctea y el sector del agro, asegur\u00f3 que \u201ctenemos m\u00e1s de 30 a\u00f1os de experiencia en el rubro; nos dedicamos a la elaboraci\u00f3n de cultivos iniciadores para elaboraci\u00f3n de quesos y yogures y, en el sector del agro, a la producci\u00f3n de inoculantes para el silado y suplementos alimenticios para bovinos. Es la primera vez que estamos en una Expoagro; el acompa\u00f1amiento de la provincia fue muy bueno, se nota que hay un involucramiento interesante de su parte. Sacamos un balance positivo de esta participaci\u00f3n ya que, a pesar de la situaci\u00f3n actual, se vio mucho movimiento y nos llevamos una gran experiencia\u201d.<\/p>\n\n\n\n<p><strong>MUESTRAS DE CRECIMIENTO<\/strong><\/p>\n\n\n\n<p>Tras su participaci\u00f3n como empresas invitadas por el Gobierno de Santa Fe, muchos emprendimientos santafesinos lograron asentarse en el mercado agropecuario y, gracias a su crecimiento, han vuelto al evento en stand propio.<\/p>\n\n\n\n<p>Es el caso de Grupo Alemor, una empresa radicada en la ciudad de Las Parejas, orientada al estudio y desarrollo de soluciones para el sector agropecuario. Luciano Moro, miembro de la firma, coment\u00f3 que \u201carrancamos a participar de las exposiciones junto a la provincia hace m\u00e1s de cinco a\u00f1os. Fuimos creciendo con el tiempo, y hoy ya estamos alquilando un espacio propio. Agradecemos el impulso inicial que nos dio Santa Fe, que nos apoy\u00f3 para poder participar. Hoy ya tenemos m\u00e1s gente, con m\u00e1s cantidad de productos para productores agropecuarios, y podemos participar de manera m\u00e1s intensiva en las exposiciones\u201d.<\/p>\n\n\n\n<p>Otro caso, es el de Metalpaz, una compa\u00f1\u00eda especializada en el dise\u00f1o y construcci\u00f3n de numerosos implementos agr\u00edcolas. Uno de sus titulares, Jes\u00fas Paz, cont\u00f3: \u201cMetalpaz es una empresa familiar, los titulares somos tres hermanos y dos hermanas, y estamos muy agradecidos con el gobierno, por haber potenciado nuestra microempresa. Aquel impulso inicial es realmente una parte importante de lo que somos hoy\u201d.<\/p>\n\n\n\n<p><strong>AGENDA INTERNACIONAL<\/strong><\/p>\n\n\n\n<p>El espacio de Santa Fe en Expoagro tambi\u00e9n fue escenario de reuniones de vinculaci\u00f3n internacional donde representantes provinciales pudieron dar cuenta de la oferta exportable santafesina a delegaciones diplom\u00e1ticas extranjeras. En este marco, se concretaron encuentros con representantes de Indonesia, Pa\u00edses Bajos, Canad\u00e1, Alemania, Marruecos y Angola.<\/p>\n\n\n\n<p>Al respecto, el ministro Costamagna valor\u00f3: \u201cDesarrollamos una intensa agenda de cooperaci\u00f3n internacional. Los eventos como Expoagro son muy importantes en t\u00e9rminos de comercio exterior. Las empresas aprovechan para mostrarse a representantes extranjeros y desde la provincia generamos encuentros con delegaciones diplom\u00e1ticas para dar cuenta de todo el potencial de la producci\u00f3n santafesina\u201d.<\/p>\n","protected":false},"excerpt":{"rendered":"<p>M\u00e1s de 30 empresas fueron acompa\u00f1adas por el gobierno provincial en su stand institucional. Tambi\u00e9n, se desarroll\u00f3 una intensa agenda en materia de cooperaci\u00f3n internacional. El Gobierno de Santa Fe cerr\u00f3 el pasado viernes una destacada participaci\u00f3n en la feria Expoagro que se desarroll\u00f3 en la ciudad de San Nicol\u00e1s. El stand oficial ofreci\u00f3 de <a href=\"https:\/\/armstrongyregion.com.ar\/diario\/la-provincia-cerro-una-gran-participacion-en-la-nueva-edicion-de-expoagro\/\" title=\"Read more\" >&#8230;<\/a><\/p>\n","protected":false},"author":1,"featured_media":37853,"comment_status":"open","ping_status":"open","sticky":false,"template":"","format":"image","meta":{"_jetpack_memberships_contains_paid_content":false,"footnotes":"","jetpack_publicize_message":"","jetpack_publicize_feature_enabled":true,"jetpack_social_post_already_shared":true,"jetpack_social_options":{"image_generator_settings":{"template":"highway","default_image_id":0,"enabled":false},"version":2}},"categories":[6,8,1,2,7,3],"tags":[15,9082,405,580,3381,2408],"class_list":["post-37852","post","type-post","status-publish","format-image","has-post-thumbnail","hentry","category-cultura-entretenimiento","category-deliberando","category-diario-armstrong","category-locales","category-politica","category-region","tag-en","tag-expoagro","tag-gran","tag-participacion","tag-santa-fe","tag-tuvo","post_format-post-format-image"],"jetpack_publicize_connections":[],"jetpack_featured_media_url":"https:\/\/armstrongyregion.com.ar\/diario\/wp-content\/uploads\/2023\/03\/expoAgro-1.jpg","jetpack_shortlink":"https:\/\/wp.me\/p62QDO-9Qw","jetpack_sharing_enabled":true,"amp_enabled":true,"_links":{"self":[{"href":"https:\/\/armstrongyregion.com.ar\/diario\/wp-json\/wp\/v2\/posts\/37852","targetHints":{"allow":["GET"]}}],"collection":[{"href":"https:\/\/armstrongyregion.com.ar\/diario\/wp-json\/wp\/v2\/posts"}],"about":[{"href":"https:\/\/armstrongyregion.com.ar\/diario\/wp-json\/wp\/v2\/types\/post"}],"author":[{"embeddable":true,"href":"https:\/\/armstrongyregion.com.ar\/diario\/wp-json\/wp\/v2\/users\/1"}],"replies":[{"embeddable":true,"href":"https:\/\/armstrongyregion.com.ar\/diario\/wp-json\/wp\/v2\/comments?post=37852"}],"version-history":[{"count":1,"href":"https:\/\/armstrongyregion.com.ar\/diario\/wp-json\/wp\/v2\/posts\/37852\/revisions"}],"predecessor-version":[{"id":37855,"href":"https:\/\/armstrongyregion.com.ar\/diario\/wp-json\/wp\/v2\/posts\/37852\/revisions\/37855"}],"wp:featuredmedia":[{"embeddable":true,"href":"https:\/\/armstrongyregion.com.ar\/diario\/wp-json\/wp\/v2\/media\/37853"}],"wp:attachment":[{"href":"https:\/\/armstrongyregion.com.ar\/diario\/wp-json\/wp\/v2\/media?parent=37852"}],"wp:term":[{"taxonomy":"category","embeddable":true,"href":"https:\/\/armstrongyregion.com.ar\/diario\/wp-json\/wp\/v2\/categories?post=37852"},{"taxonomy":"post_tag","embeddable":true,"href":"https:\/\/armstrongyregion.com.ar\/diario\/wp-json\/wp\/v2\/tags?post=37852"}],"curies":[{"name":"wp","href":"https:\/\/api.w.org\/{rel}","templated":true}]}}