{"id":3785,"date":"2015-08-27T03:07:20","date_gmt":"2015-08-27T03:07:20","guid":{"rendered":"https:\/\/armstrongyregion.com.ar\/diario\/?p=3785"},"modified":"2015-08-27T03:07:20","modified_gmt":"2015-08-27T03:07:20","slug":"el-intendente-verdecchia-entrego-un-compresor-a-la-escuela-tecnica","status":"publish","type":"post","link":"https:\/\/armstrongyregion.com.ar\/diario\/el-intendente-verdecchia-entrego-un-compresor-a-la-escuela-tecnica\/","title":{"rendered":"El Intendente Verdecchia entreg\u00f3 un  compresor a la Escuela T\u00e9cnica."},"content":{"rendered":"<p><a href=\"http:\/\/armstrongyregion.com.ar\/diario\/wp-content\/uploads\/2015\/08\/DSC_0395.jpg\"><img loading=\"lazy\" decoding=\"async\" class=\"alignnone size-medium wp-image-3786\" src=\"http:\/\/armstrongyregion.com.ar\/diario\/wp-content\/uploads\/2015\/08\/DSC_0395-300x200.jpg\" alt=\"Esc. Tecnica-Verdecchia-\" width=\"300\" height=\"200\" srcset=\"https:\/\/armstrongyregion.com.ar\/diario\/wp-content\/uploads\/2015\/08\/DSC_0395-300x200.jpg 300w, https:\/\/armstrongyregion.com.ar\/diario\/wp-content\/uploads\/2015\/08\/DSC_0395-1024x683.jpg 1024w\" sizes=\"auto, (max-width: 300px) 100vw, 300px\" \/><\/a>En la ma\u00f1ana del mi\u00e9rcoles, el intendente Verdecchia, hacia entrega de un compresor al Director Ariel Sola e integrantes de la Cooperadora de la Esc. T\u00e9cnica Fray Luis Beltr\u00e1n.<br \/>\n\u201cEstamos muy contentos porque la Escuela T\u00e9cnica estaba necesitando un compresor y lo hemos gestionado ante el ministerio de la producci\u00f3n de la provincia y en este caso hemos podido cubrir una necesidad tan importante como esta de una instituci\u00f3n educativa\u201d.<br \/>\nAriel Sola dec\u00eda que contaban con un compresor que ten\u00eda muchos a\u00f1os y a trav\u00e9s de la municipalidad se pudo lograr uno nuevo. \u201cLa capacidad de este aparato al igual que un tanque que tenemos como pulm\u00f3n nos va a permitir poder trabajar de la mejor manera\u201d.<\/p>\n","protected":false},"excerpt":{"rendered":"<p>En la ma\u00f1ana del mi\u00e9rcoles, el intendente Verdecchia, hacia entrega de un compresor al Director Ariel Sola e integrantes de la Cooperadora de la Esc. T\u00e9cnica Fray Luis Beltr\u00e1n. \u201cEstamos muy contentos porque la Escuela T\u00e9cnica estaba necesitando un compresor y lo hemos gestionado ante el ministerio de la producci\u00f3n de la provincia y en <a href=\"https:\/\/armstrongyregion.com.ar\/diario\/el-intendente-verdecchia-entrego-un-compresor-a-la-escuela-tecnica\/\" title=\"Read more\" >&#8230;<\/a><\/p>\n","protected":false},"author":2,"featured_media":3786,"comment_status":"open","ping_status":"open","sticky":false,"template":"","format":"standard","meta":{"_jetpack_memberships_contains_paid_content":false,"footnotes":"","jetpack_publicize_message":"","jetpack_publicize_feature_enabled":true,"jetpack_social_post_already_shared":false,"jetpack_social_options":{"image_generator_settings":{"template":"highway","default_image_id":0,"enabled":false},"version":2}},"categories":[6,1,2],"tags":[33,2617,16,112,744,802,31,1606,192,205],"class_list":["post-3785","post","type-post","status-publish","format-standard","has-post-thumbnail","hentry","category-cultura-entretenimiento","category-diario-armstrong","category-locales","tag-a","tag-compresor","tag-el","tag-entrego","tag-escuela","tag-intendente","tag-la","tag-tecnica","tag-un","tag-verdecchia"],"jetpack_publicize_connections":[],"jetpack_featured_media_url":"https:\/\/armstrongyregion.com.ar\/diario\/wp-content\/uploads\/2015\/08\/DSC_0395.jpg","jetpack_shortlink":"https:\/\/wp.me\/p62QDO-Z3","jetpack_sharing_enabled":true,"amp_enabled":true,"_links":{"self":[{"href":"https:\/\/armstrongyregion.com.ar\/diario\/wp-json\/wp\/v2\/posts\/3785","targetHints":{"allow":["GET"]}}],"collection":[{"href":"https:\/\/armstrongyregion.com.ar\/diario\/wp-json\/wp\/v2\/posts"}],"about":[{"href":"https:\/\/armstrongyregion.com.ar\/diario\/wp-json\/wp\/v2\/types\/post"}],"author":[{"embeddable":true,"href":"https:\/\/armstrongyregion.com.ar\/diario\/wp-json\/wp\/v2\/users\/2"}],"replies":[{"embeddable":true,"href":"https:\/\/armstrongyregion.com.ar\/diario\/wp-json\/wp\/v2\/comments?post=3785"}],"version-history":[{"count":0,"href":"https:\/\/armstrongyregion.com.ar\/diario\/wp-json\/wp\/v2\/posts\/3785\/revisions"}],"wp:featuredmedia":[{"embeddable":true,"href":"https:\/\/armstrongyregion.com.ar\/diario\/wp-json\/wp\/v2\/media\/3786"}],"wp:attachment":[{"href":"https:\/\/armstrongyregion.com.ar\/diario\/wp-json\/wp\/v2\/media?parent=3785"}],"wp:term":[{"taxonomy":"category","embeddable":true,"href":"https:\/\/armstrongyregion.com.ar\/diario\/wp-json\/wp\/v2\/categories?post=3785"},{"taxonomy":"post_tag","embeddable":true,"href":"https:\/\/armstrongyregion.com.ar\/diario\/wp-json\/wp\/v2\/tags?post=3785"}],"curies":[{"name":"wp","href":"https:\/\/api.w.org\/{rel}","templated":true}]}}