{"id":37829,"date":"2023-03-12T21:07:19","date_gmt":"2023-03-12T21:07:19","guid":{"rendered":"https:\/\/armstrongyregion.com.ar\/diario\/?p=37829"},"modified":"2023-03-12T21:07:22","modified_gmt":"2023-03-12T21:07:22","slug":"canada-de-gomez-voraz-incendio-en-la-madrugada","status":"publish","type":"post","link":"https:\/\/armstrongyregion.com.ar\/diario\/canada-de-gomez-voraz-incendio-en-la-madrugada\/","title":{"rendered":"Ca\u00f1ada de G\u00f3mez. Voraz incendio en la madrugada."},"content":{"rendered":"\n<figure class=\"wp-block-image size-full\"><a href=\"http:\/\/armstrongyregion.com.ar\/diario\/wp-content\/uploads\/2023\/03\/incendio-1-.jpg\"><img loading=\"lazy\" decoding=\"async\" width=\"540\" height=\"671\" src=\"http:\/\/armstrongyregion.com.ar\/diario\/wp-content\/uploads\/2023\/03\/incendio-1-.jpg\" alt=\"\" class=\"wp-image-37830\" srcset=\"https:\/\/armstrongyregion.com.ar\/diario\/wp-content\/uploads\/2023\/03\/incendio-1-.jpg 540w, https:\/\/armstrongyregion.com.ar\/diario\/wp-content\/uploads\/2023\/03\/incendio-1--241x300.jpg 241w\" sizes=\"auto, (max-width: 540px) 100vw, 540px\" \/><\/a><\/figure>\n\n\n\n<p>Fue pasadas las 2 am, cuando un fuerte estruendo, despert\u00f3 a media ciudad. Instantes despu\u00e9s, Bomberos acud\u00edan a un incendio en Centenario al 0, casi Marconi, donde importante magnitud de llamas, emerg\u00edan de dos veh\u00edculos de gran porte, estacionados en el interior de un predio bajo un tinglado contiguo a un galp\u00f3n, locaci\u00f3n \u00e9sta \u00faltima tambi\u00e9n en combusti\u00f3n.<\/p>\n\n\n\n<figure class=\"wp-block-image size-full\"><a href=\"http:\/\/armstrongyregion.com.ar\/diario\/wp-content\/uploads\/2023\/03\/incendio-2-.jpg\"><img loading=\"lazy\" decoding=\"async\" width=\"270\" height=\"263\" src=\"http:\/\/armstrongyregion.com.ar\/diario\/wp-content\/uploads\/2023\/03\/incendio-2-.jpg\" alt=\"\" class=\"wp-image-37831\"\/><\/a><\/figure>\n\n\n\n<p>El intenso trabajo de los uniformados por casi dos horas, desde varios puntos, entre ellos el lugar en s\u00ed, el patio de una casa lindante y un galp\u00f3n con conexi\u00f3n en L desde Marconi, finaliz\u00f3 con el foco igneo.<\/p>\n\n\n\n<figure class=\"wp-block-image size-full\"><a href=\"http:\/\/armstrongyregion.com.ar\/diario\/wp-content\/uploads\/2023\/03\/incendio-3-.jpg\"><img loading=\"lazy\" decoding=\"async\" width=\"270\" height=\"335\" src=\"http:\/\/armstrongyregion.com.ar\/diario\/wp-content\/uploads\/2023\/03\/incendio-3-.jpg\" alt=\"\" class=\"wp-image-37832\" srcset=\"https:\/\/armstrongyregion.com.ar\/diario\/wp-content\/uploads\/2023\/03\/incendio-3-.jpg 270w, https:\/\/armstrongyregion.com.ar\/diario\/wp-content\/uploads\/2023\/03\/incendio-3--242x300.jpg 242w\" sizes=\"auto, (max-width: 270px) 100vw, 270px\" \/><\/a><\/figure>\n\n\n\n<p>Participaron entre otros, Bomberos de Armstrong, de Las Parejas, Polic\u00eda, Defensa Civil, Inspectores Municipales, Personal de la EPE y el Servicio de Emergencia Cemi, aunque al momento no tenemos informaci\u00f3n de heridos, si, de importantes da\u00f1os materiales.<br>Registros f\u00edlmicos en directo desde el lugar en el canal de facebook Diario Ca\u00f1ada.<\/p>\n\n\n\n<p>Fuente: Diario Ca\u00f1ada<\/p>\n","protected":false},"excerpt":{"rendered":"<p>Fue pasadas las 2 am, cuando un fuerte estruendo, despert\u00f3 a media ciudad. Instantes despu\u00e9s, Bomberos acud\u00edan a un incendio en Centenario al 0, casi Marconi, donde importante magnitud de llamas, emerg\u00edan de dos veh\u00edculos de gran porte, estacionados en el interior de un predio bajo un tinglado contiguo a un galp\u00f3n, locaci\u00f3n \u00e9sta \u00faltima <a href=\"https:\/\/armstrongyregion.com.ar\/diario\/canada-de-gomez-voraz-incendio-en-la-madrugada\/\" title=\"Read more\" >&#8230;<\/a><\/p>\n","protected":false},"author":1,"featured_media":37830,"comment_status":"open","ping_status":"open","sticky":false,"template":"","format":"image","meta":{"_jetpack_memberships_contains_paid_content":false,"footnotes":"","jetpack_publicize_message":"","jetpack_publicize_feature_enabled":true,"jetpack_social_post_already_shared":true,"jetpack_social_options":{"image_generator_settings":{"template":"highway","default_image_id":0,"enabled":false},"version":2}},"categories":[8,1,2,3],"tags":[163,15,449,31,1678,9089],"class_list":["post-37829","post","type-post","status-publish","format-image","has-post-thumbnail","hentry","category-deliberando","category-diario-armstrong","category-locales","category-region","tag-canada","tag-en","tag-incendio","tag-la","tag-madrugada","tag-voraz","post_format-post-format-image"],"jetpack_publicize_connections":[],"jetpack_featured_media_url":"https:\/\/armstrongyregion.com.ar\/diario\/wp-content\/uploads\/2023\/03\/incendio-1-.jpg","jetpack_shortlink":"https:\/\/wp.me\/p62QDO-9Q9","jetpack_sharing_enabled":true,"amp_enabled":true,"_links":{"self":[{"href":"https:\/\/armstrongyregion.com.ar\/diario\/wp-json\/wp\/v2\/posts\/37829","targetHints":{"allow":["GET"]}}],"collection":[{"href":"https:\/\/armstrongyregion.com.ar\/diario\/wp-json\/wp\/v2\/posts"}],"about":[{"href":"https:\/\/armstrongyregion.com.ar\/diario\/wp-json\/wp\/v2\/types\/post"}],"author":[{"embeddable":true,"href":"https:\/\/armstrongyregion.com.ar\/diario\/wp-json\/wp\/v2\/users\/1"}],"replies":[{"embeddable":true,"href":"https:\/\/armstrongyregion.com.ar\/diario\/wp-json\/wp\/v2\/comments?post=37829"}],"version-history":[{"count":1,"href":"https:\/\/armstrongyregion.com.ar\/diario\/wp-json\/wp\/v2\/posts\/37829\/revisions"}],"predecessor-version":[{"id":37833,"href":"https:\/\/armstrongyregion.com.ar\/diario\/wp-json\/wp\/v2\/posts\/37829\/revisions\/37833"}],"wp:featuredmedia":[{"embeddable":true,"href":"https:\/\/armstrongyregion.com.ar\/diario\/wp-json\/wp\/v2\/media\/37830"}],"wp:attachment":[{"href":"https:\/\/armstrongyregion.com.ar\/diario\/wp-json\/wp\/v2\/media?parent=37829"}],"wp:term":[{"taxonomy":"category","embeddable":true,"href":"https:\/\/armstrongyregion.com.ar\/diario\/wp-json\/wp\/v2\/categories?post=37829"},{"taxonomy":"post_tag","embeddable":true,"href":"https:\/\/armstrongyregion.com.ar\/diario\/wp-json\/wp\/v2\/tags?post=37829"}],"curies":[{"name":"wp","href":"https:\/\/api.w.org\/{rel}","templated":true}]}}