{"id":37826,"date":"2023-03-12T02:41:48","date_gmt":"2023-03-12T02:41:48","guid":{"rendered":"https:\/\/armstrongyregion.com.ar\/diario\/?p=37826"},"modified":"2023-03-12T02:41:50","modified_gmt":"2023-03-12T02:41:50","slug":"el-socialismo-santafesino-ratifico-su-participacion-en-el-nuevo-frente-opositor","status":"publish","type":"post","link":"https:\/\/armstrongyregion.com.ar\/diario\/el-socialismo-santafesino-ratifico-su-participacion-en-el-nuevo-frente-opositor\/","title":{"rendered":"El socialismo santafesino ratific\u00f3 su participaci\u00f3n en el nuevo frente opositor."},"content":{"rendered":"\n<figure class=\"wp-block-image size-full\"><a href=\"http:\/\/armstrongyregion.com.ar\/diario\/wp-content\/uploads\/2023\/03\/socialistas-.jpg\"><img loading=\"lazy\" decoding=\"async\" width=\"511\" height=\"324\" src=\"http:\/\/armstrongyregion.com.ar\/diario\/wp-content\/uploads\/2023\/03\/socialistas-.jpg\" alt=\"\" class=\"wp-image-37827\" srcset=\"https:\/\/armstrongyregion.com.ar\/diario\/wp-content\/uploads\/2023\/03\/socialistas-.jpg 511w, https:\/\/armstrongyregion.com.ar\/diario\/wp-content\/uploads\/2023\/03\/socialistas--300x190.jpg 300w\" sizes=\"auto, (max-width: 511px) 100vw, 511px\" \/><\/a><\/figure>\n\n\n\n<h2 class=\"wp-block-heading\">El PS emiti\u00f3 un documento de unidad en el que apuesta a constituir \u00abuna alternativa que supere el dif\u00edcil presente que atraviesa la provincia\u00bb.<\/h2>\n\n\n\n<p>Los principales dirigentes y referentes del Partido Socialista (PS) santafesino expresaron este s\u00e1bado, en un documento de unidad, la propuesta de encontrar \u201cuna alternativa que supere el dif\u00edcil presente que atraviesa la provincia\u201d de cara al proceso electoral de 2023.<\/p>\n\n\n\n<p>El pronunciamiento certific\u00f3 la participaci\u00f3n del socialismo provincial en el nuevo frente de frentes opositor, que tambi\u00e9n integran el radicalismo, el PRO, Creo (que lidera el intendente de Rosario, Pablo Javkin), entre otras fuerzas pol\u00edticas.<\/p>\n\n\n\n<p>El documento del partido, que el 22 de abril pr\u00f3ximo realizar\u00e1 su congreso provincial, lleva como t\u00edtulo: \u201cPara que Santa Fe tenga un proyecto de futuro\u201d. Y sostiene que la provincia \u201catraviesa una grave crisis generada por la ausencia de equipos, proyectos y un plan de gobierno, que se manifiesta en la mayor\u00eda de las \u00e1reas pero cuya arista m\u00e1s dram\u00e1tica es la incapacidad de la actual gesti\u00f3n para contener la violencia y combatir la inseguridad\u201d.<\/p>\n\n\n\n<p>\u201cEn el Partido Socialista de Santa Fe entendimos que hab\u00eda que trabajar responsablemente en la construcci\u00f3n de una alternativa para superar en el proceso electoral que se avecina al modelo conservador e ineficiente que representan Omar Perotti y sus aliados\u201d, destac\u00f3 el texto.<\/p>\n\n\n\n<p>https:\/\/www.lacapital.com.ar\/_post\/viewerpdfjs.php?file=https:\/\/media.lacapital.com.ar\/adjuntos\/203\/documentos\/100\/432\/0100432180.pdf?0000-00-00-00-00-00<\/p>\n\n\n\n<p>El documento del socialismo provincial.<\/p>\n\n\n\n<p>Al fundamentar las razones de la participaci\u00f3n del nuevo armado opositor, el pronunciamiento socialista record\u00f3: \u201cPertenecemos a una fuerza pol\u00edtica que hist\u00f3ricamente fue frentista. Los gobiernos encabezados por Hermes Binner, Antonio Bonfatti y Miguel Lifschitz fueron fruto de esa construcci\u00f3n, que tuvo como protagonistas principales al Socialismo, la Uni\u00f3n C\u00edvica Radical (UCR) y el Partido Dem\u00f3crata Progresista (PDP), entre otros\u201d.<\/p>\n\n\n\n<p>\u201cLa realidad nos lleva a ampliar ese espacio, pero siempre sobre la base de acuerdos para gobernar de manera decente, participativa, eficiente y solidaria la provincia. Vamos a este nuevo frente con nuestros principios, valores y legado, con el objetivo de representar en una elecci\u00f3n primaria la identidad socialista y progresista\u201d, continu\u00f3 el comunicado.<\/p>\n\n\n\n<p>Asimismo, el texto destac\u00f3 que \u201cel avance de las conversaciones con otras fuerzas pol\u00edticas que recupere la senda transformadora en Santa Fe no fue una decisi\u00f3n aislada de un grupo minoritario, sino la clara expresi\u00f3n mayoritaria de compa\u00f1eras y compa\u00f1eros con distintas responsabilidades institucionales y partidarias a lo largo y ancho de la provincia\u201d.<\/p>\n\n\n\n<p>En esa l\u00ednea, el PS santafesino sentenci\u00f3: \u201cTenemos la vocaci\u00f3n y el convencimiento para volver a gobernar la provincia y confiamos en nuestra capacidad electoral para conseguirlo. Contamos con dirigentes para liderar el cambio que necesita Santa Fe y los equipos t\u00e9cnicos para ponerla nuevamente en el sendero que nunca debi\u00f3 abandonar\u201d.<\/p>\n\n\n\n<p>La Capital.com.ar<\/p>\n","protected":false},"excerpt":{"rendered":"<p>El PS emiti\u00f3 un documento de unidad en el que apuesta a constituir \u00abuna alternativa que supere el dif\u00edcil presente que atraviesa la provincia\u00bb. Los principales dirigentes y referentes del Partido Socialista (PS) santafesino expresaron este s\u00e1bado, en un documento de unidad, la propuesta de encontrar \u201cuna alternativa que supere el dif\u00edcil presente que atraviesa <a href=\"https:\/\/armstrongyregion.com.ar\/diario\/el-socialismo-santafesino-ratifico-su-participacion-en-el-nuevo-frente-opositor\/\" title=\"Read more\" >&#8230;<\/a><\/p>\n","protected":false},"author":1,"featured_media":37827,"comment_status":"open","ping_status":"open","sticky":false,"template":"","format":"image","meta":{"_jetpack_memberships_contains_paid_content":false,"footnotes":"","jetpack_publicize_message":"","jetpack_publicize_feature_enabled":true,"jetpack_social_post_already_shared":true,"jetpack_social_options":{"image_generator_settings":{"template":"highway","default_image_id":0,"enabled":false},"version":2}},"categories":[8,1,2,7,3],"tags":[15,257,9088,580,1542,1282,5045,35],"class_list":["post-37826","post","type-post","status-publish","format-image","has-post-thumbnail","hentry","category-deliberando","category-diario-armstrong","category-locales","category-politica","category-region","tag-en","tag-frente","tag-opositor","tag-participacion","tag-ratifico","tag-santafesino","tag-socialismo","tag-su","post_format-post-format-image"],"jetpack_publicize_connections":[],"jetpack_featured_media_url":"https:\/\/armstrongyregion.com.ar\/diario\/wp-content\/uploads\/2023\/03\/socialistas-.jpg","jetpack_shortlink":"https:\/\/wp.me\/p62QDO-9Q6","jetpack_sharing_enabled":true,"amp_enabled":true,"_links":{"self":[{"href":"https:\/\/armstrongyregion.com.ar\/diario\/wp-json\/wp\/v2\/posts\/37826","targetHints":{"allow":["GET"]}}],"collection":[{"href":"https:\/\/armstrongyregion.com.ar\/diario\/wp-json\/wp\/v2\/posts"}],"about":[{"href":"https:\/\/armstrongyregion.com.ar\/diario\/wp-json\/wp\/v2\/types\/post"}],"author":[{"embeddable":true,"href":"https:\/\/armstrongyregion.com.ar\/diario\/wp-json\/wp\/v2\/users\/1"}],"replies":[{"embeddable":true,"href":"https:\/\/armstrongyregion.com.ar\/diario\/wp-json\/wp\/v2\/comments?post=37826"}],"version-history":[{"count":1,"href":"https:\/\/armstrongyregion.com.ar\/diario\/wp-json\/wp\/v2\/posts\/37826\/revisions"}],"predecessor-version":[{"id":37828,"href":"https:\/\/armstrongyregion.com.ar\/diario\/wp-json\/wp\/v2\/posts\/37826\/revisions\/37828"}],"wp:featuredmedia":[{"embeddable":true,"href":"https:\/\/armstrongyregion.com.ar\/diario\/wp-json\/wp\/v2\/media\/37827"}],"wp:attachment":[{"href":"https:\/\/armstrongyregion.com.ar\/diario\/wp-json\/wp\/v2\/media?parent=37826"}],"wp:term":[{"taxonomy":"category","embeddable":true,"href":"https:\/\/armstrongyregion.com.ar\/diario\/wp-json\/wp\/v2\/categories?post=37826"},{"taxonomy":"post_tag","embeddable":true,"href":"https:\/\/armstrongyregion.com.ar\/diario\/wp-json\/wp\/v2\/tags?post=37826"}],"curies":[{"name":"wp","href":"https:\/\/api.w.org\/{rel}","templated":true}]}}