{"id":3782,"date":"2015-08-27T03:03:27","date_gmt":"2015-08-27T03:03:27","guid":{"rendered":"https:\/\/armstrongyregion.com.ar\/diario\/?p=3782"},"modified":"2015-08-27T03:03:27","modified_gmt":"2015-08-27T03:03:27","slug":"el-gobierno-provincial-autorizo-suba-del-23-en-el-transporte-interurbano","status":"publish","type":"post","link":"https:\/\/armstrongyregion.com.ar\/diario\/el-gobierno-provincial-autorizo-suba-del-23-en-el-transporte-interurbano\/","title":{"rendered":"El gobierno provincial autoriz\u00f3 suba del 23% en el transporte interurbano."},"content":{"rendered":"<p><a href=\"http:\/\/armstrongyregion.com.ar\/diario\/wp-content\/uploads\/2015\/08\/colectivo-media-dist.jpg_1572130063.jpg\"><img loading=\"lazy\" decoding=\"async\" class=\"alignnone size-medium wp-image-3783\" src=\"http:\/\/armstrongyregion.com.ar\/diario\/wp-content\/uploads\/2015\/08\/colectivo-media-dist.jpg_1572130063-300x169.jpg\" alt=\"colectivo-media-dist-Armstrong-region-\" width=\"300\" height=\"169\" srcset=\"https:\/\/armstrongyregion.com.ar\/diario\/wp-content\/uploads\/2015\/08\/colectivo-media-dist.jpg_1572130063-300x169.jpg 300w, https:\/\/armstrongyregion.com.ar\/diario\/wp-content\/uploads\/2015\/08\/colectivo-media-dist.jpg_1572130063.jpg 760w\" sizes=\"auto, (max-width: 300px) 100vw, 300px\" \/><\/a>Regir\u00e1 desde el primer minuto del pr\u00f3ximo domingo. La Subsecretar\u00eda de Transporte justific\u00f3 la medida en los incrementos de combustibles, repuestos y otros rubros. En diciembre de 2014 ya hab\u00eda aumentado un 18 por ciento.<br \/>\nEl gobierno provincial autoriz\u00f3 un aumento de las tarifas del transporte interurbano de pasajeros del 23 por ciento a partir del primer minuto del pr\u00f3ximo domingo.<br \/>\nAs\u00ed lo comunic\u00f3 este mi\u00e9rcoles la Subsecretar\u00eda de Transporte santafesina. La repartici\u00f3n adem\u00e1s inform\u00f3 que cuenta con un sistema para el an\u00e1lisis de costos desarrollado por la Universidad Tecnol\u00f3gica Nacional, la Consultora Ejecutiva Nacional de Transporte (CENT) y el Grupo de Estudio sobre Transporte (GETRANS), el cual determina la estructura de los costos y permite establecer una base racional para la toma de decisiones en lo que hace a la fijaci\u00f3n de tarifas de transporte de pasajeros.<br \/>\n\u201cMediante el monitoreo de costos que se realiza peri\u00f3dicamente, han surgido incrementos en los valores de chasis, carrocer\u00edas, lubricantes, cubiertas, combustibles, repuestos y mano de obra, que inciden en los costos de explotaci\u00f3n del sistema, siendo que la \u00faltima actualizaci\u00f3n tarifaria data de diciembre del 2014\u201d, indic\u00f3 el gobierno provincial.<br \/>\nEl sistema de transporte interurbano de pasajeros est\u00e1 compuesto por 165 recorridos, prestados por 56 empresas a lo largo de 24.000 kil\u00f3metros en toda la provincia. En diciembre de 2014 hab\u00eda subido un 18 por ciento.<br \/>\nFuente, Rosario3.com<\/p>\n","protected":false},"excerpt":{"rendered":"<p>Regir\u00e1 desde el primer minuto del pr\u00f3ximo domingo. La Subsecretar\u00eda de Transporte justific\u00f3 la medida en los incrementos de combustibles, repuestos y otros rubros. En diciembre de 2014 ya hab\u00eda aumentado un 18 por ciento. El gobierno provincial autoriz\u00f3 un aumento de las tarifas del transporte interurbano de pasajeros del 23 por ciento a partir <a href=\"https:\/\/armstrongyregion.com.ar\/diario\/el-gobierno-provincial-autorizo-suba-del-23-en-el-transporte-interurbano\/\" title=\"Read more\" >&#8230;<\/a><\/p>\n","protected":false},"author":2,"featured_media":3783,"comment_status":"open","ping_status":"open","sticky":false,"template":"","format":"standard","meta":{"_jetpack_memberships_contains_paid_content":false,"footnotes":"","jetpack_publicize_message":"","jetpack_publicize_feature_enabled":true,"jetpack_social_post_already_shared":false,"jetpack_social_options":{"image_generator_settings":{"template":"highway","default_image_id":0,"enabled":false},"version":2}},"categories":[1,2,3],"tags":[2056,2614,53,16,15,38,2616,928,2615,1090],"class_list":["post-3782","post","type-post","status-publish","format-standard","has-post-thumbnail","hentry","category-diario-armstrong","category-locales","category-region","tag-2056","tag-autorizo","tag-del","tag-el","tag-en","tag-gobierno","tag-interurbano","tag-provincial","tag-suba","tag-transporte"],"jetpack_publicize_connections":[],"jetpack_featured_media_url":"https:\/\/armstrongyregion.com.ar\/diario\/wp-content\/uploads\/2015\/08\/colectivo-media-dist.jpg_1572130063.jpg","jetpack_shortlink":"https:\/\/wp.me\/p62QDO-Z0","jetpack_sharing_enabled":true,"amp_enabled":true,"_links":{"self":[{"href":"https:\/\/armstrongyregion.com.ar\/diario\/wp-json\/wp\/v2\/posts\/3782","targetHints":{"allow":["GET"]}}],"collection":[{"href":"https:\/\/armstrongyregion.com.ar\/diario\/wp-json\/wp\/v2\/posts"}],"about":[{"href":"https:\/\/armstrongyregion.com.ar\/diario\/wp-json\/wp\/v2\/types\/post"}],"author":[{"embeddable":true,"href":"https:\/\/armstrongyregion.com.ar\/diario\/wp-json\/wp\/v2\/users\/2"}],"replies":[{"embeddable":true,"href":"https:\/\/armstrongyregion.com.ar\/diario\/wp-json\/wp\/v2\/comments?post=3782"}],"version-history":[{"count":0,"href":"https:\/\/armstrongyregion.com.ar\/diario\/wp-json\/wp\/v2\/posts\/3782\/revisions"}],"wp:featuredmedia":[{"embeddable":true,"href":"https:\/\/armstrongyregion.com.ar\/diario\/wp-json\/wp\/v2\/media\/3783"}],"wp:attachment":[{"href":"https:\/\/armstrongyregion.com.ar\/diario\/wp-json\/wp\/v2\/media?parent=3782"}],"wp:term":[{"taxonomy":"category","embeddable":true,"href":"https:\/\/armstrongyregion.com.ar\/diario\/wp-json\/wp\/v2\/categories?post=3782"},{"taxonomy":"post_tag","embeddable":true,"href":"https:\/\/armstrongyregion.com.ar\/diario\/wp-json\/wp\/v2\/tags?post=3782"}],"curies":[{"name":"wp","href":"https:\/\/api.w.org\/{rel}","templated":true}]}}