{"id":37815,"date":"2023-03-12T01:47:12","date_gmt":"2023-03-12T01:47:12","guid":{"rendered":"https:\/\/armstrongyregion.com.ar\/diario\/?p=37815"},"modified":"2023-03-12T01:47:14","modified_gmt":"2023-03-12T01:47:14","slug":"el-senador-cornaglia-acompano-el-proyecto-para-endurecer-el-sistema-de-prision-preventiva","status":"publish","type":"post","link":"https:\/\/armstrongyregion.com.ar\/diario\/el-senador-cornaglia-acompano-el-proyecto-para-endurecer-el-sistema-de-prision-preventiva\/","title":{"rendered":"El senador Cornaglia acompa\u00f1\u00f3 el proyecto para endurecer el sistema de prisi\u00f3n preventiva."},"content":{"rendered":"\n<figure class=\"wp-block-image size-full\"><a href=\"http:\/\/armstrongyregion.com.ar\/diario\/wp-content\/uploads\/2023\/03\/GC-2023-03-10-Cornaglia-Ley-Cod-Proc-Penal.jpg\"><img loading=\"lazy\" decoding=\"async\" width=\"480\" height=\"270\" src=\"http:\/\/armstrongyregion.com.ar\/diario\/wp-content\/uploads\/2023\/03\/GC-2023-03-10-Cornaglia-Ley-Cod-Proc-Penal.jpg\" alt=\"\" class=\"wp-image-37816\" srcset=\"https:\/\/armstrongyregion.com.ar\/diario\/wp-content\/uploads\/2023\/03\/GC-2023-03-10-Cornaglia-Ley-Cod-Proc-Penal.jpg 480w, https:\/\/armstrongyregion.com.ar\/diario\/wp-content\/uploads\/2023\/03\/GC-2023-03-10-Cornaglia-Ley-Cod-Proc-Penal-300x169.jpg 300w\" sizes=\"auto, (max-width: 480px) 100vw, 480px\" \/><\/a><\/figure>\n\n\n\n<h2 class=\"wp-block-heading\"><strong>La C\u00e1mara Alta provincial dio dictamen favorable al proyecto que busca modificar los art\u00edculos 219, 220 y 221 de la Ley 12734 C\u00f3digo Procesal Penal de Santa Fe.<\/strong><\/h2>\n\n\n\n<p>El senador provincial Guillermo Cornaglia apoy\u00f3 con su voto el proyecto de ley que amplia y endurece el sistema de prisi\u00f3n preventiva a partir de la modificaci\u00f3n de los art\u00edculos 219, 220 y 221 de la Ley 12734 C\u00f3digo Procesal Penal de Santa Fe.<\/p>\n\n\n\n<p>Cornaglia explic\u00f3 que se trabaj\u00f3 sobre dos l\u00edneas principales. En primer lugar, ya no se podr\u00e1n aplicar medidas cautelares alternativas a la prisi\u00f3n cuando en el hecho investigado se haya utilizado un arma de fuego. En otras palabras, al utilizar un arma de fuego se pierden los privilegios y solo corresponde la prisi\u00f3n preventiva.<\/p>\n\n\n\n<p>En segundo lugar, adem\u00e1s de la posibilidad de fuga o entorpecimiento de la causa, se suma a las condiciones para proceder a la prisi\u00f3n preventiva el criterio de peligrosidad. Es decir, no solo se tiene en cuenta la seguridad y preservaci\u00f3n del proceso, sino tambi\u00e9n y sobre todo la seguridad de los ciudadanos en su conjunto.<\/p>\n","protected":false},"excerpt":{"rendered":"<p>La C\u00e1mara Alta provincial dio dictamen favorable al proyecto que busca modificar los art\u00edculos 219, 220 y 221 de la Ley 12734 C\u00f3digo Procesal Penal de Santa Fe. El senador provincial Guillermo Cornaglia apoy\u00f3 con su voto el proyecto de ley que amplia y endurece el sistema de prisi\u00f3n preventiva a partir de la modificaci\u00f3n <a href=\"https:\/\/armstrongyregion.com.ar\/diario\/el-senador-cornaglia-acompano-el-proyecto-para-endurecer-el-sistema-de-prision-preventiva\/\" title=\"Read more\" >&#8230;<\/a><\/p>\n","protected":false},"author":1,"featured_media":37816,"comment_status":"open","ping_status":"open","sticky":false,"template":"","format":"image","meta":{"_jetpack_memberships_contains_paid_content":false,"footnotes":"","jetpack_publicize_message":"","jetpack_publicize_feature_enabled":true,"jetpack_social_post_already_shared":true,"jetpack_social_options":{"image_generator_settings":{"template":"highway","default_image_id":0,"enabled":false},"version":2}},"categories":[8,1,2,7,3],"tags":[8592,1324,16,9086,81,8904,2605,639],"class_list":["post-37815","post","type-post","status-publish","format-image","has-post-thumbnail","hentry","category-deliberando","category-diario-armstrong","category-locales","category-politica","category-region","tag-acompano-2","tag-cornaglia","tag-el","tag-endurecer","tag-para","tag-preventiva","tag-prision","tag-proyecto","post_format-post-format-image"],"jetpack_publicize_connections":[],"jetpack_featured_media_url":"https:\/\/armstrongyregion.com.ar\/diario\/wp-content\/uploads\/2023\/03\/GC-2023-03-10-Cornaglia-Ley-Cod-Proc-Penal.jpg","jetpack_shortlink":"https:\/\/wp.me\/p62QDO-9PV","jetpack_sharing_enabled":true,"amp_enabled":true,"_links":{"self":[{"href":"https:\/\/armstrongyregion.com.ar\/diario\/wp-json\/wp\/v2\/posts\/37815","targetHints":{"allow":["GET"]}}],"collection":[{"href":"https:\/\/armstrongyregion.com.ar\/diario\/wp-json\/wp\/v2\/posts"}],"about":[{"href":"https:\/\/armstrongyregion.com.ar\/diario\/wp-json\/wp\/v2\/types\/post"}],"author":[{"embeddable":true,"href":"https:\/\/armstrongyregion.com.ar\/diario\/wp-json\/wp\/v2\/users\/1"}],"replies":[{"embeddable":true,"href":"https:\/\/armstrongyregion.com.ar\/diario\/wp-json\/wp\/v2\/comments?post=37815"}],"version-history":[{"count":1,"href":"https:\/\/armstrongyregion.com.ar\/diario\/wp-json\/wp\/v2\/posts\/37815\/revisions"}],"predecessor-version":[{"id":37817,"href":"https:\/\/armstrongyregion.com.ar\/diario\/wp-json\/wp\/v2\/posts\/37815\/revisions\/37817"}],"wp:featuredmedia":[{"embeddable":true,"href":"https:\/\/armstrongyregion.com.ar\/diario\/wp-json\/wp\/v2\/media\/37816"}],"wp:attachment":[{"href":"https:\/\/armstrongyregion.com.ar\/diario\/wp-json\/wp\/v2\/media?parent=37815"}],"wp:term":[{"taxonomy":"category","embeddable":true,"href":"https:\/\/armstrongyregion.com.ar\/diario\/wp-json\/wp\/v2\/categories?post=37815"},{"taxonomy":"post_tag","embeddable":true,"href":"https:\/\/armstrongyregion.com.ar\/diario\/wp-json\/wp\/v2\/tags?post=37815"}],"curies":[{"name":"wp","href":"https:\/\/api.w.org\/{rel}","templated":true}]}}