{"id":37808,"date":"2023-03-10T00:12:57","date_gmt":"2023-03-10T00:12:57","guid":{"rendered":"https:\/\/armstrongyregion.com.ar\/diario\/?p=37808"},"modified":"2023-03-10T00:13:00","modified_gmt":"2023-03-10T00:13:00","slug":"armstrong-comenzaron-las-clases-en-el-conservatorio","status":"publish","type":"post","link":"https:\/\/armstrongyregion.com.ar\/diario\/armstrong-comenzaron-las-clases-en-el-conservatorio\/","title":{"rendered":"Armstrong. Comenzaron las clases en el conservatorio."},"content":{"rendered":"\n<figure class=\"wp-block-image size-full\"><a href=\"http:\/\/armstrongyregion.com.ar\/diario\/wp-content\/uploads\/2023\/03\/apertura_conserv2.jpg\"><img loading=\"lazy\" decoding=\"async\" width=\"338\" height=\"225\" src=\"http:\/\/armstrongyregion.com.ar\/diario\/wp-content\/uploads\/2023\/03\/apertura_conserv2.jpg\" alt=\"\" class=\"wp-image-37809\" srcset=\"https:\/\/armstrongyregion.com.ar\/diario\/wp-content\/uploads\/2023\/03\/apertura_conserv2.jpg 338w, https:\/\/armstrongyregion.com.ar\/diario\/wp-content\/uploads\/2023\/03\/apertura_conserv2-300x200.jpg 300w\" sizes=\"auto, (max-width: 338px) 100vw, 338px\" \/><\/a><\/figure>\n\n\n\n<p>El lunes 6 de marzo se dio apertura oficial al ciclo 2023 en el Conservatorio Municipal de M\u00fasica de la ciudad de Armstrong bajo la direcci\u00f3n del Maestro Cristian Gualtieri, con m\u00e1s de 150 alumnos inscritos hasta el momento.<\/p>\n\n\n\n<p>El Intendente Pablo Verdecchia dio su bienvenida y agradecimiento tanto a los alumnos por sumarse a esta oportunidad cultural que se ofrece como a los profesores que transmiten sus conocimientos.<\/p>\n\n\n\n<figure class=\"wp-block-image\"><img decoding=\"async\" src=\"https:\/\/www.armstrong.gov.ar\/2020\/images\/articulos2023\/apertura_conserv.jpg\" alt=\"apertura conserv\"\/><\/figure>\n\n\n\n<p>Desde el presente a\u00f1o, las clases se desarrollar\u00e1n en el nuevo espacio dentro de la Estaci\u00f3n M\u00e1s, ubicada en calle Sanguinetti al 1.500, contando con m\u00e1s amplitud y comodidades para todos los asistentes.&nbsp;<\/p>\n\n\n\n<p>Tambi\u00e9n a partir de este 2023 se suman nuevas c\u00e1tedras para que todos aquellos que sientan alg\u00fan tipo de atracci\u00f3n e inclinaci\u00f3n por las artes, en este caso por la m\u00fasica, sean parte de este espacio.<\/p>\n\n\n\n<p>La grilla de las actividades y horarios es la siguiente:<\/p>\n\n\n\n<ul class=\"wp-block-list\">\n<li>Viol\u00edn: Lunes, entre las 15 y 21 hs., Prof. Ayel\u00e9n Bastida<\/li>\n\n\n\n<li>Acorde\u00f3n: Lunes, entre las 18 y 22 hs., Prof. Cristian Gualtieri<\/li>\n\n\n\n<li>Piano: Lunes, entre las 18 y 22 hs., Prof. Lucas Vacchino<\/li>\n\n\n\n<li>Guitarra cl\u00e1sica: Mi\u00e9rcoles, entre las 17 y 21 hs., Prof. Cristian Guzm\u00e1n<\/li>\n\n\n\n<li>Trompeta y Tromb\u00f3n: Jueves, entre las 16:30 y 22:30 hs., Prof. Facundo Lugente<\/li>\n\n\n\n<li>Bater\u00eda y Percusi\u00f3n: Martes, de 9 a 11 hs. y de 14 a 18 hs., Prof. Valent\u00edn Marquez<\/li>\n\n\n\n<li>Guitarra el\u00e9ctrica y Bajo: Martes, entre las 15 y 21 hs., Prof. Joaqu\u00edn Mart\u00ednez<\/li>\n\n\n\n<li>Clarinete y Flauta Traversa: Martes y mi\u00e9rcoles, de 18 a 21 hs., Prof. Graciela Ortiz<\/li>\n\n\n\n<li>Lenguaje Musical 1, 2 y 3: Martes, de 16:30 a 22:30 hs., Prof. Nanci Roca<\/li>\n\n\n\n<li>Saxo: Viernes, de 16:30 a 22:30 hs., Prof. Federico Sigrist<\/li>\n\n\n\n<li>Iniciaci\u00f3n Musical: Jueves, de 17:30 a 18:30 hs., Prof. Nanci Roca<\/li>\n<\/ul>\n\n\n\n<p>Elencos:<\/p>\n\n\n\n<ul class=\"wp-block-list\">\n<li>Coro de Ni\u00f1os: Jueves, de 18:30 a 19:30 hs., Prof. Nanci Roca<\/li>\n\n\n\n<li>Coro de Adultos: Jueves, de 19:30 a 21:30 hs., Prof. Nanci Roca<\/li>\n\n\n\n<li>Ensamble de Vientos: Lunes, de 20:30 a 22:30 hs., Prof. Cristian Gualtieri<\/li>\n\n\n\n<li>Banda Infanto Juvenil: Lunes, de 19 a 21 hs., Prof. Valent\u00edn Marquez y Joaqu\u00edn Mart\u00ednez<\/li>\n\n\n\n<li>Ensamble Folkl\u00f3rico: Martes, de 18:30 a 22:30 hs., Prof. Cristian Guzm\u00e1n<\/li>\n<\/ul>\n","protected":false},"excerpt":{"rendered":"<p>El lunes 6 de marzo se dio apertura oficial al ciclo 2023 en el Conservatorio Municipal de M\u00fasica de la ciudad de Armstrong bajo la direcci\u00f3n del Maestro Cristian Gualtieri, con m\u00e1s de 150 alumnos inscritos hasta el momento. El Intendente Pablo Verdecchia dio su bienvenida y agradecimiento tanto a los alumnos por sumarse a <a href=\"https:\/\/armstrongyregion.com.ar\/diario\/armstrong-comenzaron-las-clases-en-el-conservatorio\/\" title=\"Read more\" >&#8230;<\/a><\/p>\n","protected":false},"author":1,"featured_media":37809,"comment_status":"open","ping_status":"open","sticky":false,"template":"","format":"image","meta":{"_jetpack_memberships_contains_paid_content":false,"footnotes":"","jetpack_publicize_message":"","jetpack_publicize_feature_enabled":true,"jetpack_social_post_already_shared":true,"jetpack_social_options":{"image_generator_settings":{"template":"highway","default_image_id":0,"enabled":false},"version":2}},"categories":[6,8,1,2,7,3],"tags":[20,1027,701,3660,16,15,23],"class_list":["post-37808","post","type-post","status-publish","format-image","has-post-thumbnail","hentry","category-cultura-entretenimiento","category-deliberando","category-diario-armstrong","category-locales","category-politica","category-region","tag-armstrong","tag-clases","tag-comenzaron","tag-conservatorio","tag-el","tag-en","tag-las","post_format-post-format-image"],"jetpack_publicize_connections":[],"jetpack_featured_media_url":"https:\/\/armstrongyregion.com.ar\/diario\/wp-content\/uploads\/2023\/03\/apertura_conserv2.jpg","jetpack_shortlink":"https:\/\/wp.me\/p62QDO-9PO","jetpack_sharing_enabled":true,"amp_enabled":true,"_links":{"self":[{"href":"https:\/\/armstrongyregion.com.ar\/diario\/wp-json\/wp\/v2\/posts\/37808","targetHints":{"allow":["GET"]}}],"collection":[{"href":"https:\/\/armstrongyregion.com.ar\/diario\/wp-json\/wp\/v2\/posts"}],"about":[{"href":"https:\/\/armstrongyregion.com.ar\/diario\/wp-json\/wp\/v2\/types\/post"}],"author":[{"embeddable":true,"href":"https:\/\/armstrongyregion.com.ar\/diario\/wp-json\/wp\/v2\/users\/1"}],"replies":[{"embeddable":true,"href":"https:\/\/armstrongyregion.com.ar\/diario\/wp-json\/wp\/v2\/comments?post=37808"}],"version-history":[{"count":1,"href":"https:\/\/armstrongyregion.com.ar\/diario\/wp-json\/wp\/v2\/posts\/37808\/revisions"}],"predecessor-version":[{"id":37810,"href":"https:\/\/armstrongyregion.com.ar\/diario\/wp-json\/wp\/v2\/posts\/37808\/revisions\/37810"}],"wp:featuredmedia":[{"embeddable":true,"href":"https:\/\/armstrongyregion.com.ar\/diario\/wp-json\/wp\/v2\/media\/37809"}],"wp:attachment":[{"href":"https:\/\/armstrongyregion.com.ar\/diario\/wp-json\/wp\/v2\/media?parent=37808"}],"wp:term":[{"taxonomy":"category","embeddable":true,"href":"https:\/\/armstrongyregion.com.ar\/diario\/wp-json\/wp\/v2\/categories?post=37808"},{"taxonomy":"post_tag","embeddable":true,"href":"https:\/\/armstrongyregion.com.ar\/diario\/wp-json\/wp\/v2\/tags?post=37808"}],"curies":[{"name":"wp","href":"https:\/\/api.w.org\/{rel}","templated":true}]}}