{"id":37794,"date":"2023-03-08T22:13:15","date_gmt":"2023-03-08T22:13:15","guid":{"rendered":"https:\/\/armstrongyregion.com.ar\/diario\/?p=37794"},"modified":"2023-03-08T22:13:17","modified_gmt":"2023-03-08T22:13:17","slug":"en-expoagro-vialidad-nacional-dio-a-conocer-las-obras-en-ejecucion-en-una-de-las-regiones-mas-productivas-del-pais","status":"publish","type":"post","link":"https:\/\/armstrongyregion.com.ar\/diario\/en-expoagro-vialidad-nacional-dio-a-conocer-las-obras-en-ejecucion-en-una-de-las-regiones-mas-productivas-del-pais\/","title":{"rendered":"En EXPOAGRO, Vialidad Nacional di\u00f3 a conocer las obras en ejecuci\u00f3n en una de las regiones m\u00e1s productivas del pa\u00eds."},"content":{"rendered":"\n<figure class=\"wp-block-image size-full\"><a href=\"http:\/\/armstrongyregion.com.ar\/diario\/wp-content\/uploads\/2023\/03\/El-administrador-general-de-Vialidad-Nacional-Gustavo-Arrieta-particip....jpg\"><img loading=\"lazy\" decoding=\"async\" width=\"492\" height=\"277\" src=\"http:\/\/armstrongyregion.com.ar\/diario\/wp-content\/uploads\/2023\/03\/El-administrador-general-de-Vialidad-Nacional-Gustavo-Arrieta-particip....jpg\" alt=\"\" class=\"wp-image-37795\" srcset=\"https:\/\/armstrongyregion.com.ar\/diario\/wp-content\/uploads\/2023\/03\/El-administrador-general-de-Vialidad-Nacional-Gustavo-Arrieta-particip....jpg 492w, https:\/\/armstrongyregion.com.ar\/diario\/wp-content\/uploads\/2023\/03\/El-administrador-general-de-Vialidad-Nacional-Gustavo-Arrieta-particip...-300x169.jpg 300w\" sizes=\"auto, (max-width: 492px) 100vw, 492px\" \/><\/a><\/figure>\n\n\n\n<h2 class=\"wp-block-heading\"><em>Con un stand, el organismo vial nacional dio a conocer las obras m\u00e1s importantes que se desarrollan en Buenos Aires, C\u00f3rdoba, Entre R\u00edos, La Pampa y Santa Fe. Adem\u00e1s, se exhibi\u00f3 maquinaria vial de \u00faltima generaci\u00f3n adquirida entre 2020 y 2021. Gustavo Arrieta, administrador general, afirm\u00f3 que \u201cno podemos concebir una provincia ni un pa\u00eds que se desarrolle productivamente si sus rutas no est\u00e1n en \u00f3ptimas condiciones\u201d.<\/em><\/h2>\n\n\n\n<figure class=\"wp-block-image size-full\"><a href=\"http:\/\/armstrongyregion.com.ar\/diario\/wp-content\/uploads\/2023\/03\/El-publico-puede-acercarse-al-stand-de-Vialidad-Nacional-donde-estan-exh....jpg\"><img loading=\"lazy\" decoding=\"async\" width=\"492\" height=\"277\" src=\"http:\/\/armstrongyregion.com.ar\/diario\/wp-content\/uploads\/2023\/03\/El-publico-puede-acercarse-al-stand-de-Vialidad-Nacional-donde-estan-exh....jpg\" alt=\"\" class=\"wp-image-37796\" srcset=\"https:\/\/armstrongyregion.com.ar\/diario\/wp-content\/uploads\/2023\/03\/El-publico-puede-acercarse-al-stand-de-Vialidad-Nacional-donde-estan-exh....jpg 492w, https:\/\/armstrongyregion.com.ar\/diario\/wp-content\/uploads\/2023\/03\/El-publico-puede-acercarse-al-stand-de-Vialidad-Nacional-donde-estan-exh...-300x169.jpg 300w\" sizes=\"auto, (max-width: 492px) 100vw, 492px\" \/><\/a><\/figure>\n\n\n\n<p>El Ministerio de Obras P\u00fablicas, a trav\u00e9s de Vialidad Nacional, participa en San Nicol\u00e1s de los Arroyos de la mega muestra Expoagro 2023 mediante la instalaci\u00f3n de un stand en el que se dan a conocer algunas de las obras m\u00e1s importantes que se encuentran en ejecuci\u00f3n en las provincias de Buenos Aires, C\u00f3rdoba, Entre R\u00edos, La Pampa y Santa Fe, que abarcan a una de las regiones m\u00e1s productivas del pa\u00eds.<\/p>\n\n\n\n<figure class=\"wp-block-image size-full\"><a href=\"http:\/\/armstrongyregion.com.ar\/diario\/wp-content\/uploads\/2023\/03\/En-el-stand-de-Vialidad-Nacional-se-proyectaron-imagenes-de-obras-actual....jpg\"><img loading=\"lazy\" decoding=\"async\" width=\"492\" height=\"277\" src=\"http:\/\/armstrongyregion.com.ar\/diario\/wp-content\/uploads\/2023\/03\/En-el-stand-de-Vialidad-Nacional-se-proyectaron-imagenes-de-obras-actual....jpg\" alt=\"\" class=\"wp-image-37797\" srcset=\"https:\/\/armstrongyregion.com.ar\/diario\/wp-content\/uploads\/2023\/03\/En-el-stand-de-Vialidad-Nacional-se-proyectaron-imagenes-de-obras-actual....jpg 492w, https:\/\/armstrongyregion.com.ar\/diario\/wp-content\/uploads\/2023\/03\/En-el-stand-de-Vialidad-Nacional-se-proyectaron-imagenes-de-obras-actual...-300x169.jpg 300w\" sizes=\"auto, (max-width: 492px) 100vw, 492px\" \/><\/a><\/figure>\n\n\n\n<p>Luego de participar del acto de apertura donde se realiz\u00f3 el tradicional corte de cinta, el administrador general de Vialidad Nacional, Gustavo Arrieta, expres\u00f3 que \u201cesta muestra tiene que ver con la producci\u00f3n, el trabajo y todo aquello que est\u00e1 relacionado con nuestras comunidades del interior de la provincia de Buenos Aires, donde invariablemente Vialidad ocupa un lugar fundamental debido a que las rutas permiten el traslado de la producci\u00f3n, la conectividad, la seguridad vial y la log\u00edstica\u201d. Al respecto, a\u00f1adi\u00f3 que \u201cno podemos concebir una provincia ni un pa\u00eds que se desarrolle si sus rutas no est\u00e1n en \u00f3ptimas condiciones\u201d.<\/p>\n\n\n\n<p>Semanas antes de la inauguraci\u00f3n de la muestra,&nbsp;Arrieta y el gerente ejecutivo de Regiones y Distritos Provinciales, Patricio Garc\u00eda, entre otras autoridades de Vialidad Nacional, se reunieron con los responsables de la organizaci\u00f3n del evento, con quienes acordaron mejorar todos los ingresos a Expoagro para que estuvieran adecuadamente preparados y fueran accesibles, no solo por la Ruta Nacional 9 sino tambi\u00e9n por las entradas secundarias. El acondicionamiento de los caminos fue realizado por personal del 1\u00b0 Distrito Buenos Aires de Vialidad Nacional.<\/p>\n\n\n\n<p>En el stand, que podr\u00e1 ser visitado hasta este viernes 10 de marzo, se exhibi\u00f3 una pala cargadora, un cami\u00f3n bacheador, una mini pala, una motoniveladora y cinco camionetas Nissan 4&#215;4 adquiridas en el marco del Plan Federal de Fortalecimiento Vial 2021-2022, que cont\u00f3 con una inversi\u00f3n superior a los $190 millones por parte del Ministerio de Obras P\u00fablicas, a trav\u00e9s de Vialidad Nacional, para incorporar maquinaria y veh\u00edculos de \u00faltima generaci\u00f3n que fueron destinados a los 24 distritos del pa\u00eds.<\/p>\n\n\n\n<p>Asimismo, se proyectaron im\u00e1genes de obras actualmente en ejecuci\u00f3n en las provincias de Buenos Aires, C\u00f3rdoba, Entre R\u00edos, La Pampa y Santa Fe, por donde pasan algunas de las rutas&nbsp;nacionales de mayor importancia para el traslado de la producci\u00f3n agr\u00edcola de la regi\u00f3n Centro del pa\u00eds.<\/p>\n\n\n\n<p>En territorio bonaerense se lleva a cabo la transformaci\u00f3n en autopista de la Ruta Nacional 8 entre Pilar y Pergamino, que en la actualidad comprende dos tramos en ejecuci\u00f3n: Todd \u2013 Fontezuela y el distribuidor de acceso a la localidad de Juan Anchorena. Mediante una inversi\u00f3n de m\u00e1s de $8.200 millones, esta obra&nbsp;optimizar\u00e1 el movimiento de cargas agroganaderas y agroindustriales de exportaci\u00f3n desde y hacia Santa Fe, C\u00f3rdoba y San Luis.<\/p>\n\n\n\n<p>Por otra parte, sobre la Ruta Nacional 7 se desarrolla la obra de autopista entre Luj\u00e1n y Jun\u00edn, cuyos dos tramos en ejecuci\u00f3n\u2014 Carmen de Areco-Chacabuco y la Variante Chacabuco\u2014 comprenden un total de 78 kil\u00f3metros e implican una inversi\u00f3n superior a los $34.200 millones por parte del organismo vial nacional. La RN&nbsp;7 es el primer corredor internacional del pa\u00eds vinculado al movimiento de cargas del Mercosur, y su transformaci\u00f3n en autopista mejorar\u00e1 la conexi\u00f3n e integraci\u00f3n de los principales centros agro ganaderos e industriales del noroeste de Buenos Aires con los puertos exportadores.<\/p>\n\n\n\n<p>En otra l\u00ednea, en Santa Fe se destaca la ejecuci\u00f3n de la Autopista RN 34 entre Rosario y Sunchales, que agilizar\u00e1 el transporte desde el polo industrial de Rafaela y la cuenca lechera, as\u00ed como el traslado de la producci\u00f3n agropecuaria hacia los puertos de Buenos Aires y Rosario. Actualmente, son tres los tramos en ejecuci\u00f3n, que suman un total de 57,6 kil\u00f3metros. Se trata del trayecto que va desde el empalme con la Ruta Nacional 19 hasta el empalme con la Ruta Provincial 13; la Variante Rafaela; y desde el empalme con la RP 13, a la altura de Ataliva, hasta Sunchales.<\/p>\n\n\n\n<p>En C\u00f3rdoba, Vialidad Nacional ejecuta la circunvalaci\u00f3n de Villa Mar\u00eda, que forma parte de la obra de transformaci\u00f3n en autopista de la RN 158 entre San Francisco y R\u00edo Primero. El mencionado bypass, de 13 kil\u00f3metros de extensi\u00f3n, mejorar\u00e1 la integraci\u00f3n del eje Mercosur \u2013 Chile, por donde se moviliza el 70% de la actividad productiva y econ\u00f3mica de Am\u00e9rica del Sur. Adem\u00e1s, agilizar\u00e1 la conexi\u00f3n de zonas altamente productivas del sudeste de C\u00f3rdoba, como San Francisco, Villa Mar\u00eda y R\u00edo Cuarto, con los puertos de la regi\u00f3n centro.<\/p>\n\n\n\n<p>En Entre R\u00edos, la autov\u00eda de la Ruta Nacional 18 entre Paran\u00e1 y Concordia avanza a buen ritmo en el tramo que se desarrolla entre el empalme con la RN 12 y el arroyo Sandoval. La RN 12 forma parte del conjunto de rutas que componen los corredores internacionales bioce\u00e1nicos que conectan los puertos de Chile con Brasil. Una vez finalizada la obra, se agilizar\u00e1 el traslado de carga arrocera desde San Salvador (Capital Nacional del Arroz) y desde el Parque Industrial de Villaguay hacia los puertos de Santa Fe y Z\u00e1rate.<\/p>\n","protected":false},"excerpt":{"rendered":"<p>Con un stand, el organismo vial nacional dio a conocer las obras m\u00e1s importantes que se desarrollan en Buenos Aires, C\u00f3rdoba, Entre R\u00edos, La Pampa y Santa Fe. Adem\u00e1s, se exhibi\u00f3 maquinaria vial de \u00faltima generaci\u00f3n adquirida entre 2020 y 2021. Gustavo Arrieta, administrador general, afirm\u00f3 que \u201cno podemos concebir una provincia ni un pa\u00eds <a href=\"https:\/\/armstrongyregion.com.ar\/diario\/en-expoagro-vialidad-nacional-dio-a-conocer-las-obras-en-ejecucion-en-una-de-las-regiones-mas-productivas-del-pais\/\" title=\"Read more\" >&#8230;<\/a><\/p>\n","protected":false},"author":1,"featured_media":37795,"comment_status":"open","ping_status":"open","sticky":false,"template":"","format":"image","meta":{"_jetpack_memberships_contains_paid_content":false,"footnotes":"","jetpack_publicize_message":"","jetpack_publicize_feature_enabled":true,"jetpack_social_post_already_shared":true,"jetpack_social_options":{"image_generator_settings":{"template":"highway","default_image_id":0,"enabled":false},"version":2}},"categories":[8,1,2819,2,7,3],"tags":[33,683,1082,15,9082,621,2267],"class_list":["post-37794","post","type-post","status-publish","format-image","has-post-thumbnail","hentry","category-deliberando","category-diario-armstrong","category-el-pais","category-locales","category-politica","category-region","tag-a","tag-conocer","tag-ejecucion","tag-en","tag-expoagro","tag-nacional","tag-vialidad","post_format-post-format-image"],"jetpack_publicize_connections":[],"jetpack_featured_media_url":"https:\/\/armstrongyregion.com.ar\/diario\/wp-content\/uploads\/2023\/03\/El-administrador-general-de-Vialidad-Nacional-Gustavo-Arrieta-particip....jpg","jetpack_shortlink":"https:\/\/wp.me\/p62QDO-9PA","jetpack_sharing_enabled":true,"amp_enabled":true,"_links":{"self":[{"href":"https:\/\/armstrongyregion.com.ar\/diario\/wp-json\/wp\/v2\/posts\/37794","targetHints":{"allow":["GET"]}}],"collection":[{"href":"https:\/\/armstrongyregion.com.ar\/diario\/wp-json\/wp\/v2\/posts"}],"about":[{"href":"https:\/\/armstrongyregion.com.ar\/diario\/wp-json\/wp\/v2\/types\/post"}],"author":[{"embeddable":true,"href":"https:\/\/armstrongyregion.com.ar\/diario\/wp-json\/wp\/v2\/users\/1"}],"replies":[{"embeddable":true,"href":"https:\/\/armstrongyregion.com.ar\/diario\/wp-json\/wp\/v2\/comments?post=37794"}],"version-history":[{"count":1,"href":"https:\/\/armstrongyregion.com.ar\/diario\/wp-json\/wp\/v2\/posts\/37794\/revisions"}],"predecessor-version":[{"id":37798,"href":"https:\/\/armstrongyregion.com.ar\/diario\/wp-json\/wp\/v2\/posts\/37794\/revisions\/37798"}],"wp:featuredmedia":[{"embeddable":true,"href":"https:\/\/armstrongyregion.com.ar\/diario\/wp-json\/wp\/v2\/media\/37795"}],"wp:attachment":[{"href":"https:\/\/armstrongyregion.com.ar\/diario\/wp-json\/wp\/v2\/media?parent=37794"}],"wp:term":[{"taxonomy":"category","embeddable":true,"href":"https:\/\/armstrongyregion.com.ar\/diario\/wp-json\/wp\/v2\/categories?post=37794"},{"taxonomy":"post_tag","embeddable":true,"href":"https:\/\/armstrongyregion.com.ar\/diario\/wp-json\/wp\/v2\/tags?post=37794"}],"curies":[{"name":"wp","href":"https:\/\/api.w.org\/{rel}","templated":true}]}}