{"id":37790,"date":"2023-03-08T16:53:22","date_gmt":"2023-03-08T16:53:22","guid":{"rendered":"https:\/\/armstrongyregion.com.ar\/diario\/?p=37790"},"modified":"2023-03-08T16:53:25","modified_gmt":"2023-03-08T16:53:25","slug":"gramigna-nuestro-espacio-politico-trabaja-desde-la-fuerza-del-dialogo-y-la-fuerza-del-consenso","status":"publish","type":"post","link":"https:\/\/armstrongyregion.com.ar\/diario\/gramigna-nuestro-espacio-politico-trabaja-desde-la-fuerza-del-dialogo-y-la-fuerza-del-consenso\/","title":{"rendered":"Gramigna: \u00abNuestro espacio pol\u00edtico trabaja desde la fuerza del di\u00e1logo y la fuerza del consenso\u00bb."},"content":{"rendered":"\n<figure class=\"wp-block-image size-large\"><a href=\"http:\/\/armstrongyregion.com.ar\/diario\/wp-content\/uploads\/2016\/03\/DSC_0659.jpg\"><img loading=\"lazy\" decoding=\"async\" width=\"1024\" height=\"683\" src=\"http:\/\/armstrongyregion.com.ar\/diario\/wp-content\/uploads\/2016\/03\/DSC_0659-1024x683.jpg\" alt=\"Gramigna-Emiliano-\" class=\"wp-image-6505\" srcset=\"https:\/\/armstrongyregion.com.ar\/diario\/wp-content\/uploads\/2016\/03\/DSC_0659-1024x683.jpg 1024w, https:\/\/armstrongyregion.com.ar\/diario\/wp-content\/uploads\/2016\/03\/DSC_0659-300x200.jpg 300w\" sizes=\"auto, (max-width: 1024px) 100vw, 1024px\" \/><\/a><\/figure>\n\n\n\n<p><strong>El concejal Emiliano Gramigna a trav\u00e9s de los medios locales dijo: \u201cComo todos los a\u00f1os me parece muy bueno para la democracia de la ciudad que el intendente de apertura a las sesiones, mas all\u00e1 de eso se pueden compartir o no distintos aspectos de su discurso o de lo que plantea de la ciudad pero independientemente de ello es la visi\u00f3n que cada uno pueda tener de lo que quiere no solamente para el presente sino para el futuro\u201d.<\/strong><\/p>\n\n\n\n<p><strong>El edil a\u00f1adi\u00f3: \u201cCabe destacar que la aprobaci\u00f3n de una nueva etapa de cloacas es algo que nosotros estuvimos trabajando para coloaborar en la gesti\u00f3n. Tambien hoy me parece primordial para la infraestructura de la ciudad el tema del helic\u00f3ptero sanitario, como as\u00ed tambi\u00e9n el monitoreo, \u00e9stas son cuestiones que cuando se plantearon en su momento hab\u00eda algun tipo de diferencias, de como aplicarlo o como hacerlo y hoy vemos que es algo que ya se tiene naturalizado y se tiene que trabajar as\u00ed\u201d.<\/strong><\/p>\n\n\n\n<p>\u201c<strong>Desde nuestro lugar, siempre decimos que nuestro espacio politico trabaja desde la fuerza del dialogo, bajo la fuerza del consenso y que lo que es bueno para los ciudadanos venga de donde venga va a seguir siendo bueno\u201d. Afirm\u00f3 el legislador.<\/strong><\/p>\n\n\n\n<p>\u201c<strong>Que se anuncie un nuevo loteo municipal es algo totalmente pr\u00f3spero para quienes alquilamos y necesitamos poder acceder a un lote para poder construir, siendo que la realidad de los precios de Armstrong no estan acorde a los sueldos que hoy estamos teniendo. Este es un avance enorme\u201d.<\/strong><\/p>\n","protected":false},"excerpt":{"rendered":"<p>El concejal Emiliano Gramigna a trav\u00e9s de los medios locales dijo: \u201cComo todos los a\u00f1os me parece muy bueno para la democracia de la ciudad que el intendente de apertura a las sesiones, mas all\u00e1 de eso se pueden compartir o no distintos aspectos de su discurso o de lo que plantea de la ciudad <a href=\"https:\/\/armstrongyregion.com.ar\/diario\/gramigna-nuestro-espacio-politico-trabaja-desde-la-fuerza-del-dialogo-y-la-fuerza-del-consenso\/\" title=\"Read more\" >&#8230;<\/a><\/p>\n","protected":false},"author":1,"featured_media":6505,"comment_status":"open","ping_status":"open","sticky":false,"template":"","format":"image","meta":{"_jetpack_memberships_contains_paid_content":false,"footnotes":"","jetpack_publicize_message":"","jetpack_publicize_feature_enabled":true,"jetpack_social_post_already_shared":true,"jetpack_social_options":{"image_generator_settings":{"template":"highway","default_image_id":0,"enabled":false},"version":2}},"categories":[8,1,2,7,3],"tags":[2105,9078,16,200,979,1755,201,511],"class_list":["post-37790","post","type-post","status-publish","format-image","has-post-thumbnail","hentry","category-deliberando","category-diario-armstrong","category-locales","category-politica","category-region","tag-desde","tag-dialogo","tag-el","tag-espacio","tag-gramigna","tag-nuestro","tag-politico","tag-trabaja","post_format-post-format-image"],"jetpack_publicize_connections":[],"jetpack_featured_media_url":"https:\/\/armstrongyregion.com.ar\/diario\/wp-content\/uploads\/2016\/03\/DSC_0659.jpg","jetpack_shortlink":"https:\/\/wp.me\/p62QDO-9Pw","jetpack_sharing_enabled":true,"amp_enabled":true,"_links":{"self":[{"href":"https:\/\/armstrongyregion.com.ar\/diario\/wp-json\/wp\/v2\/posts\/37790","targetHints":{"allow":["GET"]}}],"collection":[{"href":"https:\/\/armstrongyregion.com.ar\/diario\/wp-json\/wp\/v2\/posts"}],"about":[{"href":"https:\/\/armstrongyregion.com.ar\/diario\/wp-json\/wp\/v2\/types\/post"}],"author":[{"embeddable":true,"href":"https:\/\/armstrongyregion.com.ar\/diario\/wp-json\/wp\/v2\/users\/1"}],"replies":[{"embeddable":true,"href":"https:\/\/armstrongyregion.com.ar\/diario\/wp-json\/wp\/v2\/comments?post=37790"}],"version-history":[{"count":1,"href":"https:\/\/armstrongyregion.com.ar\/diario\/wp-json\/wp\/v2\/posts\/37790\/revisions"}],"predecessor-version":[{"id":37791,"href":"https:\/\/armstrongyregion.com.ar\/diario\/wp-json\/wp\/v2\/posts\/37790\/revisions\/37791"}],"wp:featuredmedia":[{"embeddable":true,"href":"https:\/\/armstrongyregion.com.ar\/diario\/wp-json\/wp\/v2\/media\/6505"}],"wp:attachment":[{"href":"https:\/\/armstrongyregion.com.ar\/diario\/wp-json\/wp\/v2\/media?parent=37790"}],"wp:term":[{"taxonomy":"category","embeddable":true,"href":"https:\/\/armstrongyregion.com.ar\/diario\/wp-json\/wp\/v2\/categories?post=37790"},{"taxonomy":"post_tag","embeddable":true,"href":"https:\/\/armstrongyregion.com.ar\/diario\/wp-json\/wp\/v2\/tags?post=37790"}],"curies":[{"name":"wp","href":"https:\/\/api.w.org\/{rel}","templated":true}]}}