{"id":3779,"date":"2015-08-27T02:53:52","date_gmt":"2015-08-27T02:53:52","guid":{"rendered":"https:\/\/armstrongyregion.com.ar\/diario\/?p=3779"},"modified":"2015-08-27T02:53:52","modified_gmt":"2015-08-27T02:53:52","slug":"canada-de-gomez-lalcec-organizara-una-convencion-regional","status":"publish","type":"post","link":"https:\/\/armstrongyregion.com.ar\/diario\/canada-de-gomez-lalcec-organizara-una-convencion-regional\/","title":{"rendered":"Ca\u00f1ada de G\u00f3mez. LALCEC organizar\u00e1 una convenci\u00f3n regional."},"content":{"rendered":"<p><a href=\"http:\/\/armstrongyregion.com.ar\/diario\/wp-content\/uploads\/2015\/08\/Alcec.jpg\"><img loading=\"lazy\" decoding=\"async\" class=\"alignnone size-medium wp-image-3780\" src=\"http:\/\/armstrongyregion.com.ar\/diario\/wp-content\/uploads\/2015\/08\/Alcec-300x225.jpg\" alt=\"Alcec-armstrong-y-region-\" width=\"300\" height=\"225\" srcset=\"https:\/\/armstrongyregion.com.ar\/diario\/wp-content\/uploads\/2015\/08\/Alcec-300x225.jpg 300w, https:\/\/armstrongyregion.com.ar\/diario\/wp-content\/uploads\/2015\/08\/Alcec.jpg 720w\" sizes=\"auto, (max-width: 300px) 100vw, 300px\" \/><\/a>La Filial Ca\u00f1ada de G\u00f3mez ser\u00e1 la Coordinadora de la Regi\u00f3n 4 que abarca las provincias de Santa Fe y Entre R\u00edos. Desde la instituci\u00f3n lo consideran un paso importante en el crecimiento de la misma.<\/p>\n<p>FUENTE: PERIODICO EL INFORME DE LA CIUDAD \u2013 CA\u00d1ADA DE GOMEZ<\/p>\n<p>La filial de LALCEC de nuestra ciudad qued\u00f3 como Coordinadora de la Regi\u00f3n 4 organizando el pr\u00f3ximo s\u00e1bado 29 de Agosto la Convenci\u00f3n Regional en la Casa del Bicentenario. Mar\u00eda Teresa Abrate, presidenta de la instituci\u00f3n, coment\u00f3 sobre la Convenci\u00f3n y el trabajo realizado.<br \/>\n\u00bfCu\u00e1l es la funci\u00f3n del Coordinador?<br \/>\nM.T.A.: Significa que se va a abordar la coordinaci\u00f3n de todos los LACEC que existen en la provincias de Santa Fe y Entre R\u00edos. Significa tratar de saber todos los problemas que tienen cada filial, comunicarnos y que estemos en permanente contacto. En este caso la coordinaci\u00f3n la lleva a cargo Anal\u00eda Pascutti, vicepresidenta de la instituci\u00f3n.<br \/>\n\u00bfCu\u00e1l es su objetivo de la Coordinaci\u00f3n?<br \/>\nM.T.A.: Apuntamos a que todas estas filiales nos vayamos nutriendo unas con otras, de los aciertos que han tenido cada filial, a su vez de las problem\u00e1ticas que se encuentran en este trabajo de la prevenci\u00f3n oncol\u00f3gica. Por tanto es un trabajo que implica un crecer permanente, o sea el crecer para poder trabajar en prevenci\u00f3n oncol\u00f3gica e ir mejorando cada vez m\u00e1s nuestros objetivos, nuestros trabajos, nuestras campa\u00f1as. Es decir, como las podemos ir haciendo para que cada vez est\u00e9n dirigidas a m\u00e1s cantidad de personas y a su vez poderlas sintetizar en informaci\u00f3n para que nos queden registros y nos sirvan de estad\u00edsticas para ir aprendiendo lo que pasa en todo el pa\u00eds con respecto a lo oncol\u00f3gico.<br \/>\n\u00bfC\u00f3mo surgi\u00f3 Ca\u00f1ada de G\u00f3mez como Coordinadora de la Regi\u00f3n 4?<br \/>\nM.T.A.: LALCEC tiene una sede central en Buenos Aires y a su vez esa sede est\u00e1 conectada con Europa y Estados Unidos, o sea que se trabaja a nivel mundial. En el pa\u00eds cada filial responde a LALCEC central, estamos coordinados con ellos y una vez al a\u00f1o nos encontramos en convenciones nacionales. Lo que pasa es que esta vez no alcanzaban los tiempos para que todas las provincias puedan volcar sus inquietudes, entonces desde hace much\u00edsimos a\u00f1os se divide al pa\u00eds por regi\u00f3n. Nosotros pertenecemos a la Regi\u00f3n 4 que en un momento estuvo coordinada por Rosario, otro momento por Casilda y hacia ya cuatro a\u00f1os que esta regi\u00f3n no tenia coordinaci\u00f3n porque otras regiones no pod\u00edan tomarlas. Y en la \u00faltima convenci\u00f3n en C\u00f3rdoba lo aceptamos, lo planteamos en Comisi\u00f3n Directiva y fue aceptado por mayor\u00eda, as\u00ed empezamos a caminar este nuevo tramo del LACEC Ca\u00f1ada de G\u00f3mez en la coordinaci\u00f3n.<br \/>\n\u00bfTienen establecido cada cuanto se van organizar las Convenciones?<br \/>\nM.T.A.: En realidad nos vamos a ir juntando una vez al a\u00f1o. A su vez la comunicaci\u00f3n es diaria porque todos los d\u00edas se reciben correos y se contestan, esa es la din\u00e1mica del trabajo en red. Queremos que se conozcan en todo el pa\u00eds las experiencias positivas de todas las filiales, ver todas las posibilidades de comunicaci\u00f3n en esta era tecnol\u00f3gica, creo que la comunicaci\u00f3n tecnol\u00f3gica es muy importante pero para m\u00ed no hay nada mejor que la comunicaci\u00f3n verbal, el hecho de vernos la cara, conocernos y obviamente de aprender entre todos.<br \/>\nSin tener un coordinador en la Regi\u00f3n 4, \u00bfC\u00f3mo es la comunicaci\u00f3n con LALCEC Buenos Aires?<br \/>\nM.T.A.: En realidad la comunicaci\u00f3n siempre fue muy fluida, esta nueva comisi\u00f3n que abord\u00f3 LALCEC Buenos Aires fue considerando a todo el pa\u00eds, es m\u00e1s, nosotros hace un a\u00f1o atr\u00e1s ganamos junto a otras filiales un concurso de Danone y recibimos la donaci\u00f3n de 300 mamograf\u00edas gratuitas de Danone que las distribuimos en toda la zona de Ca\u00f1ada de G\u00f3mez ya que intentamos resolver los problemas de la zona y consustanciarnos con lo que es la regi\u00f3n, por eso esta Sala Oncol\u00f3gica no apunta a solamente al paciente oncol\u00f3gico de Ca\u00f1ada de G\u00f3mez sino a toda una regi\u00f3n.<br \/>\n\u00bfConsideran tomar la Coordinaci\u00f3n como un crecimiento para la instituci\u00f3n?<br \/>\nM.T.A.: Exactamente, eso nos hace crecer como instituci\u00f3n, yo siempre digo que todo desaf\u00edo te hace crecer en lo institucional y tambi\u00e9n como persona, porque el hecho de podernos escuchar, comprender y tratar de entender la problem\u00e1tica del otro te hace en definitiva crecer como instituci\u00f3n pero a su vez crecer como persona.<br \/>\n\u00bfQu\u00e9 objetivos se plantearon como coordinadores?<br \/>\nM.T.A.: Si, el tema m\u00e1s importante de esta convenci\u00f3n va a ser la comunicaci\u00f3n porque en realidad esta regi\u00f3n desde hace cuatro a\u00f1os al no tener una coordinaci\u00f3n est\u00e1 la falencia de la comunicaci\u00f3n y para un objetivo de una red que es lo que nosotros estamos trabajando en este momento el poder afianzar la comunicaci\u00f3n entre todos va a hacer que la din\u00e1mica de trabajo sea m\u00e1s efectiva. Tenemos siempre campa\u00f1as a nivel nacional, entonces la idea es poder ir trabajando estas campa\u00f1as y optimizando los trabajos.<br \/>\n\u00bfCu\u00e1l es la percepci\u00f3n del trabajo realizado por la instituci\u00f3n este a\u00f1o?<br \/>\nM.T.A.: En los a\u00f1os que transito en este LALCEC pienso y le trasmito a la gente de mi Comisi\u00f3n Directiva que en salud tenemos piso pero nunca techo, por lo tanto lograr este proyecto no es decir ac\u00e1 paramos no, es seguir adelante por m\u00e1s cosas, por m\u00e1s proyectos, por m\u00e1s ideas, por escuchar m\u00e1s a la gente y por escucharnos entre nosotras que puede ser la mejor opci\u00f3n para LALCEC. Creo que LALCEC debe seguir creciendo como lo hizo hasta ahora, es decir hay una cuesti\u00f3n de crecimiento de este LALCEC en Ca\u00f1ada de G\u00f3mez que est\u00e1 a la vista de todos en la cuesti\u00f3n cualitativa y cuantitativa. A que me refiero: el hecho de poder equipar esta Sala Oncol\u00f3gica es una realidad que la pudimos hacer en funci\u00f3n de toda la colaboraci\u00f3n de la poblaci\u00f3n que hace rato nos viene dando una respuesta positiva, en segundo lugar fue una decisi\u00f3n pol\u00edtica de las autoridades provinciales acompa\u00f1ada por muchas voluntades de funcionarios. No te olvides que ac\u00e1 en Ca\u00f1ada de G\u00f3mez esta Sala Oncol\u00f3gica fue presentada no solamente en la direcci\u00f3n del Hospital San Jos\u00e9 sino al Municipio, al Concejo Deliberante, a la C\u00e1mara de Senadores y C\u00e1maras de Diputados, o sea que como instituci\u00f3n estamos m\u00e1s que felices que todos est\u00e9n trabajando junto a nosotros en este proyecto. Por ello como instituci\u00f3n nos sentimos sumamente halagadas o felices por poder concretarlo pero igual sabemos que queremos seguir trabajando en futuros proyectos.<\/p>\n","protected":false},"excerpt":{"rendered":"<p>La Filial Ca\u00f1ada de G\u00f3mez ser\u00e1 la Coordinadora de la Regi\u00f3n 4 que abarca las provincias de Santa Fe y Entre R\u00edos. Desde la instituci\u00f3n lo consideran un paso importante en el crecimiento de la misma. FUENTE: PERIODICO EL INFORME DE LA CIUDAD \u2013 CA\u00d1ADA DE GOMEZ La filial de LALCEC de nuestra ciudad qued\u00f3 <a href=\"https:\/\/armstrongyregion.com.ar\/diario\/canada-de-gomez-lalcec-organizara-una-convencion-regional\/\" title=\"Read more\" >&#8230;<\/a><\/p>\n","protected":false},"author":2,"featured_media":3780,"comment_status":"open","ping_status":"open","sticky":false,"template":"","format":"standard","meta":{"_jetpack_memberships_contains_paid_content":false,"footnotes":"","jetpack_publicize_message":"","jetpack_publicize_feature_enabled":true,"jetpack_social_post_already_shared":false,"jetpack_social_options":{"image_generator_settings":{"template":"highway","default_image_id":0,"enabled":false},"version":2}},"categories":[1,4,3],"tags":[163,1170,19,164,2612,2613,246,103],"class_list":["post-3779","post","type-post","status-publish","format-standard","has-post-thumbnail","hentry","category-diario-armstrong","category-prevencion-salud","category-region","tag-canada","tag-convencion","tag-de","tag-gomez","tag-lalcec","tag-organizara","tag-regional","tag-una"],"jetpack_publicize_connections":[],"jetpack_featured_media_url":"https:\/\/armstrongyregion.com.ar\/diario\/wp-content\/uploads\/2015\/08\/Alcec.jpg","jetpack_shortlink":"https:\/\/wp.me\/p62QDO-YX","jetpack_sharing_enabled":true,"amp_enabled":true,"_links":{"self":[{"href":"https:\/\/armstrongyregion.com.ar\/diario\/wp-json\/wp\/v2\/posts\/3779","targetHints":{"allow":["GET"]}}],"collection":[{"href":"https:\/\/armstrongyregion.com.ar\/diario\/wp-json\/wp\/v2\/posts"}],"about":[{"href":"https:\/\/armstrongyregion.com.ar\/diario\/wp-json\/wp\/v2\/types\/post"}],"author":[{"embeddable":true,"href":"https:\/\/armstrongyregion.com.ar\/diario\/wp-json\/wp\/v2\/users\/2"}],"replies":[{"embeddable":true,"href":"https:\/\/armstrongyregion.com.ar\/diario\/wp-json\/wp\/v2\/comments?post=3779"}],"version-history":[{"count":0,"href":"https:\/\/armstrongyregion.com.ar\/diario\/wp-json\/wp\/v2\/posts\/3779\/revisions"}],"wp:featuredmedia":[{"embeddable":true,"href":"https:\/\/armstrongyregion.com.ar\/diario\/wp-json\/wp\/v2\/media\/3780"}],"wp:attachment":[{"href":"https:\/\/armstrongyregion.com.ar\/diario\/wp-json\/wp\/v2\/media?parent=3779"}],"wp:term":[{"taxonomy":"category","embeddable":true,"href":"https:\/\/armstrongyregion.com.ar\/diario\/wp-json\/wp\/v2\/categories?post=3779"},{"taxonomy":"post_tag","embeddable":true,"href":"https:\/\/armstrongyregion.com.ar\/diario\/wp-json\/wp\/v2\/tags?post=3779"}],"curies":[{"name":"wp","href":"https:\/\/api.w.org\/{rel}","templated":true}]}}