{"id":37779,"date":"2023-03-08T12:48:07","date_gmt":"2023-03-08T12:48:07","guid":{"rendered":"https:\/\/armstrongyregion.com.ar\/diario\/?p=37779"},"modified":"2023-03-08T12:54:44","modified_gmt":"2023-03-08T12:54:44","slug":"el-intendente-dr-pablo-verdecchia-realizo-la-apertura-del-periodo-de-sesiones-ordinarias-2","status":"publish","type":"post","link":"https:\/\/armstrongyregion.com.ar\/diario\/el-intendente-dr-pablo-verdecchia-realizo-la-apertura-del-periodo-de-sesiones-ordinarias-2\/","title":{"rendered":"Armstrong. Pablo Verdecchia realiz\u00f3 la apertura del per\u00edodo de sesiones ordinarias."},"content":{"rendered":"\n<figure class=\"wp-block-image size-full\"><a href=\"http:\/\/armstrongyregion.com.ar\/diario\/wp-content\/uploads\/2023\/03\/Pablito-a-.jpg\"><img loading=\"lazy\" decoding=\"async\" width=\"501\" height=\"289\" src=\"http:\/\/armstrongyregion.com.ar\/diario\/wp-content\/uploads\/2023\/03\/Pablito-a-.jpg\" alt=\"\" class=\"wp-image-37780\" srcset=\"https:\/\/armstrongyregion.com.ar\/diario\/wp-content\/uploads\/2023\/03\/Pablito-a-.jpg 501w, https:\/\/armstrongyregion.com.ar\/diario\/wp-content\/uploads\/2023\/03\/Pablito-a--300x173.jpg 300w\" sizes=\"auto, (max-width: 501px) 100vw, 501px\" \/><\/a><\/figure>\n\n\n\n<h2 class=\"wp-block-heading\">El intendente di\u00f3 por inaugurado el a\u00f1o legislativo mediante un discurso en el que pormenoriz\u00f3 las obras que se vienen realizando, las que est\u00e1n proyectadas y las que se planificar\u00e1n a futuro.<\/h2>\n\n\n\n<figure class=\"wp-block-image size-full\"><a href=\"http:\/\/armstrongyregion.com.ar\/diario\/wp-content\/uploads\/2023\/03\/Pablo-Apertura-concejo-A-1-.jpg\"><img loading=\"lazy\" decoding=\"async\" width=\"360\" height=\"272\" src=\"http:\/\/armstrongyregion.com.ar\/diario\/wp-content\/uploads\/2023\/03\/Pablo-Apertura-concejo-A-1-.jpg\" alt=\"\" class=\"wp-image-37781\" srcset=\"https:\/\/armstrongyregion.com.ar\/diario\/wp-content\/uploads\/2023\/03\/Pablo-Apertura-concejo-A-1-.jpg 360w, https:\/\/armstrongyregion.com.ar\/diario\/wp-content\/uploads\/2023\/03\/Pablo-Apertura-concejo-A-1--300x227.jpg 300w\" sizes=\"auto, (max-width: 360px) 100vw, 360px\" \/><\/a><\/figure>\n\n\n\n<p>El acto, se llev\u00f3 a cabo el pasado martes 7 de marzo, en el Sal\u00f3n Delmo Dar\u00f3, con la presencia del ejecutivo, legislativo, funcionarios, prensa, familiares y amigos de cada agrupaci\u00f3n pol\u00edtica.<\/p>\n\n\n\n<figure class=\"wp-block-image size-full\"><a href=\"http:\/\/armstrongyregion.com.ar\/diario\/wp-content\/uploads\/2023\/03\/Concejo-Deliberante-A-.jpg\"><img loading=\"lazy\" decoding=\"async\" width=\"360\" height=\"357\" src=\"http:\/\/armstrongyregion.com.ar\/diario\/wp-content\/uploads\/2023\/03\/Concejo-Deliberante-A-.jpg\" alt=\"\" class=\"wp-image-37782\" srcset=\"https:\/\/armstrongyregion.com.ar\/diario\/wp-content\/uploads\/2023\/03\/Concejo-Deliberante-A-.jpg 360w, https:\/\/armstrongyregion.com.ar\/diario\/wp-content\/uploads\/2023\/03\/Concejo-Deliberante-A--300x298.jpg 300w, https:\/\/armstrongyregion.com.ar\/diario\/wp-content\/uploads\/2023\/03\/Concejo-Deliberante-A--150x150.jpg 150w\" sizes=\"auto, (max-width: 360px) 100vw, 360px\" \/><\/a><\/figure>\n\n\n\n<p>Verdecchia remarc\u00f3 la necesidad de trabajar en conjunto, en pos del bienestar de los vecinos de Armstrong, citando como ejemplo la labor ejecutivo-legislativo, en el loteo municipal I.<\/p>\n\n\n\n<figure class=\"wp-block-image size-full\"><a href=\"http:\/\/armstrongyregion.com.ar\/diario\/wp-content\/uploads\/2023\/03\/Pablito-3-.jpg\"><img loading=\"lazy\" decoding=\"async\" width=\"512\" height=\"289\" src=\"http:\/\/armstrongyregion.com.ar\/diario\/wp-content\/uploads\/2023\/03\/Pablito-3-.jpg\" alt=\"\" class=\"wp-image-37783\" srcset=\"https:\/\/armstrongyregion.com.ar\/diario\/wp-content\/uploads\/2023\/03\/Pablito-3-.jpg 512w, https:\/\/armstrongyregion.com.ar\/diario\/wp-content\/uploads\/2023\/03\/Pablito-3--300x169.jpg 300w\" sizes=\"auto, (max-width: 512px) 100vw, 512px\" \/><\/a><\/figure>\n\n\n\n<p>En un discurso que dur\u00f3 aproximadamente cuarenta minutos, abog\u00f3 por llevar adelante un trabajo mancomunado entre el ejecutivo y el legislativo, para poder concretar aquellos proyectos que requieren la participaci\u00f3n ambos poderes del estado.<\/p>\n\n\n\n<figure class=\"wp-block-image size-full\"><a href=\"http:\/\/armstrongyregion.com.ar\/diario\/wp-content\/uploads\/2023\/03\/Pablito-4-.jpg\"><img loading=\"lazy\" decoding=\"async\" width=\"512\" height=\"289\" src=\"http:\/\/armstrongyregion.com.ar\/diario\/wp-content\/uploads\/2023\/03\/Pablito-4-.jpg\" alt=\"\" class=\"wp-image-37784\" srcset=\"https:\/\/armstrongyregion.com.ar\/diario\/wp-content\/uploads\/2023\/03\/Pablito-4-.jpg 512w, https:\/\/armstrongyregion.com.ar\/diario\/wp-content\/uploads\/2023\/03\/Pablito-4--300x169.jpg 300w\" sizes=\"auto, (max-width: 512px) 100vw, 512px\" \/><\/a><\/figure>\n\n\n\n<p>Mencion\u00f3 un sue\u00f1o cumplido para los armstronenses como la obra de desagues pluviales y desagues cloacales, pavimento y obras de cordon cuneta. El trabajo realizado en pos del medioambiente con el programa \u201cYo me Comprometo\u201d y el reciclado de aceites y grasas. Tambien anunci\u00f3 la proyecci\u00f3n de una planta de reciclaje sobre la Ruta 15.<\/p>\n\n\n\n<figure class=\"wp-block-image size-full\"><a href=\"http:\/\/armstrongyregion.com.ar\/diario\/wp-content\/uploads\/2023\/03\/Pablito-genio-5.jpg\"><img loading=\"lazy\" decoding=\"async\" width=\"512\" height=\"289\" src=\"http:\/\/armstrongyregion.com.ar\/diario\/wp-content\/uploads\/2023\/03\/Pablito-genio-5.jpg\" alt=\"\" class=\"wp-image-37785\" srcset=\"https:\/\/armstrongyregion.com.ar\/diario\/wp-content\/uploads\/2023\/03\/Pablito-genio-5.jpg 512w, https:\/\/armstrongyregion.com.ar\/diario\/wp-content\/uploads\/2023\/03\/Pablito-genio-5-300x169.jpg 300w\" sizes=\"auto, (max-width: 512px) 100vw, 512px\" \/><\/a><\/figure>\n\n\n\n<p>Hablo sobre la inversi\u00f3n que se realiz\u00f3 en educaci\u00f3n durante el 2022 y el prop\u00f3sito de que Armstrong sea ciudad l\u00edder en la regi\u00f3n ya que se proyecta un campus educativo con un sinf\u00edn de cursos y carreras, continuando tambien el camino recorrido con la UNR, para ello se han recuperado espacios estructurales y se est\u00e1n reacondicionando otros.<\/p>\n\n\n\n<p>Hablo sobre salud, cultura y desarrollo; pero sorprendi\u00f3 con el anuncio de un nuevo loteo municipal, solicitando al legislativo trabajar en equipo.<\/p>\n\n\n\n<p>Al finalizar el discurso Verdecchia dijo: \u201cQuiero recordar tambien que este a\u00f1o conmemoramos 40 a\u00f1os de democracia ininterrumpida\u2026 con buenos tiempos\u2026.con malos tiempos&#8230;con buenas y malas experiencias\u2026<\/p>\n\n\n\n<p><strong>Pero fundamentalmente, con la afirmaci\u00f3n de que lo mas valioso que tiene nuestra ciudad son todas las personas que la habitan&#8230;que el trabajo y la capacidad de creacion de todos y cada uno de nuestros habitantes son lo que le da sentido a nuestro lugar.<\/strong><\/p>\n\n\n\n<p>&#8230;Eso es por algo que debemos sentirnos orgullosos\u2026<\/p>\n\n\n\n<p>\u201c<strong>No tengo dudas que el 2023 estar\u00e1 repleto de grandes logros, trabajo conjunto, buena predisposici\u00f3n, y sobre todo respeto y compromiso de cada facci\u00f3n pol\u00edtica de esta ciudad\u201d<\/strong><\/p>\n","protected":false},"excerpt":{"rendered":"<p>El intendente di\u00f3 por inaugurado el a\u00f1o legislativo mediante un discurso en el que pormenoriz\u00f3 las obras que se vienen realizando, las que est\u00e1n proyectadas y las que se planificar\u00e1n a futuro. El acto, se llev\u00f3 a cabo el pasado martes 7 de marzo, en el Sal\u00f3n Delmo Dar\u00f3, con la presencia del ejecutivo, legislativo, <a href=\"https:\/\/armstrongyregion.com.ar\/diario\/el-intendente-dr-pablo-verdecchia-realizo-la-apertura-del-periodo-de-sesiones-ordinarias-2\/\" title=\"Read more\" >&#8230;<\/a><\/p>\n","protected":false},"author":1,"featured_media":37783,"comment_status":"open","ping_status":"open","sticky":false,"template":"","format":"image","meta":{"_jetpack_memberships_contains_paid_content":false,"footnotes":"","jetpack_publicize_message":"","jetpack_publicize_feature_enabled":true,"jetpack_social_post_already_shared":true,"jetpack_social_options":{"image_generator_settings":{"template":"highway","default_image_id":0,"enabled":false},"version":2}},"categories":[6,8,1,2,7,3],"tags":[58,19,174,87,1022,205],"class_list":["post-37779","post","type-post","status-publish","format-image","has-post-thumbnail","hentry","category-cultura-entretenimiento","category-deliberando","category-diario-armstrong","category-locales","category-politica","category-region","tag-apertura","tag-de","tag-inicio","tag-realizo","tag-sesiones","tag-verdecchia","post_format-post-format-image"],"jetpack_publicize_connections":[],"jetpack_featured_media_url":"https:\/\/armstrongyregion.com.ar\/diario\/wp-content\/uploads\/2023\/03\/Pablito-3-.jpg","jetpack_shortlink":"https:\/\/wp.me\/p62QDO-9Pl","jetpack_sharing_enabled":true,"amp_enabled":true,"_links":{"self":[{"href":"https:\/\/armstrongyregion.com.ar\/diario\/wp-json\/wp\/v2\/posts\/37779","targetHints":{"allow":["GET"]}}],"collection":[{"href":"https:\/\/armstrongyregion.com.ar\/diario\/wp-json\/wp\/v2\/posts"}],"about":[{"href":"https:\/\/armstrongyregion.com.ar\/diario\/wp-json\/wp\/v2\/types\/post"}],"author":[{"embeddable":true,"href":"https:\/\/armstrongyregion.com.ar\/diario\/wp-json\/wp\/v2\/users\/1"}],"replies":[{"embeddable":true,"href":"https:\/\/armstrongyregion.com.ar\/diario\/wp-json\/wp\/v2\/comments?post=37779"}],"version-history":[{"count":2,"href":"https:\/\/armstrongyregion.com.ar\/diario\/wp-json\/wp\/v2\/posts\/37779\/revisions"}],"predecessor-version":[{"id":37787,"href":"https:\/\/armstrongyregion.com.ar\/diario\/wp-json\/wp\/v2\/posts\/37779\/revisions\/37787"}],"wp:featuredmedia":[{"embeddable":true,"href":"https:\/\/armstrongyregion.com.ar\/diario\/wp-json\/wp\/v2\/media\/37783"}],"wp:attachment":[{"href":"https:\/\/armstrongyregion.com.ar\/diario\/wp-json\/wp\/v2\/media?parent=37779"}],"wp:term":[{"taxonomy":"category","embeddable":true,"href":"https:\/\/armstrongyregion.com.ar\/diario\/wp-json\/wp\/v2\/categories?post=37779"},{"taxonomy":"post_tag","embeddable":true,"href":"https:\/\/armstrongyregion.com.ar\/diario\/wp-json\/wp\/v2\/tags?post=37779"}],"curies":[{"name":"wp","href":"https:\/\/api.w.org\/{rel}","templated":true}]}}