{"id":37773,"date":"2023-03-07T14:25:51","date_gmt":"2023-03-07T14:25:51","guid":{"rendered":"https:\/\/armstrongyregion.com.ar\/diario\/?p=37773"},"modified":"2023-03-07T14:25:53","modified_gmt":"2023-03-07T14:25:53","slug":"armstrong-orden-del-dia-sesion-inaugural","status":"publish","type":"post","link":"https:\/\/armstrongyregion.com.ar\/diario\/armstrong-orden-del-dia-sesion-inaugural\/","title":{"rendered":"Armstrong. Orden del D\u00eda. Sesi\u00f3n Inaugural."},"content":{"rendered":"\n<figure class=\"wp-block-image size-full\"><a href=\"http:\/\/armstrongyregion.com.ar\/diario\/wp-content\/uploads\/2023\/03\/con_fachada.jpg\"><img loading=\"lazy\" decoding=\"async\" width=\"612\" height=\"364\" src=\"http:\/\/armstrongyregion.com.ar\/diario\/wp-content\/uploads\/2023\/03\/con_fachada.jpg\" alt=\"\" class=\"wp-image-37774\" srcset=\"https:\/\/armstrongyregion.com.ar\/diario\/wp-content\/uploads\/2023\/03\/con_fachada.jpg 612w, https:\/\/armstrongyregion.com.ar\/diario\/wp-content\/uploads\/2023\/03\/con_fachada-300x178.jpg 300w\" sizes=\"auto, (max-width: 612px) 100vw, 612px\" \/><\/a><\/figure>\n\n\n\n<p>1- APERTURA DE LA SESI\u00d3N A CARGO DEL PRESIDENTE DEL CUERPO.<br>2- IZAMIENTO DE LAS BANDERAS NACIONAL Y PROVINCIAL, A CARGO DE<br>LA SRTA. CONCEJAL LUZ MARINA FISCHER Y DEL SR. INTENDENTE<br>MUNICIPAL.<br>3- SE ENTONAN LAS ESTROFAS DEL HIMNO NACIONAL ARGENTINO.<br>4- MENSAJE DEL SR. INTENDENTE MUNICIPAL.<br>5- CIERRE SESI\u00d3N ORDINARIA. DIA Y HORARIO SESIONES Y COMISIONES.<br>6- ARR\u00cdO DE LAS BANDERAS NACIONAL Y PROVINCIAL.<br>INICIO DE LA SESI\u00d3N A LAS 20:00 HORAS.<br>SALON AUDITORIO MUNICIPAL \u201cDELMO DAR\u00d3\u201d<\/p>\n","protected":false},"excerpt":{"rendered":"<p>1- APERTURA DE LA SESI\u00d3N A CARGO DEL PRESIDENTE DEL CUERPO.2- IZAMIENTO DE LAS BANDERAS NACIONAL Y PROVINCIAL, A CARGO DELA SRTA. CONCEJAL LUZ MARINA FISCHER Y DEL SR. INTENDENTEMUNICIPAL.3- SE ENTONAN LAS ESTROFAS DEL HIMNO NACIONAL ARGENTINO.4- MENSAJE DEL SR. INTENDENTE MUNICIPAL.5- CIERRE SESI\u00d3N ORDINARIA. DIA Y HORARIO SESIONES Y COMISIONES.6- ARR\u00cdO DE LAS <a href=\"https:\/\/armstrongyregion.com.ar\/diario\/armstrong-orden-del-dia-sesion-inaugural\/\" title=\"Read more\" >&#8230;<\/a><\/p>\n","protected":false},"author":1,"featured_media":37774,"comment_status":"open","ping_status":"open","sticky":false,"template":"","format":"image","meta":{"_jetpack_memberships_contains_paid_content":false,"footnotes":"","jetpack_publicize_message":"","jetpack_publicize_feature_enabled":true,"jetpack_social_post_already_shared":true,"jetpack_social_options":{"image_generator_settings":{"template":"highway","default_image_id":0,"enabled":false},"version":2}},"categories":[8,1,2,7,3],"tags":[20,9075,2534],"class_list":["post-37773","post","type-post","status-publish","format-image","has-post-thumbnail","hentry","category-deliberando","category-diario-armstrong","category-locales","category-politica","category-region","tag-armstrong","tag-inaugural","tag-sesion","post_format-post-format-image"],"jetpack_publicize_connections":[],"jetpack_featured_media_url":"https:\/\/armstrongyregion.com.ar\/diario\/wp-content\/uploads\/2023\/03\/con_fachada.jpg","jetpack_shortlink":"https:\/\/wp.me\/p62QDO-9Pf","jetpack_sharing_enabled":true,"amp_enabled":true,"_links":{"self":[{"href":"https:\/\/armstrongyregion.com.ar\/diario\/wp-json\/wp\/v2\/posts\/37773","targetHints":{"allow":["GET"]}}],"collection":[{"href":"https:\/\/armstrongyregion.com.ar\/diario\/wp-json\/wp\/v2\/posts"}],"about":[{"href":"https:\/\/armstrongyregion.com.ar\/diario\/wp-json\/wp\/v2\/types\/post"}],"author":[{"embeddable":true,"href":"https:\/\/armstrongyregion.com.ar\/diario\/wp-json\/wp\/v2\/users\/1"}],"replies":[{"embeddable":true,"href":"https:\/\/armstrongyregion.com.ar\/diario\/wp-json\/wp\/v2\/comments?post=37773"}],"version-history":[{"count":1,"href":"https:\/\/armstrongyregion.com.ar\/diario\/wp-json\/wp\/v2\/posts\/37773\/revisions"}],"predecessor-version":[{"id":37775,"href":"https:\/\/armstrongyregion.com.ar\/diario\/wp-json\/wp\/v2\/posts\/37773\/revisions\/37775"}],"wp:featuredmedia":[{"embeddable":true,"href":"https:\/\/armstrongyregion.com.ar\/diario\/wp-json\/wp\/v2\/media\/37774"}],"wp:attachment":[{"href":"https:\/\/armstrongyregion.com.ar\/diario\/wp-json\/wp\/v2\/media?parent=37773"}],"wp:term":[{"taxonomy":"category","embeddable":true,"href":"https:\/\/armstrongyregion.com.ar\/diario\/wp-json\/wp\/v2\/categories?post=37773"},{"taxonomy":"post_tag","embeddable":true,"href":"https:\/\/armstrongyregion.com.ar\/diario\/wp-json\/wp\/v2\/tags?post=37773"}],"curies":[{"name":"wp","href":"https:\/\/api.w.org\/{rel}","templated":true}]}}