{"id":37750,"date":"2023-03-06T19:29:21","date_gmt":"2023-03-06T19:29:21","guid":{"rendered":"https:\/\/armstrongyregion.com.ar\/diario\/?p=37750"},"modified":"2023-03-06T19:29:24","modified_gmt":"2023-03-06T19:29:24","slug":"plan-museo-2021-2023-autoridades-provinciales-visitaron-el-museo-historico-municipal","status":"publish","type":"post","link":"https:\/\/armstrongyregion.com.ar\/diario\/plan-museo-2021-2023-autoridades-provinciales-visitaron-el-museo-historico-municipal\/","title":{"rendered":"Plan Museo 2021-2023. Autoridades provinciales  visitaron el Museo Hist\u00f3rico Municipal."},"content":{"rendered":"\n<figure class=\"wp-block-image size-full\"><a href=\"http:\/\/armstrongyregion.com.ar\/diario\/wp-content\/uploads\/2023\/03\/plan-MHM-canada-.jpg\"><img loading=\"lazy\" decoding=\"async\" width=\"708\" height=\"360\" src=\"http:\/\/armstrongyregion.com.ar\/diario\/wp-content\/uploads\/2023\/03\/plan-MHM-canada-.jpg\" alt=\"\" class=\"wp-image-37751\" srcset=\"https:\/\/armstrongyregion.com.ar\/diario\/wp-content\/uploads\/2023\/03\/plan-MHM-canada-.jpg 708w, https:\/\/armstrongyregion.com.ar\/diario\/wp-content\/uploads\/2023\/03\/plan-MHM-canada--300x153.jpg 300w\" sizes=\"auto, (max-width: 708px) 100vw, 708px\" \/><\/a><\/figure>\n\n\n\n<p>La secretaria de Educaci\u00f3n, Cultura y Deportes, Raquel Di Paola, recibi\u00f3 en el Museo Hist\u00f3rico Municipal al subsecretario de gesti\u00f3n cultural de la provincia, Arq. Javier Armentano, como parte de la iniciativa de crear un cat\u00e1logo museol\u00f3gico en el territorio santafesino.<\/p>\n\n\n\n<p>Armentano, luego de la recorrida, expres\u00f3 que \u201cla Secretar\u00eda y Subsecretar\u00eda de Gesti\u00f3n Cultural del Ministerio de Cultura contin\u00faan con el desarrollo del Plan de Museos 2021-2023, y avanzamos en actualizar el Registro Provincial de Museos y preparar el libro-cat\u00e1logo de museos de la provincia\u201d.<\/p>\n\n\n\n<p>\u201cNuestro objetivo es seguir trabajando codo a codo con las instituciones de la ciudad apoyando desde nuestro Museo cada actividad relacionada con la historia, mientras continuamos sumando m\u00e1s material hist\u00f3rico\u201d, expres\u00f3 Di Paola y agreg\u00f3: \u201cintegramos nuestro Museo Hist\u00f3rico al de Arte Ca\u00f1adense y el Ferroviario para continuar impulsando la revalorizaci\u00f3n del ser ca\u00f1adense\u201d.&nbsp;<\/p>\n","protected":false},"excerpt":{"rendered":"<p>La secretaria de Educaci\u00f3n, Cultura y Deportes, Raquel Di Paola, recibi\u00f3 en el Museo Hist\u00f3rico Municipal al subsecretario de gesti\u00f3n cultural de la provincia, Arq. Javier Armentano, como parte de la iniciativa de crear un cat\u00e1logo museol\u00f3gico en el territorio santafesino. Armentano, luego de la recorrida, expres\u00f3 que \u201cla Secretar\u00eda y Subsecretar\u00eda de Gesti\u00f3n Cultural <a href=\"https:\/\/armstrongyregion.com.ar\/diario\/plan-museo-2021-2023-autoridades-provinciales-visitaron-el-museo-historico-municipal\/\" title=\"Read more\" >&#8230;<\/a><\/p>\n","protected":false},"author":1,"featured_media":37751,"comment_status":"open","ping_status":"open","sticky":false,"template":"","format":"image","meta":{"_jetpack_memberships_contains_paid_content":false,"footnotes":"","jetpack_publicize_message":"","jetpack_publicize_feature_enabled":true,"jetpack_social_post_already_shared":true,"jetpack_social_options":{"image_generator_settings":{"template":"highway","default_image_id":0,"enabled":false},"version":2}},"categories":[6,8,1,3],"tags":[9069,1361,177],"class_list":["post-37750","post","type-post","status-publish","format-image","has-post-thumbnail","hentry","category-cultura-entretenimiento","category-deliberando","category-diario-armstrong","category-region","tag-2021-2023","tag-museo","tag-plan","post_format-post-format-image"],"jetpack_publicize_connections":[],"jetpack_featured_media_url":"https:\/\/armstrongyregion.com.ar\/diario\/wp-content\/uploads\/2023\/03\/plan-MHM-canada-.jpg","jetpack_shortlink":"https:\/\/wp.me\/p62QDO-9OS","jetpack_sharing_enabled":true,"amp_enabled":true,"_links":{"self":[{"href":"https:\/\/armstrongyregion.com.ar\/diario\/wp-json\/wp\/v2\/posts\/37750","targetHints":{"allow":["GET"]}}],"collection":[{"href":"https:\/\/armstrongyregion.com.ar\/diario\/wp-json\/wp\/v2\/posts"}],"about":[{"href":"https:\/\/armstrongyregion.com.ar\/diario\/wp-json\/wp\/v2\/types\/post"}],"author":[{"embeddable":true,"href":"https:\/\/armstrongyregion.com.ar\/diario\/wp-json\/wp\/v2\/users\/1"}],"replies":[{"embeddable":true,"href":"https:\/\/armstrongyregion.com.ar\/diario\/wp-json\/wp\/v2\/comments?post=37750"}],"version-history":[{"count":1,"href":"https:\/\/armstrongyregion.com.ar\/diario\/wp-json\/wp\/v2\/posts\/37750\/revisions"}],"predecessor-version":[{"id":37752,"href":"https:\/\/armstrongyregion.com.ar\/diario\/wp-json\/wp\/v2\/posts\/37750\/revisions\/37752"}],"wp:featuredmedia":[{"embeddable":true,"href":"https:\/\/armstrongyregion.com.ar\/diario\/wp-json\/wp\/v2\/media\/37751"}],"wp:attachment":[{"href":"https:\/\/armstrongyregion.com.ar\/diario\/wp-json\/wp\/v2\/media?parent=37750"}],"wp:term":[{"taxonomy":"category","embeddable":true,"href":"https:\/\/armstrongyregion.com.ar\/diario\/wp-json\/wp\/v2\/categories?post=37750"},{"taxonomy":"post_tag","embeddable":true,"href":"https:\/\/armstrongyregion.com.ar\/diario\/wp-json\/wp\/v2\/tags?post=37750"}],"curies":[{"name":"wp","href":"https:\/\/api.w.org\/{rel}","templated":true}]}}