{"id":3775,"date":"2015-08-27T02:46:51","date_gmt":"2015-08-27T02:46:51","guid":{"rendered":"https:\/\/armstrongyregion.com.ar\/diario\/?p=3775"},"modified":"2015-08-27T02:47:34","modified_gmt":"2015-08-27T02:47:34","slug":"desde-las-rosas-a-colombia-representando-a-argentina","status":"publish","type":"post","link":"https:\/\/armstrongyregion.com.ar\/diario\/desde-las-rosas-a-colombia-representando-a-argentina\/","title":{"rendered":"Desde Las Rosas a Colombia, representando a Argentina."},"content":{"rendered":"<p><a href=\"http:\/\/armstrongyregion.com.ar\/diario\/wp-content\/uploads\/2015\/08\/huljichselene-colombia-mosaico1.jpg\"><img loading=\"lazy\" decoding=\"async\" class=\"alignnone size-medium wp-image-3776\" src=\"http:\/\/armstrongyregion.com.ar\/diario\/wp-content\/uploads\/2015\/08\/huljichselene-colombia-mosaico1-300x173.jpg\" alt=\"huljichselene-colombia\" width=\"300\" height=\"173\" srcset=\"https:\/\/armstrongyregion.com.ar\/diario\/wp-content\/uploads\/2015\/08\/huljichselene-colombia-mosaico1-300x173.jpg 300w, https:\/\/armstrongyregion.com.ar\/diario\/wp-content\/uploads\/2015\/08\/huljichselene-colombia-mosaico1.jpg 768w\" sizes=\"auto, (max-width: 300px) 100vw, 300px\" \/><\/a>La joven rosense Selene Huljich se encuentra en Colombia para participar del evento \u00ab6\u00b0 Reinado Mundial de la Pi\u00f1a\u00bb, como representante de Argentina. En Bucaramanga, capital del departamento colombiano de Santander, participan bellezas de varios paises americanos.<\/p>\n<p>En estos dos d\u00edas ha podido desarrollar diversar acciones, como son las de entregar presentes de nuestro pa\u00eds al Director del Cert\u00e1men, encontrarse con otras j\u00f3venes reinas oriundas de otras naciones, ser recibida por el gobernador de Santander y otros acontecimientos.<\/p>\n<p>Selene ha sido oportunamente Reina local de la Fiesta Provincial del Mate, en Las Rosas, y posteriormente Reina Provincial del Reencuentro, en Labordeboy. Y ahora vive esta presencia internacional, que sin dudas determinar\u00e1 vivencias que perdurar\u00e1n en su vida. \u00abSolo tengo palabras para agradecer toda la atenci\u00f3n que recibimos. Y decir que sentimos que en Colombia nuestra Argentina es un pa\u00eds muy querido\u00bb, expres\u00f3.<\/p>\n<p>Las Rosas Digital.<\/p>\n","protected":false},"excerpt":{"rendered":"<p>La joven rosense Selene Huljich se encuentra en Colombia para participar del evento \u00ab6\u00b0 Reinado Mundial de la Pi\u00f1a\u00bb, como representante de Argentina. En Bucaramanga, capital del departamento colombiano de Santander, participan bellezas de varios paises americanos. En estos dos d\u00edas ha podido desarrollar diversar acciones, como son las de entregar presentes de nuestro pa\u00eds <a href=\"https:\/\/armstrongyregion.com.ar\/diario\/desde-las-rosas-a-colombia-representando-a-argentina\/\" title=\"Read more\" >&#8230;<\/a><\/p>\n","protected":false},"author":2,"featured_media":3776,"comment_status":"open","ping_status":"open","sticky":false,"template":"","format":"standard","meta":{"_jetpack_memberships_contains_paid_content":false,"footnotes":"","jetpack_publicize_message":"","jetpack_publicize_feature_enabled":true,"jetpack_social_post_already_shared":false,"jetpack_social_options":{"image_generator_settings":{"template":"highway","default_image_id":0,"enabled":false},"version":2}},"categories":[1,3],"tags":[33,251,2610,2105,23,2611,361],"class_list":["post-3775","post","type-post","status-publish","format-standard","has-post-thumbnail","hentry","category-diario-armstrong","category-region","tag-a","tag-argentina","tag-colombia","tag-desde","tag-las","tag-representando","tag-rosas"],"jetpack_publicize_connections":[],"jetpack_featured_media_url":"https:\/\/armstrongyregion.com.ar\/diario\/wp-content\/uploads\/2015\/08\/huljichselene-colombia-mosaico1.jpg","jetpack_shortlink":"https:\/\/wp.me\/p62QDO-YT","jetpack_sharing_enabled":true,"amp_enabled":true,"_links":{"self":[{"href":"https:\/\/armstrongyregion.com.ar\/diario\/wp-json\/wp\/v2\/posts\/3775","targetHints":{"allow":["GET"]}}],"collection":[{"href":"https:\/\/armstrongyregion.com.ar\/diario\/wp-json\/wp\/v2\/posts"}],"about":[{"href":"https:\/\/armstrongyregion.com.ar\/diario\/wp-json\/wp\/v2\/types\/post"}],"author":[{"embeddable":true,"href":"https:\/\/armstrongyregion.com.ar\/diario\/wp-json\/wp\/v2\/users\/2"}],"replies":[{"embeddable":true,"href":"https:\/\/armstrongyregion.com.ar\/diario\/wp-json\/wp\/v2\/comments?post=3775"}],"version-history":[{"count":0,"href":"https:\/\/armstrongyregion.com.ar\/diario\/wp-json\/wp\/v2\/posts\/3775\/revisions"}],"wp:featuredmedia":[{"embeddable":true,"href":"https:\/\/armstrongyregion.com.ar\/diario\/wp-json\/wp\/v2\/media\/3776"}],"wp:attachment":[{"href":"https:\/\/armstrongyregion.com.ar\/diario\/wp-json\/wp\/v2\/media?parent=3775"}],"wp:term":[{"taxonomy":"category","embeddable":true,"href":"https:\/\/armstrongyregion.com.ar\/diario\/wp-json\/wp\/v2\/categories?post=3775"},{"taxonomy":"post_tag","embeddable":true,"href":"https:\/\/armstrongyregion.com.ar\/diario\/wp-json\/wp\/v2\/tags?post=3775"}],"curies":[{"name":"wp","href":"https:\/\/api.w.org\/{rel}","templated":true}]}}