{"id":37733,"date":"2023-03-03T20:24:32","date_gmt":"2023-03-03T20:24:32","guid":{"rendered":"https:\/\/armstrongyregion.com.ar\/diario\/?p=37733"},"modified":"2023-03-03T20:24:34","modified_gmt":"2023-03-03T20:24:34","slug":"la-intendenta-clerici-participo-de-un-nuevo-ciclo-lectivo","status":"publish","type":"post","link":"https:\/\/armstrongyregion.com.ar\/diario\/la-intendenta-clerici-participo-de-un-nuevo-ciclo-lectivo\/","title":{"rendered":"La intendenta Cl\u00e9rici particip\u00f3 de un nuevo ciclo lectivo."},"content":{"rendered":"\n<figure class=\"wp-block-image size-full\"><a href=\"http:\/\/armstrongyregion.com.ar\/diario\/wp-content\/uploads\/2023\/03\/clerici-ciclo-lectivo-23-.jpg\"><img loading=\"lazy\" decoding=\"async\" width=\"400\" height=\"225\" src=\"http:\/\/armstrongyregion.com.ar\/diario\/wp-content\/uploads\/2023\/03\/clerici-ciclo-lectivo-23-.jpg\" alt=\"\" class=\"wp-image-37734\" srcset=\"https:\/\/armstrongyregion.com.ar\/diario\/wp-content\/uploads\/2023\/03\/clerici-ciclo-lectivo-23-.jpg 400w, https:\/\/armstrongyregion.com.ar\/diario\/wp-content\/uploads\/2023\/03\/clerici-ciclo-lectivo-23--300x169.jpg 300w\" sizes=\"auto, (max-width: 400px) 100vw, 400px\" \/><\/a><\/figure>\n\n\n\n<p>La intendenta Stella Cl\u00e9rici particip\u00f3 del inicio del ciclo lectivo en Colegio San Antonio de Padua y Jard\u00edn Hornerito, acompa\u00f1ando a autoridades, docentes y alumnos, destacando el trabajo mancomunado con las distintas escuelas.<\/p>\n\n\n\n<p>En primer lugar, en el San Antonio hizo entrega de un aire acondicionado y en el Jard\u00edn Hornerito habilit\u00f3 las nuevas salas como parte de la ampliaci\u00f3n. \u201cDeseamos a todos que tengan un gran ciclo lectivo en este 2023 y reafirmamos nuestro compromiso de seguir trabajando en conjunto y acompa\u00f1ando cada iniciativa\u201d, expres\u00f3.&nbsp;<\/p>\n","protected":false},"excerpt":{"rendered":"<p>La intendenta Stella Cl\u00e9rici particip\u00f3 del inicio del ciclo lectivo en Colegio San Antonio de Padua y Jard\u00edn Hornerito, acompa\u00f1ando a autoridades, docentes y alumnos, destacando el trabajo mancomunado con las distintas escuelas. En primer lugar, en el San Antonio hizo entrega de un aire acondicionado y en el Jard\u00edn Hornerito habilit\u00f3 las nuevas salas <a href=\"https:\/\/armstrongyregion.com.ar\/diario\/la-intendenta-clerici-participo-de-un-nuevo-ciclo-lectivo\/\" title=\"Read more\" >&#8230;<\/a><\/p>\n","protected":false},"author":1,"featured_media":37734,"comment_status":"open","ping_status":"open","sticky":false,"template":"","format":"image","meta":{"_jetpack_memberships_contains_paid_content":false,"footnotes":"","jetpack_publicize_message":"","jetpack_publicize_feature_enabled":true,"jetpack_social_post_already_shared":true,"jetpack_social_options":{"image_generator_settings":{"template":"highway","default_image_id":0,"enabled":false},"version":2}},"categories":[6,8,1,2,7,3],"tags":[8751,699,83,3435,992],"class_list":["post-37733","post","type-post","status-publish","format-image","has-post-thumbnail","hentry","category-cultura-entretenimiento","category-deliberando","category-diario-armstrong","category-locales","category-politica","category-region","tag-8751","tag-ciclo","tag-clerici","tag-lectivo","tag-participo","post_format-post-format-image"],"jetpack_publicize_connections":[],"jetpack_featured_media_url":"https:\/\/armstrongyregion.com.ar\/diario\/wp-content\/uploads\/2023\/03\/clerici-ciclo-lectivo-23-.jpg","jetpack_shortlink":"https:\/\/wp.me\/p62QDO-9OB","jetpack_sharing_enabled":true,"amp_enabled":true,"_links":{"self":[{"href":"https:\/\/armstrongyregion.com.ar\/diario\/wp-json\/wp\/v2\/posts\/37733","targetHints":{"allow":["GET"]}}],"collection":[{"href":"https:\/\/armstrongyregion.com.ar\/diario\/wp-json\/wp\/v2\/posts"}],"about":[{"href":"https:\/\/armstrongyregion.com.ar\/diario\/wp-json\/wp\/v2\/types\/post"}],"author":[{"embeddable":true,"href":"https:\/\/armstrongyregion.com.ar\/diario\/wp-json\/wp\/v2\/users\/1"}],"replies":[{"embeddable":true,"href":"https:\/\/armstrongyregion.com.ar\/diario\/wp-json\/wp\/v2\/comments?post=37733"}],"version-history":[{"count":1,"href":"https:\/\/armstrongyregion.com.ar\/diario\/wp-json\/wp\/v2\/posts\/37733\/revisions"}],"predecessor-version":[{"id":37735,"href":"https:\/\/armstrongyregion.com.ar\/diario\/wp-json\/wp\/v2\/posts\/37733\/revisions\/37735"}],"wp:featuredmedia":[{"embeddable":true,"href":"https:\/\/armstrongyregion.com.ar\/diario\/wp-json\/wp\/v2\/media\/37734"}],"wp:attachment":[{"href":"https:\/\/armstrongyregion.com.ar\/diario\/wp-json\/wp\/v2\/media?parent=37733"}],"wp:term":[{"taxonomy":"category","embeddable":true,"href":"https:\/\/armstrongyregion.com.ar\/diario\/wp-json\/wp\/v2\/categories?post=37733"},{"taxonomy":"post_tag","embeddable":true,"href":"https:\/\/armstrongyregion.com.ar\/diario\/wp-json\/wp\/v2\/tags?post=37733"}],"curies":[{"name":"wp","href":"https:\/\/api.w.org\/{rel}","templated":true}]}}