{"id":37729,"date":"2023-03-02T23:20:40","date_gmt":"2023-03-02T23:20:40","guid":{"rendered":"https:\/\/armstrongyregion.com.ar\/diario\/?p=37729"},"modified":"2023-03-02T23:20:43","modified_gmt":"2023-03-02T23:20:43","slug":"armstrong-4-nuevas-cuadras-con-iluminacion-led","status":"publish","type":"post","link":"https:\/\/armstrongyregion.com.ar\/diario\/armstrong-4-nuevas-cuadras-con-iluminacion-led\/","title":{"rendered":"Armstrong. 4 nuevas cuadras con iluminaci\u00f3n led."},"content":{"rendered":"\n<figure class=\"wp-block-image size-full\"><a href=\"http:\/\/armstrongyregion.com.ar\/diario\/wp-content\/uploads\/2023\/03\/Armstrong-2-luces-bra.jpg\"><img loading=\"lazy\" decoding=\"async\" width=\"675\" height=\"450\" src=\"http:\/\/armstrongyregion.com.ar\/diario\/wp-content\/uploads\/2023\/03\/Armstrong-2-luces-bra.jpg\" alt=\"\" class=\"wp-image-37730\" srcset=\"https:\/\/armstrongyregion.com.ar\/diario\/wp-content\/uploads\/2023\/03\/Armstrong-2-luces-bra.jpg 675w, https:\/\/armstrongyregion.com.ar\/diario\/wp-content\/uploads\/2023\/03\/Armstrong-2-luces-bra-300x200.jpg 300w\" sizes=\"auto, (max-width: 675px) 100vw, 675px\" \/><\/a><\/figure>\n\n\n\n<figure class=\"wp-block-image size-full\"><a href=\"http:\/\/armstrongyregion.com.ar\/diario\/wp-content\/uploads\/2023\/03\/Verdecchia-1-.jpg\"><img loading=\"lazy\" decoding=\"async\" width=\"675\" height=\"450\" src=\"http:\/\/armstrongyregion.com.ar\/diario\/wp-content\/uploads\/2023\/03\/Verdecchia-1-.jpg\" alt=\"\" class=\"wp-image-37731\" srcset=\"https:\/\/armstrongyregion.com.ar\/diario\/wp-content\/uploads\/2023\/03\/Verdecchia-1-.jpg 675w, https:\/\/armstrongyregion.com.ar\/diario\/wp-content\/uploads\/2023\/03\/Verdecchia-1--300x200.jpg 300w\" sizes=\"auto, (max-width: 675px) 100vw, 675px\" \/><\/a><\/figure>\n\n\n\n<figure class=\"wp-block-image\"><img decoding=\"async\" src=\"https:\/\/www.armstrong.gov.ar\/2020\/images\/articulos2023\/iluminacion_led_tortugas_1.jpg\" alt=\"iluminacion led tortugas 1\"\/><\/figure>\n\n\n\n<p>El Intendente Pablo Verdecchia y su equipo encendieron las nuevas luces led colocadas sobre el Paseo Pte. Per\u00f3n entre calles Fischer y La Plata, renovando la iluminaci\u00f3n sobre 4 nuevas cuadras de la ciudad.<\/p>\n\n\n\n<figure class=\"wp-block-image\"><img decoding=\"async\" src=\"https:\/\/www.armstrong.gov.ar\/2020\/images\/articulos2023\/iluminacion_led_tortugas_2.jpg\" alt=\"iluminacion led tortugas 2\"\/><\/figure>\n\n\n\n<p>Esta mejora beneficia directamente a la seguridad de una zona de la cuidad que es fundamental tanto por su alto tr\u00e1nsito como por ser una v\u00eda de acceso directa al Samco Local.<\/p>\n\n\n\n<figure class=\"wp-block-image\"><img decoding=\"async\" src=\"https:\/\/www.armstrong.gov.ar\/2020\/images\/articulos2023\/iluminacion_led_tortugas_3.jpg\" alt=\"iluminacion led tortugas 3\"\/><\/figure>\n\n\n\n<p>El nuevo tramo inaugurado es consecuente a otros objetivos de gesti\u00f3n logrados en esta primera etapa del a\u00f1o 2023, que incluye la iluminaci\u00f3n de calle Fischer entre Pte. Per\u00f3n y Saavedra Lamas; Schaer entre Fischer&nbsp; y Democracia y la iluminaci\u00f3n del Parque Bracito Fuerte.<\/p>\n","protected":false},"excerpt":{"rendered":"<p>El Intendente Pablo Verdecchia y su equipo encendieron las nuevas luces led colocadas sobre el Paseo Pte. Per\u00f3n entre calles Fischer y La Plata, renovando la iluminaci\u00f3n sobre 4 nuevas cuadras de la ciudad. Esta mejora beneficia directamente a la seguridad de una zona de la cuidad que es fundamental tanto por su alto tr\u00e1nsito <a href=\"https:\/\/armstrongyregion.com.ar\/diario\/armstrong-4-nuevas-cuadras-con-iluminacion-led\/\" title=\"Read more\" >&#8230;<\/a><\/p>\n","protected":false},"author":1,"featured_media":37730,"comment_status":"open","ping_status":"open","sticky":false,"template":"","format":"image","meta":{"_jetpack_memberships_contains_paid_content":false,"footnotes":"","jetpack_publicize_message":"","jetpack_publicize_feature_enabled":true,"jetpack_social_post_already_shared":true,"jetpack_social_options":{"image_generator_settings":{"template":"highway","default_image_id":0,"enabled":false},"version":2}},"categories":[6,8,1,2,7,3],"tags":[854,100,1505,714,8819,350],"class_list":["post-37729","post","type-post","status-publish","format-image","has-post-thumbnail","hentry","category-cultura-entretenimiento","category-deliberando","category-diario-armstrong","category-locales","category-politica","category-region","tag-854","tag-con","tag-cuadras","tag-iluminacion","tag-led","tag-nuevas","post_format-post-format-image"],"jetpack_publicize_connections":[],"jetpack_featured_media_url":"https:\/\/armstrongyregion.com.ar\/diario\/wp-content\/uploads\/2023\/03\/Armstrong-2-luces-bra.jpg","jetpack_shortlink":"https:\/\/wp.me\/p62QDO-9Ox","jetpack_sharing_enabled":true,"amp_enabled":true,"_links":{"self":[{"href":"https:\/\/armstrongyregion.com.ar\/diario\/wp-json\/wp\/v2\/posts\/37729","targetHints":{"allow":["GET"]}}],"collection":[{"href":"https:\/\/armstrongyregion.com.ar\/diario\/wp-json\/wp\/v2\/posts"}],"about":[{"href":"https:\/\/armstrongyregion.com.ar\/diario\/wp-json\/wp\/v2\/types\/post"}],"author":[{"embeddable":true,"href":"https:\/\/armstrongyregion.com.ar\/diario\/wp-json\/wp\/v2\/users\/1"}],"replies":[{"embeddable":true,"href":"https:\/\/armstrongyregion.com.ar\/diario\/wp-json\/wp\/v2\/comments?post=37729"}],"version-history":[{"count":1,"href":"https:\/\/armstrongyregion.com.ar\/diario\/wp-json\/wp\/v2\/posts\/37729\/revisions"}],"predecessor-version":[{"id":37732,"href":"https:\/\/armstrongyregion.com.ar\/diario\/wp-json\/wp\/v2\/posts\/37729\/revisions\/37732"}],"wp:featuredmedia":[{"embeddable":true,"href":"https:\/\/armstrongyregion.com.ar\/diario\/wp-json\/wp\/v2\/media\/37730"}],"wp:attachment":[{"href":"https:\/\/armstrongyregion.com.ar\/diario\/wp-json\/wp\/v2\/media?parent=37729"}],"wp:term":[{"taxonomy":"category","embeddable":true,"href":"https:\/\/armstrongyregion.com.ar\/diario\/wp-json\/wp\/v2\/categories?post=37729"},{"taxonomy":"post_tag","embeddable":true,"href":"https:\/\/armstrongyregion.com.ar\/diario\/wp-json\/wp\/v2\/tags?post=37729"}],"curies":[{"name":"wp","href":"https:\/\/api.w.org\/{rel}","templated":true}]}}