{"id":37689,"date":"2023-03-01T00:03:51","date_gmt":"2023-03-01T00:03:51","guid":{"rendered":"https:\/\/armstrongyregion.com.ar\/diario\/?p=37689"},"modified":"2023-03-01T00:03:54","modified_gmt":"2023-03-01T00:03:54","slug":"canada-de-gomez-una-multitud-disfruto-del-festival-las-tres-lunas","status":"publish","type":"post","link":"https:\/\/armstrongyregion.com.ar\/diario\/canada-de-gomez-una-multitud-disfruto-del-festival-las-tres-lunas\/","title":{"rendered":"Ca\u00f1ada de G\u00f3mez: una multitud disfrut\u00f3 del festival Las Tres Lunas."},"content":{"rendered":"\n<figure class=\"wp-block-image size-full\"><a href=\"http:\/\/armstrongyregion.com.ar\/diario\/wp-content\/uploads\/2023\/03\/Tres-Lunas-23-.jpg\"><img loading=\"lazy\" decoding=\"async\" width=\"540\" height=\"301\" src=\"http:\/\/armstrongyregion.com.ar\/diario\/wp-content\/uploads\/2023\/03\/Tres-Lunas-23-.jpg\" alt=\"\" class=\"wp-image-37690\" srcset=\"https:\/\/armstrongyregion.com.ar\/diario\/wp-content\/uploads\/2023\/03\/Tres-Lunas-23-.jpg 540w, https:\/\/armstrongyregion.com.ar\/diario\/wp-content\/uploads\/2023\/03\/Tres-Lunas-23--300x167.jpg 300w\" sizes=\"auto, (max-width: 540px) 100vw, 540px\" \/><\/a><\/figure>\n\n\n\n<h2 class=\"wp-block-heading\">M\u00e1s de 50 mil personas participaron de la actividad, que se desarroll\u00f3 de jueves a domingo con la actuaci\u00f3n de Soledad Pastorutti.<\/h2>\n\n\n\n<p><strong>M\u00e1s de 50 mil personas disfrutaron de la 34\u00ba edici\u00f3n del festival Las Tres Lunas de Ca\u00f1ada de G\u00f3mez<\/strong>, organizado por el municipio local y que convoc\u00f3 a artistas de todo el pa\u00eds. El gran cierre fue con la actuaci\u00f3n de la cantante Soledad Pastorutti.<\/p>\n\n\n\n<p>\u00ab<strong>El festival fue creciendo como Ca\u00f1ada de G\u00f3mez, y lo ha hecho con trabajo y pasi\u00f3n, valores que caracterizan a los ca\u00f1adenses,<\/strong>&nbsp;continuando el respaldo a los artistas locales y convocando a artistas nacionales durante todas las jornadas\u00bb, sostuvo la intendenta Stella Cl\u00e9rici. Y en esa misma l\u00ednea destac\u00f3 el impulso que hubo desde su gesti\u00f3n para que el multitudinario encuentro trascienda a nivel nacional y se posicione como el m\u00e1s importante de la regi\u00f3n.<\/p>\n\n\n\n<p><strong>Las Tres Lunas es un encuentro de m\u00fasica popular que naci\u00f3 por iniciativa de vecinos en el polideportivo V\u00edctor y Agulino Carbonari, en la zona sur de la ciudad<\/strong>. En su regreso tras la pandemia, tuvo en esta edici\u00f3n un broche inolvidable con el show que despleg\u00f3 Soledad sobre el escenario, por donde tambi\u00e9n pasaron a lo largo festival otros 45 artistas que mostraron lo suyo.<\/p>\n\n\n\n<p>El jueves el plato fuerte fue la presentaci\u00f3n de Los del Suqu\u00eda, el viernes toc\u00f3 La Delio Valdez y el s\u00e1bado cerraron la noche Francisco Ben\u00edtez y Juan Fuentes. Y si algo faltaba para ratificar el poder convocatoria, La Sole se encarg\u00f3 de aportar su magia en la \u00faltima noche del festival que durante sus cuatro jornadas super\u00f3 las 50 mil almas.<\/p>\n\n\n\n<p>\u00ab<strong>Es un orgullo ver el crecimiento de esta fiesta y que gracias a un gran trabajo siga manteniendo la gratuidad en el ingreso al predio\u00bb<\/strong>, destac\u00f3 el vice presidente de la comisi\u00f3n organizadora, Marcelo Casalegno.<\/p>\n\n\n\n<p>Por su parte, el presidente de la misma, Juan Carlos Tocalli, remarc\u00f3 el trabajo mancomunado al sostener que \u00ab<strong>este festival crece tambi\u00e9n gracias al trabajo de los clubes, vecinos e instituciones que nos acompa\u00f1an<\/strong>\u00ab, para luego subrayar que \u00ablos clubes encuentran en esta fiesta una importante fuente de ingreso, explotando los buffet y puestos gastron\u00f3micos\u00bb. El municipio dio lugar a micro emprendedores locales, artesanos y stands gastron\u00f3micos que desarrollaron sus actividades fuera del predio.<\/p>\n\n\n\n<p><\/p>\n","protected":false},"excerpt":{"rendered":"<p>M\u00e1s de 50 mil personas participaron de la actividad, que se desarroll\u00f3 de jueves a domingo con la actuaci\u00f3n de Soledad Pastorutti. M\u00e1s de 50 mil personas disfrutaron de la 34\u00ba edici\u00f3n del festival Las Tres Lunas de Ca\u00f1ada de G\u00f3mez, organizado por el municipio local y que convoc\u00f3 a artistas de todo el pa\u00eds. <a href=\"https:\/\/armstrongyregion.com.ar\/diario\/canada-de-gomez-una-multitud-disfruto-del-festival-las-tres-lunas\/\" title=\"Read more\" >&#8230;<\/a><\/p>\n","protected":false},"author":1,"featured_media":37690,"comment_status":"open","ping_status":"open","sticky":false,"template":"","format":"image","meta":{"_jetpack_memberships_contains_paid_content":false,"footnotes":"","jetpack_publicize_message":"","jetpack_publicize_feature_enabled":true,"jetpack_social_post_already_shared":true,"jetpack_social_options":{"image_generator_settings":{"template":"highway","default_image_id":0,"enabled":false},"version":2}},"categories":[6,8,1,7,3],"tags":[163,19,53,9051,318,164,23,8866,914,8645,103],"class_list":["post-37689","post","type-post","status-publish","format-image","has-post-thumbnail","hentry","category-cultura-entretenimiento","category-deliberando","category-diario-armstrong","category-politica","category-region","tag-canada","tag-de","tag-del","tag-disfruto-2","tag-festival","tag-gomez","tag-las","tag-lunas-2","tag-multitud","tag-tres-2","tag-una","post_format-post-format-image"],"jetpack_publicize_connections":[],"jetpack_featured_media_url":"https:\/\/armstrongyregion.com.ar\/diario\/wp-content\/uploads\/2023\/03\/Tres-Lunas-23-.jpg","jetpack_shortlink":"https:\/\/wp.me\/p62QDO-9NT","jetpack_sharing_enabled":true,"amp_enabled":true,"_links":{"self":[{"href":"https:\/\/armstrongyregion.com.ar\/diario\/wp-json\/wp\/v2\/posts\/37689","targetHints":{"allow":["GET"]}}],"collection":[{"href":"https:\/\/armstrongyregion.com.ar\/diario\/wp-json\/wp\/v2\/posts"}],"about":[{"href":"https:\/\/armstrongyregion.com.ar\/diario\/wp-json\/wp\/v2\/types\/post"}],"author":[{"embeddable":true,"href":"https:\/\/armstrongyregion.com.ar\/diario\/wp-json\/wp\/v2\/users\/1"}],"replies":[{"embeddable":true,"href":"https:\/\/armstrongyregion.com.ar\/diario\/wp-json\/wp\/v2\/comments?post=37689"}],"version-history":[{"count":1,"href":"https:\/\/armstrongyregion.com.ar\/diario\/wp-json\/wp\/v2\/posts\/37689\/revisions"}],"predecessor-version":[{"id":37691,"href":"https:\/\/armstrongyregion.com.ar\/diario\/wp-json\/wp\/v2\/posts\/37689\/revisions\/37691"}],"wp:featuredmedia":[{"embeddable":true,"href":"https:\/\/armstrongyregion.com.ar\/diario\/wp-json\/wp\/v2\/media\/37690"}],"wp:attachment":[{"href":"https:\/\/armstrongyregion.com.ar\/diario\/wp-json\/wp\/v2\/media?parent=37689"}],"wp:term":[{"taxonomy":"category","embeddable":true,"href":"https:\/\/armstrongyregion.com.ar\/diario\/wp-json\/wp\/v2\/categories?post=37689"},{"taxonomy":"post_tag","embeddable":true,"href":"https:\/\/armstrongyregion.com.ar\/diario\/wp-json\/wp\/v2\/tags?post=37689"}],"curies":[{"name":"wp","href":"https:\/\/api.w.org\/{rel}","templated":true}]}}