{"id":37678,"date":"2023-02-27T22:13:50","date_gmt":"2023-02-27T22:13:50","guid":{"rendered":"https:\/\/armstrongyregion.com.ar\/diario\/?p=37678"},"modified":"2023-02-27T22:13:53","modified_gmt":"2023-02-27T22:13:53","slug":"la-provincia-fortalece-los-derechos-de-ninas-ninos-y-adolescentes-a-traves-de-30-centros-de-accion-familiar","status":"publish","type":"post","link":"https:\/\/armstrongyregion.com.ar\/diario\/la-provincia-fortalece-los-derechos-de-ninas-ninos-y-adolescentes-a-traves-de-30-centros-de-accion-familiar\/","title":{"rendered":"La provincia fortalece los derechos de ni\u00f1as, ni\u00f1os y adolescentes a trav\u00e9s de 30 Centros de Acci\u00f3n Familiar."},"content":{"rendered":"\n<figure class=\"wp-block-image size-full\"><a href=\"http:\/\/armstrongyregion.com.ar\/diario\/wp-content\/uploads\/2023\/02\/ninos-1234-.jpg\"><img loading=\"lazy\" decoding=\"async\" width=\"620\" height=\"413\" src=\"http:\/\/armstrongyregion.com.ar\/diario\/wp-content\/uploads\/2023\/02\/ninos-1234-.jpg\" alt=\"\" class=\"wp-image-37679\" srcset=\"https:\/\/armstrongyregion.com.ar\/diario\/wp-content\/uploads\/2023\/02\/ninos-1234-.jpg 620w, https:\/\/armstrongyregion.com.ar\/diario\/wp-content\/uploads\/2023\/02\/ninos-1234--300x200.jpg 300w\" sizes=\"auto, (max-width: 620px) 100vw, 620px\" \/><\/a><\/figure>\n\n\n\n<h2 class=\"wp-block-heading\">El gobierno de Omar Perotti despliega los espacios de orientaci\u00f3n y acompa\u00f1amiento en 16 localidades, donde actualmente concurren unos 3.500 ni\u00f1os, ni\u00f1as y sus familias.<\/h2>\n\n\n\n<p>El gobierno provincial implementa una pol\u00edtica de fortalecimiento de los Centros de Acci\u00f3n Familiar (CAF), instituciones de promoci\u00f3n, protecci\u00f3n y restituci\u00f3n integral de derechos, desplegados en el \u00e1mbito de todo el territorio santafesino.<\/p>\n\n\n\n<p>Estos espacios, dependientes de la secretar\u00eda de los Derechos de la Ni\u00f1ez, Adolescencia y Familia, bajo la \u00f3rbita del Ministerio de Desarrollo Social del gobierno de la provincia de Santa Fe, representan una referencia territorial para la inclusi\u00f3n de ni\u00f1as, ni\u00f1os y adolescentes, de orientaci\u00f3n y acompa\u00f1amiento a la familia desde una perspectiva de derechos.<\/p>\n\n\n\n<p>Actualmente, funcionan 30 CAF en toda la provincia, distribuidos en las ciudades de Santa Fe, Rosario, San Crist\u00f3bal, Vera, Esperanza, Tostado, Las Rosas, Reconquista, San Jos\u00e9 del Rinc\u00f3n, Venado Tuerto, Laguna Paiva, Helvecia, El Tr\u00e9bol, Santo Tom\u00e9, Coronda y Rafaela, donde concurren m\u00e1s de 3.500 ni\u00f1os, ni\u00f1as, adolescentes y sus familias.<\/p>\n\n\n\n<p><strong>TRABAJO EN RED<\/strong><\/p>\n\n\n\n<p>El trabajo en los CAF se aborda a trav\u00e9s de pol\u00edticas p\u00fablicas planificadas de manera estrat\u00e9gica y conjunta con organizaciones de la comunidad, promoviendo el trabajo en red; el fortalecimiento de lazos sociales a partir de la convivencia; y la participaci\u00f3n.<\/p>\n\n\n\n<p>En ese marco, se trabaja de manera interministerial en las \u00e1reas de Salud, Educaci\u00f3n, Seguridad, Cultural, entre otras, y con las organizaciones de la sociedad civil que funcionan en los barrios donde se encuentran los CAF.<\/p>\n\n\n\n<p>En estos espacios de atiende diariamente a la primera infancia, mediante el cuidado, actividades centradas en el juego, la convivencia y la expresi\u00f3n brindando, adem\u00e1s, una alimentaci\u00f3n saludable.<\/p>\n\n\n\n<p>Asimismo, se despliegan talleres de arte, actividades deportivas y capacitaciones en oficios, en vinculaci\u00f3n con programas como el Santa Fe M\u00e1s, para adolescentes y j\u00f3venes de entre 14 y 30 a\u00f1os.<\/p>\n\n\n\n<p><strong>FORTALECIMIENTO DE LAZOS Y PREVENCI\u00d3N DE SITUACIONES COMPLEJAS<\/strong><\/p>\n\n\n\n<p>El ministro de Desarrollo Social, Danilo Capitani, manifest\u00f3 que \u201cel trabajo en las instituciones tiene una visi\u00f3n integral de las situaciones y apunta al fortalecimiento de los lazos entre los integrantes de los grupos familiares, optimizando los recursos y estrategias con las que cuenta la provincia\u201d.<\/p>\n\n\n\n<p>Por su parte, la secretaria de Ni\u00f1ez, Adolescencia y Familia, Patricia Chialvo, se\u00f1al\u00f3 que \u201cson espacios absolutamente necesarios para las diferentes intervenciones ya que se encuentran ubicados estrat\u00e9gicamente en los barrios m\u00e1s vulnerables, desde los cuales podemos prevenir y atender situaciones complejas que puedan atravesar ni\u00f1os, ni\u00f1as y adolescentes\u00bb.<\/p>\n\n\n\n<p>\u201cPor un lado, es fundamental el trabajo en red dentro del territorio, en el v\u00ednculo con otras organizaciones e instituciones de la sociedad civil, para abordar de manera conjunta las problem\u00e1ticas; por el otro, hacia lo interno, construyendo redes con el segundo nivel de intervenci\u00f3n para prevenir la separaci\u00f3n de los chicos y las chicas de su centro de d\u00eda o para la revinculaci\u00f3n, una vez que egresan de un centro residencial\u201d, complet\u00f3 la funionaria.<\/p>\n\n\n\n<p>En tanto, la directora provincial de Ni\u00f1ez Rosario, Florencia Ghiselli, indic\u00f3&nbsp; que \u201csomos un gran equipo de trabajo donde cada acci\u00f3n est\u00e1 pensada en clave de derechos, entendiendo el rol de las instituciones, en la lucha por el acceso a los derechos. Actualmente trabajamos en doble turno, algo que nunca hab\u00eda pasado en Rosario y recibimos entre 70 y 90 chicos y chicas en cada CAF, adem\u00e1s de la participaci\u00f3n de los adultos del grupo familiar\u00bb.<\/p>\n\n\n\n<p>Para finalizar, la directora del CAF 19 de barrio El Pozo de la ciudad de Santa Fe, expres\u00f3 que \u201clos CAF son una de las maneras en las que se hace presente el Estado en la comunidad. Alojan y contienen a las infancias y familias desde un trabajo con perspectiva de red, g\u00e9nero e interculturalidad\u201d.<\/p>\n\n\n\n<p><strong>CAF<\/strong><\/p>\n\n\n\n<p>Fueron creados en 1947, durante el gobierno de Juan Domingo Per\u00f3n como CAS, Centro de Acci\u00f3n Social. Estas instituciones tuvieron como objetivo albergar a los hijos de las madres obreras, por ello fueron instalados cerca de las f\u00e1bricas y atend\u00edan en los horarios de trabajo. La funci\u00f3n de los centros era la alimentaci\u00f3n; el traslado a la escuela; y la realizaci\u00f3n de las tareas escolares, entre otras.<\/p>\n\n\n\n<p>En 1977 cambi\u00f3 su denominaci\u00f3n y su funci\u00f3n pas\u00f3 a ser el fortalecimientos de los grupos familiares, reform\u00e1ndose los criterios de admisi\u00f3n de los ni\u00f1os, cuyo requisito era pertenecer a una familia excluida del mercado laboral. Es por ello que se crearon otros CAF, pero esta vez ubicados en sectores de mayor vulnerabilidad.<\/p>\n","protected":false},"excerpt":{"rendered":"<p>El gobierno de Omar Perotti despliega los espacios de orientaci\u00f3n y acompa\u00f1amiento en 16 localidades, donde actualmente concurren unos 3.500 ni\u00f1os, ni\u00f1as y sus familias. El gobierno provincial implementa una pol\u00edtica de fortalecimiento de los Centros de Acci\u00f3n Familiar (CAF), instituciones de promoci\u00f3n, protecci\u00f3n y restituci\u00f3n integral de derechos, desplegados en el \u00e1mbito de todo <a href=\"https:\/\/armstrongyregion.com.ar\/diario\/la-provincia-fortalece-los-derechos-de-ninas-ninos-y-adolescentes-a-traves-de-30-centros-de-accion-familiar\/\" title=\"Read more\" >&#8230;<\/a><\/p>\n","protected":false},"author":1,"featured_media":37679,"comment_status":"open","ping_status":"open","sticky":false,"template":"","format":"image","meta":{"_jetpack_memberships_contains_paid_content":false,"footnotes":"","jetpack_publicize_message":"","jetpack_publicize_feature_enabled":true,"jetpack_social_post_already_shared":true,"jetpack_social_options":{"image_generator_settings":{"template":"highway","default_image_id":0,"enabled":false},"version":2}},"categories":[6,8,1,2,7,3],"tags":[9044,8749,9043,19,3143,2885,31,7728,8748,8640],"class_list":["post-37678","post","type-post","status-publish","format-image","has-post-thumbnail","hentry","category-cultura-entretenimiento","category-deliberando","category-diario-armstrong","category-locales","category-politica","category-region","tag-accion-2","tag-adolescentes","tag-centros","tag-de","tag-derechos","tag-familiar","tag-la","tag-ninas","tag-ninos-2","tag-provincia-2","post_format-post-format-image"],"jetpack_publicize_connections":[],"jetpack_featured_media_url":"https:\/\/armstrongyregion.com.ar\/diario\/wp-content\/uploads\/2023\/02\/ninos-1234-.jpg","jetpack_shortlink":"https:\/\/wp.me\/p62QDO-9NI","jetpack_sharing_enabled":true,"amp_enabled":true,"_links":{"self":[{"href":"https:\/\/armstrongyregion.com.ar\/diario\/wp-json\/wp\/v2\/posts\/37678","targetHints":{"allow":["GET"]}}],"collection":[{"href":"https:\/\/armstrongyregion.com.ar\/diario\/wp-json\/wp\/v2\/posts"}],"about":[{"href":"https:\/\/armstrongyregion.com.ar\/diario\/wp-json\/wp\/v2\/types\/post"}],"author":[{"embeddable":true,"href":"https:\/\/armstrongyregion.com.ar\/diario\/wp-json\/wp\/v2\/users\/1"}],"replies":[{"embeddable":true,"href":"https:\/\/armstrongyregion.com.ar\/diario\/wp-json\/wp\/v2\/comments?post=37678"}],"version-history":[{"count":1,"href":"https:\/\/armstrongyregion.com.ar\/diario\/wp-json\/wp\/v2\/posts\/37678\/revisions"}],"predecessor-version":[{"id":37680,"href":"https:\/\/armstrongyregion.com.ar\/diario\/wp-json\/wp\/v2\/posts\/37678\/revisions\/37680"}],"wp:featuredmedia":[{"embeddable":true,"href":"https:\/\/armstrongyregion.com.ar\/diario\/wp-json\/wp\/v2\/media\/37679"}],"wp:attachment":[{"href":"https:\/\/armstrongyregion.com.ar\/diario\/wp-json\/wp\/v2\/media?parent=37678"}],"wp:term":[{"taxonomy":"category","embeddable":true,"href":"https:\/\/armstrongyregion.com.ar\/diario\/wp-json\/wp\/v2\/categories?post=37678"},{"taxonomy":"post_tag","embeddable":true,"href":"https:\/\/armstrongyregion.com.ar\/diario\/wp-json\/wp\/v2\/tags?post=37678"}],"curies":[{"name":"wp","href":"https:\/\/api.w.org\/{rel}","templated":true}]}}