{"id":37642,"date":"2023-02-24T15:23:56","date_gmt":"2023-02-24T15:23:56","guid":{"rendered":"https:\/\/armstrongyregion.com.ar\/diario\/?p=37642"},"modified":"2023-02-24T15:23:59","modified_gmt":"2023-02-24T15:23:59","slug":"inicio-de-actividades-conservatorio-municipal-2023","status":"publish","type":"post","link":"https:\/\/armstrongyregion.com.ar\/diario\/inicio-de-actividades-conservatorio-municipal-2023\/","title":{"rendered":"Inicio de actividades Conservatorio Municipal 2023."},"content":{"rendered":"\n<figure class=\"wp-block-image size-full\"><a href=\"http:\/\/armstrongyregion.com.ar\/diario\/wp-content\/uploads\/2023\/02\/inscripciones_conservatorio.jpg\"><img loading=\"lazy\" decoding=\"async\" width=\"396\" height=\"400\" src=\"http:\/\/armstrongyregion.com.ar\/diario\/wp-content\/uploads\/2023\/02\/inscripciones_conservatorio.jpg\" alt=\"\" class=\"wp-image-37643\" srcset=\"https:\/\/armstrongyregion.com.ar\/diario\/wp-content\/uploads\/2023\/02\/inscripciones_conservatorio.jpg 396w, https:\/\/armstrongyregion.com.ar\/diario\/wp-content\/uploads\/2023\/02\/inscripciones_conservatorio-297x300.jpg 297w\" sizes=\"auto, (max-width: 396px) 100vw, 396px\" \/><\/a><\/figure>\n\n\n\n<p>El Conservatorio Municipal de M\u00fasica invita a ni\u00f1os, j\u00f3venes y adultos a formar parte del mismo, para conocer y aprender m\u00fasica disfrutando, en sus cinco elencos estables y una propuesta acad\u00e9mica muy variada, que iniciar\u00e1 sus clases el d\u00eda 6 de marzo.<\/p>\n\n\n\n<p>M\u00e1s de diez disciplinas: acorde\u00f3n, bajo, bater\u00eda y percusi\u00f3n, flauta traversa, guitarra cl\u00e1sica, guitarra el\u00e9ctrica, viol\u00edn, clarinete, trompeta, saxof\u00f3n, tromb\u00f3n, piano, y taller vocal.&nbsp;<\/p>\n\n\n\n<p>Asimismo, est\u00e1n abiertas las inscripciones para integrar los elencos estables: Ensamble de Vientos, Banda Infanto Juvenil, Ensamble Folcl\u00f3rico, Coro de Ni\u00f1os, Coro de Adultos.&nbsp;<\/p>\n\n\n\n<p>Como novedad, este a\u00f1o se incorpora a la grilla de actividades con un proyecto formal Iniciaci\u00f3n Musical, para ni\u00f1os a partir de los 4 a\u00f1os de edad.<\/p>\n\n\n\n<p>Este proyecto educativo cultural se inici\u00f3 en el a\u00f1o 2013, y crece constantemente en cuanto a las propuestas que ofrece y cantidad de personas que se acercan y se suman.Para informes e inscripci\u00f3n dirigirse a la Secretar\u00eda de Educaci\u00f3n y Desarrollo Integral, al Museo Hist\u00f3rico Municipal, por whatsapp al 341-157262222 \u00f3 por email escribir a&nbsp;<a href=\"mailto:conservatorio.armstrong@gmail.com\">conservatorio.armstrong@gmail.com<\/a>.<\/p>\n","protected":false},"excerpt":{"rendered":"<p>El Conservatorio Municipal de M\u00fasica invita a ni\u00f1os, j\u00f3venes y adultos a formar parte del mismo, para conocer y aprender m\u00fasica disfrutando, en sus cinco elencos estables y una propuesta acad\u00e9mica muy variada, que iniciar\u00e1 sus clases el d\u00eda 6 de marzo. M\u00e1s de diez disciplinas: acorde\u00f3n, bajo, bater\u00eda y percusi\u00f3n, flauta traversa, guitarra cl\u00e1sica, <a href=\"https:\/\/armstrongyregion.com.ar\/diario\/inicio-de-actividades-conservatorio-municipal-2023\/\" title=\"Read more\" >&#8230;<\/a><\/p>\n","protected":false},"author":1,"featured_media":37643,"comment_status":"open","ping_status":"open","sticky":false,"template":"","format":"image","meta":{"_jetpack_memberships_contains_paid_content":false,"footnotes":"","jetpack_publicize_message":"","jetpack_publicize_feature_enabled":true,"jetpack_social_post_already_shared":true,"jetpack_social_options":{"image_generator_settings":{"template":"highway","default_image_id":0,"enabled":false},"version":2}},"categories":[6,8,1,2,7,3],"tags":[8751,263,3660,174,8655],"class_list":["post-37642","post","type-post","status-publish","format-image","has-post-thumbnail","hentry","category-cultura-entretenimiento","category-deliberando","category-diario-armstrong","category-locales","category-politica","category-region","tag-8751","tag-actividades","tag-conservatorio","tag-inicio","tag-municipal-2","post_format-post-format-image"],"jetpack_publicize_connections":[],"jetpack_featured_media_url":"https:\/\/armstrongyregion.com.ar\/diario\/wp-content\/uploads\/2023\/02\/inscripciones_conservatorio.jpg","jetpack_shortlink":"https:\/\/wp.me\/p62QDO-9N8","jetpack_sharing_enabled":true,"amp_enabled":true,"_links":{"self":[{"href":"https:\/\/armstrongyregion.com.ar\/diario\/wp-json\/wp\/v2\/posts\/37642","targetHints":{"allow":["GET"]}}],"collection":[{"href":"https:\/\/armstrongyregion.com.ar\/diario\/wp-json\/wp\/v2\/posts"}],"about":[{"href":"https:\/\/armstrongyregion.com.ar\/diario\/wp-json\/wp\/v2\/types\/post"}],"author":[{"embeddable":true,"href":"https:\/\/armstrongyregion.com.ar\/diario\/wp-json\/wp\/v2\/users\/1"}],"replies":[{"embeddable":true,"href":"https:\/\/armstrongyregion.com.ar\/diario\/wp-json\/wp\/v2\/comments?post=37642"}],"version-history":[{"count":1,"href":"https:\/\/armstrongyregion.com.ar\/diario\/wp-json\/wp\/v2\/posts\/37642\/revisions"}],"predecessor-version":[{"id":37644,"href":"https:\/\/armstrongyregion.com.ar\/diario\/wp-json\/wp\/v2\/posts\/37642\/revisions\/37644"}],"wp:featuredmedia":[{"embeddable":true,"href":"https:\/\/armstrongyregion.com.ar\/diario\/wp-json\/wp\/v2\/media\/37643"}],"wp:attachment":[{"href":"https:\/\/armstrongyregion.com.ar\/diario\/wp-json\/wp\/v2\/media?parent=37642"}],"wp:term":[{"taxonomy":"category","embeddable":true,"href":"https:\/\/armstrongyregion.com.ar\/diario\/wp-json\/wp\/v2\/categories?post=37642"},{"taxonomy":"post_tag","embeddable":true,"href":"https:\/\/armstrongyregion.com.ar\/diario\/wp-json\/wp\/v2\/tags?post=37642"}],"curies":[{"name":"wp","href":"https:\/\/api.w.org\/{rel}","templated":true}]}}