{"id":37634,"date":"2023-02-24T15:13:02","date_gmt":"2023-02-24T15:13:02","guid":{"rendered":"https:\/\/armstrongyregion.com.ar\/diario\/?p=37634"},"modified":"2023-02-24T15:17:26","modified_gmt":"2023-02-24T15:17:26","slug":"canada-de-gomez-com-buena-respuesta-del-publico-comenzaron-las-tres-lunas","status":"publish","type":"post","link":"https:\/\/armstrongyregion.com.ar\/diario\/canada-de-gomez-com-buena-respuesta-del-publico-comenzaron-las-tres-lunas\/","title":{"rendered":"Ca\u00f1ada de G\u00f3mez. Con buena respuesta del p\u00fablico comenzaron las Tres Lunas."},"content":{"rendered":"\n<figure class=\"wp-block-image size-full\"><a href=\"http:\/\/armstrongyregion.com.ar\/diario\/wp-content\/uploads\/2023\/02\/Tres-lunas-2023-.jpg\"><img loading=\"lazy\" decoding=\"async\" width=\"400\" height=\"300\" src=\"http:\/\/armstrongyregion.com.ar\/diario\/wp-content\/uploads\/2023\/02\/Tres-lunas-2023-.jpg\" alt=\"\" class=\"wp-image-37635\" srcset=\"https:\/\/armstrongyregion.com.ar\/diario\/wp-content\/uploads\/2023\/02\/Tres-lunas-2023-.jpg 400w, https:\/\/armstrongyregion.com.ar\/diario\/wp-content\/uploads\/2023\/02\/Tres-lunas-2023--300x225.jpg 300w\" sizes=\"auto, (max-width: 400px) 100vw, 400px\" \/><\/a><\/figure>\n\n\n\n<p>Este jueves comenzaron Las Tres Lunas en una jornada en la que se presentaron artistas y ballets de la ciudad y la regi\u00f3n, con el cierre de \u201cLos del Suquia\u201d, ante miles de personas que se acercaron al polideportivo V\u00edctor y Agulino Carbonari.<\/p>\n\n\n\n<p>Luego de la cl\u00e1sica apertura oficial con la canci\u00f3n del festival, la intendenta Stella Cl\u00e9rici junto al presidente de la comisi\u00f3n organizadora, Juan Carlos Tocalli, destacaron el trabajo realizado para que durante m\u00e1s de treinta a\u00f1os pueda llevarse adelante este Festival. \u00abUn a\u00f1o m\u00e1s este festival convoca a m\u00e1s de cuarenta artistas de la ciudad y la regi\u00f3n, con cierres de trayectoria a nivel nacional cada noche\u00bb, destac\u00f3 Cl\u00e9rici, y agreg\u00f3: \u201cmuy contentos de que nos acompa\u00f1en emprendedores y los clubes para hacer de esta fiesta popular, la m\u00e1s importante de la regi\u00f3n\u201d.<\/p>\n\n\n\n<p>Las Lunas contin\u00faan este viernes desde las 21 hs con la presentaci\u00f3n de: Ma. Bel\u00e9n y Goli Ceriani, Ballet Nuevo Amanecer, \u201cManu\u201d Alvarez, Ballet \u201cEl Chucaro\u201d, Julieta Marucco, Compa\u00f1\u00eda \u201cDanza Con Alma\u201d, Facundo Arcec, Carga Pesada, Efra\u00edn Colombo y el cierre con La Delio Valdez.<\/p>\n\n\n\n<p>Las plateas anticipadas se pueden comprar en el predio durante las pr\u00f3ximas noches a un costo de $2.400 para cada jornada o $6.000 para viernes, s\u00e1bado y domingo.&nbsp;<\/p>\n","protected":false},"excerpt":{"rendered":"<p>Este jueves comenzaron Las Tres Lunas en una jornada en la que se presentaron artistas y ballets de la ciudad y la regi\u00f3n, con el cierre de \u201cLos del Suquia\u201d, ante miles de personas que se acercaron al polideportivo V\u00edctor y Agulino Carbonari. Luego de la cl\u00e1sica apertura oficial con la canci\u00f3n del festival, la <a href=\"https:\/\/armstrongyregion.com.ar\/diario\/canada-de-gomez-com-buena-respuesta-del-publico-comenzaron-las-tres-lunas\/\" title=\"Read more\" >&#8230;<\/a><\/p>\n","protected":false},"author":1,"featured_media":37635,"comment_status":"open","ping_status":"open","sticky":false,"template":"","format":"image","meta":{"_jetpack_memberships_contains_paid_content":false,"footnotes":"","jetpack_publicize_message":"","jetpack_publicize_feature_enabled":true,"jetpack_social_post_already_shared":true,"jetpack_social_options":{"image_generator_settings":{"template":"highway","default_image_id":0,"enabled":false},"version":2}},"categories":[6,8,1,2,7,3],"tags":[1488,53,8866,8585,4367,8645],"class_list":["post-37634","post","type-post","status-publish","format-image","has-post-thumbnail","hentry","category-cultura-entretenimiento","category-deliberando","category-diario-armstrong","category-locales","category-politica","category-region","tag-buena","tag-del","tag-lunas-2","tag-publico-2","tag-respuesta","tag-tres-2","post_format-post-format-image"],"jetpack_publicize_connections":[],"jetpack_featured_media_url":"https:\/\/armstrongyregion.com.ar\/diario\/wp-content\/uploads\/2023\/02\/Tres-lunas-2023-.jpg","jetpack_shortlink":"https:\/\/wp.me\/p62QDO-9N0","jetpack_sharing_enabled":true,"amp_enabled":true,"_links":{"self":[{"href":"https:\/\/armstrongyregion.com.ar\/diario\/wp-json\/wp\/v2\/posts\/37634","targetHints":{"allow":["GET"]}}],"collection":[{"href":"https:\/\/armstrongyregion.com.ar\/diario\/wp-json\/wp\/v2\/posts"}],"about":[{"href":"https:\/\/armstrongyregion.com.ar\/diario\/wp-json\/wp\/v2\/types\/post"}],"author":[{"embeddable":true,"href":"https:\/\/armstrongyregion.com.ar\/diario\/wp-json\/wp\/v2\/users\/1"}],"replies":[{"embeddable":true,"href":"https:\/\/armstrongyregion.com.ar\/diario\/wp-json\/wp\/v2\/comments?post=37634"}],"version-history":[{"count":2,"href":"https:\/\/armstrongyregion.com.ar\/diario\/wp-json\/wp\/v2\/posts\/37634\/revisions"}],"predecessor-version":[{"id":37641,"href":"https:\/\/armstrongyregion.com.ar\/diario\/wp-json\/wp\/v2\/posts\/37634\/revisions\/37641"}],"wp:featuredmedia":[{"embeddable":true,"href":"https:\/\/armstrongyregion.com.ar\/diario\/wp-json\/wp\/v2\/media\/37635"}],"wp:attachment":[{"href":"https:\/\/armstrongyregion.com.ar\/diario\/wp-json\/wp\/v2\/media?parent=37634"}],"wp:term":[{"taxonomy":"category","embeddable":true,"href":"https:\/\/armstrongyregion.com.ar\/diario\/wp-json\/wp\/v2\/categories?post=37634"},{"taxonomy":"post_tag","embeddable":true,"href":"https:\/\/armstrongyregion.com.ar\/diario\/wp-json\/wp\/v2\/tags?post=37634"}],"curies":[{"name":"wp","href":"https:\/\/api.w.org\/{rel}","templated":true}]}}