{"id":37623,"date":"2023-02-23T15:13:47","date_gmt":"2023-02-23T15:13:47","guid":{"rendered":"https:\/\/armstrongyregion.com.ar\/diario\/?p=37623"},"modified":"2023-02-23T15:13:49","modified_gmt":"2023-02-23T15:13:49","slug":"amil-voy-a-ser-candidato-a-concejal-porque-armstrong-me-necesita","status":"publish","type":"post","link":"https:\/\/armstrongyregion.com.ar\/diario\/amil-voy-a-ser-candidato-a-concejal-porque-armstrong-me-necesita\/","title":{"rendered":"Amil: \u201cVoy a ser candidato a concejal porque Armstrong me necesita\u201d."},"content":{"rendered":"\n<figure class=\"wp-block-image size-large\"><a href=\"http:\/\/armstrongyregion.com.ar\/diario\/wp-content\/uploads\/2017\/08\/DSC_0752.jpg\"><img loading=\"lazy\" decoding=\"async\" width=\"1024\" height=\"683\" src=\"http:\/\/armstrongyregion.com.ar\/diario\/wp-content\/uploads\/2017\/08\/DSC_0752-1024x683.jpg\" alt=\"Facundo-Amil-Armstrongyregion-\" class=\"wp-image-14242\" srcset=\"https:\/\/armstrongyregion.com.ar\/diario\/wp-content\/uploads\/2017\/08\/DSC_0752-1024x683.jpg 1024w, https:\/\/armstrongyregion.com.ar\/diario\/wp-content\/uploads\/2017\/08\/DSC_0752-300x200.jpg 300w\" sizes=\"auto, (max-width: 1024px) 100vw, 1024px\" \/><\/a><\/figure>\n\n\n\n<p>Facundo Amil, presidente del nuevo partido vecinal \u201cSOMOS Armstrong\u201d  al consultarlo sobre su posible candidatura, nos dec\u00eda: \u201cVoy a ser candidato a concejal porque Armstrong me necesita y cuento con el apoyo de un equipo de personas con much\u00edsimas condiciones\u201d.<\/p>\n\n\n\n<p>Tambi\u00e9n a\u00f1adi\u00f3 que ya est\u00e1n trabajando en el acondicionamiento del local partidario para estar mucho m\u00e1s conectados con los vecinos.<\/p>\n","protected":false},"excerpt":{"rendered":"<p>Facundo Amil, presidente del nuevo partido vecinal \u201cSOMOS Armstrong\u201d al consultarlo sobre su posible candidatura, nos dec\u00eda: \u201cVoy a ser candidato a concejal porque Armstrong me necesita y cuento con el apoyo de un equipo de personas con much\u00edsimas condiciones\u201d. Tambi\u00e9n a\u00f1adi\u00f3 que ya est\u00e1n trabajando en el acondicionamiento del local partidario para estar mucho <a href=\"https:\/\/armstrongyregion.com.ar\/diario\/amil-voy-a-ser-candidato-a-concejal-porque-armstrong-me-necesita\/\" title=\"Read more\" >&#8230;<\/a><\/p>\n","protected":false},"author":1,"featured_media":14242,"comment_status":"open","ping_status":"open","sticky":false,"template":"","format":"image","meta":{"_jetpack_memberships_contains_paid_content":false,"footnotes":"","jetpack_publicize_message":"","jetpack_publicize_feature_enabled":true,"jetpack_social_post_already_shared":true,"jetpack_social_options":{"image_generator_settings":{"template":"highway","default_image_id":0,"enabled":false},"version":2}},"categories":[8,1,2,7,3],"tags":[33,8601,20,600,924,9025,1106,925],"class_list":["post-37623","post","type-post","status-publish","format-image","has-post-thumbnail","hentry","category-deliberando","category-diario-armstrong","category-locales","category-politica","category-region","tag-a","tag-amil","tag-armstrong","tag-candidato","tag-me","tag-necesita","tag-ser","tag-voy","post_format-post-format-image"],"jetpack_publicize_connections":[],"jetpack_featured_media_url":"https:\/\/armstrongyregion.com.ar\/diario\/wp-content\/uploads\/2017\/08\/DSC_0752.jpg","jetpack_shortlink":"https:\/\/wp.me\/p62QDO-9MP","jetpack_sharing_enabled":true,"amp_enabled":true,"_links":{"self":[{"href":"https:\/\/armstrongyregion.com.ar\/diario\/wp-json\/wp\/v2\/posts\/37623","targetHints":{"allow":["GET"]}}],"collection":[{"href":"https:\/\/armstrongyregion.com.ar\/diario\/wp-json\/wp\/v2\/posts"}],"about":[{"href":"https:\/\/armstrongyregion.com.ar\/diario\/wp-json\/wp\/v2\/types\/post"}],"author":[{"embeddable":true,"href":"https:\/\/armstrongyregion.com.ar\/diario\/wp-json\/wp\/v2\/users\/1"}],"replies":[{"embeddable":true,"href":"https:\/\/armstrongyregion.com.ar\/diario\/wp-json\/wp\/v2\/comments?post=37623"}],"version-history":[{"count":2,"href":"https:\/\/armstrongyregion.com.ar\/diario\/wp-json\/wp\/v2\/posts\/37623\/revisions"}],"predecessor-version":[{"id":37625,"href":"https:\/\/armstrongyregion.com.ar\/diario\/wp-json\/wp\/v2\/posts\/37623\/revisions\/37625"}],"wp:featuredmedia":[{"embeddable":true,"href":"https:\/\/armstrongyregion.com.ar\/diario\/wp-json\/wp\/v2\/media\/14242"}],"wp:attachment":[{"href":"https:\/\/armstrongyregion.com.ar\/diario\/wp-json\/wp\/v2\/media?parent=37623"}],"wp:term":[{"taxonomy":"category","embeddable":true,"href":"https:\/\/armstrongyregion.com.ar\/diario\/wp-json\/wp\/v2\/categories?post=37623"},{"taxonomy":"post_tag","embeddable":true,"href":"https:\/\/armstrongyregion.com.ar\/diario\/wp-json\/wp\/v2\/tags?post=37623"}],"curies":[{"name":"wp","href":"https:\/\/api.w.org\/{rel}","templated":true}]}}