{"id":37615,"date":"2023-02-23T15:03:47","date_gmt":"2023-02-23T15:03:47","guid":{"rendered":"https:\/\/armstrongyregion.com.ar\/diario\/?p=37615"},"modified":"2023-02-23T15:03:50","modified_gmt":"2023-02-23T15:03:50","slug":"canada-de-gomez-clerici-se-reunio-con-directivos-de-escuelas-previo-al-inicio-del-ciclo-lectivo","status":"publish","type":"post","link":"https:\/\/armstrongyregion.com.ar\/diario\/canada-de-gomez-clerici-se-reunio-con-directivos-de-escuelas-previo-al-inicio-del-ciclo-lectivo\/","title":{"rendered":"Ca\u00f1ada de G\u00f3mez. Cl\u00e9rici se reuni\u00f3 con directivos  de escuelas previo al inicio del ciclo lectivo."},"content":{"rendered":"\n<figure class=\"wp-block-image size-full\"><a href=\"http:\/\/armstrongyregion.com.ar\/diario\/wp-content\/uploads\/2023\/02\/clerici-directivos-.jpg\"><img loading=\"lazy\" decoding=\"async\" width=\"400\" height=\"242\" src=\"http:\/\/armstrongyregion.com.ar\/diario\/wp-content\/uploads\/2023\/02\/clerici-directivos-.jpg\" alt=\"\" class=\"wp-image-37616\" srcset=\"https:\/\/armstrongyregion.com.ar\/diario\/wp-content\/uploads\/2023\/02\/clerici-directivos-.jpg 400w, https:\/\/armstrongyregion.com.ar\/diario\/wp-content\/uploads\/2023\/02\/clerici-directivos--300x182.jpg 300w\" sizes=\"auto, (max-width: 400px) 100vw, 400px\" \/><\/a><\/figure>\n\n\n\n<p>Previo al inicio del ciclo lectivo, la intendenta Stella Cl\u00e9rici junto a parte de su equipo de trabajo se reuni\u00f3 con directivos de escuelas, para coordinar la entrega de guardapolvos, zapatillas y kits de \u00fatiles escolares.<br>\u201cEs un aporte m\u00e1s que hacemos al funcionamiento diario de cada escuela de la ciudad, estando siempre acompa\u00f1ando en todas las iniciativas e inquietudes que nos plantean\u201d, expres\u00f3 Cl\u00e9rici.<br>\u201cEl cumplimento que hacemos en los aportes de FAE se ve materializado en las mejoras en cada uno de los edificios y en este caso en que los alumnos puedan iniciar las clases con todo lo necesario\u201d, concluyeron. Por otro lado, en el encuentro se dialog\u00f3 sobre la agenda de actividades a lo largo de este 2023.<\/p>\n","protected":false},"excerpt":{"rendered":"<p>Previo al inicio del ciclo lectivo, la intendenta Stella Cl\u00e9rici junto a parte de su equipo de trabajo se reuni\u00f3 con directivos de escuelas, para coordinar la entrega de guardapolvos, zapatillas y kits de \u00fatiles escolares.\u201cEs un aporte m\u00e1s que hacemos al funcionamiento diario de cada escuela de la ciudad, estando siempre acompa\u00f1ando en todas <a href=\"https:\/\/armstrongyregion.com.ar\/diario\/canada-de-gomez-clerici-se-reunio-con-directivos-de-escuelas-previo-al-inicio-del-ciclo-lectivo\/\" title=\"Read more\" >&#8230;<\/a><\/p>\n","protected":false},"author":1,"featured_media":37616,"comment_status":"open","ping_status":"open","sticky":false,"template":"","format":"image","meta":{"_jetpack_memberships_contains_paid_content":false,"footnotes":"","jetpack_publicize_message":"","jetpack_publicize_feature_enabled":true,"jetpack_social_post_already_shared":true,"jetpack_social_options":{"image_generator_settings":{"template":"highway","default_image_id":0,"enabled":false},"version":2}},"categories":[8,1,2,7,3],"tags":[83,100,19,2366,8964,343,86],"class_list":["post-37615","post","type-post","status-publish","format-image","has-post-thumbnail","hentry","category-deliberando","category-diario-armstrong","category-locales","category-politica","category-region","tag-clerici","tag-con","tag-de","tag-directivos","tag-escuelas-2","tag-reunio","tag-se","post_format-post-format-image"],"jetpack_publicize_connections":[],"jetpack_featured_media_url":"https:\/\/armstrongyregion.com.ar\/diario\/wp-content\/uploads\/2023\/02\/clerici-directivos-.jpg","jetpack_shortlink":"https:\/\/wp.me\/p62QDO-9MH","jetpack_sharing_enabled":true,"amp_enabled":true,"_links":{"self":[{"href":"https:\/\/armstrongyregion.com.ar\/diario\/wp-json\/wp\/v2\/posts\/37615","targetHints":{"allow":["GET"]}}],"collection":[{"href":"https:\/\/armstrongyregion.com.ar\/diario\/wp-json\/wp\/v2\/posts"}],"about":[{"href":"https:\/\/armstrongyregion.com.ar\/diario\/wp-json\/wp\/v2\/types\/post"}],"author":[{"embeddable":true,"href":"https:\/\/armstrongyregion.com.ar\/diario\/wp-json\/wp\/v2\/users\/1"}],"replies":[{"embeddable":true,"href":"https:\/\/armstrongyregion.com.ar\/diario\/wp-json\/wp\/v2\/comments?post=37615"}],"version-history":[{"count":1,"href":"https:\/\/armstrongyregion.com.ar\/diario\/wp-json\/wp\/v2\/posts\/37615\/revisions"}],"predecessor-version":[{"id":37617,"href":"https:\/\/armstrongyregion.com.ar\/diario\/wp-json\/wp\/v2\/posts\/37615\/revisions\/37617"}],"wp:featuredmedia":[{"embeddable":true,"href":"https:\/\/armstrongyregion.com.ar\/diario\/wp-json\/wp\/v2\/media\/37616"}],"wp:attachment":[{"href":"https:\/\/armstrongyregion.com.ar\/diario\/wp-json\/wp\/v2\/media?parent=37615"}],"wp:term":[{"taxonomy":"category","embeddable":true,"href":"https:\/\/armstrongyregion.com.ar\/diario\/wp-json\/wp\/v2\/categories?post=37615"},{"taxonomy":"post_tag","embeddable":true,"href":"https:\/\/armstrongyregion.com.ar\/diario\/wp-json\/wp\/v2\/tags?post=37615"}],"curies":[{"name":"wp","href":"https:\/\/api.w.org\/{rel}","templated":true}]}}