{"id":3755,"date":"2015-08-25T16:39:03","date_gmt":"2015-08-25T16:39:03","guid":{"rendered":"https:\/\/armstrongyregion.com.ar\/diario\/?p=3755"},"modified":"2015-08-25T16:39:03","modified_gmt":"2015-08-25T16:39:03","slug":"orden-del-dia-25-de-agosto","status":"publish","type":"post","link":"https:\/\/armstrongyregion.com.ar\/diario\/orden-del-dia-25-de-agosto\/","title":{"rendered":"Orden del D\u00eda 25 de Agosto."},"content":{"rendered":"<p><a href=\"http:\/\/armstrongyregion.com.ar\/diario\/wp-content\/uploads\/2015\/08\/concejo-deliberante-de-Armstrong.13.jpg\"><img loading=\"lazy\" decoding=\"async\" class=\"alignnone size-medium wp-image-3756\" src=\"http:\/\/armstrongyregion.com.ar\/diario\/wp-content\/uploads\/2015\/08\/concejo-deliberante-de-Armstrong.13-300x225.jpg\" alt=\"concejo-deliberante-de-Armstrong.1\" width=\"300\" height=\"225\" srcset=\"https:\/\/armstrongyregion.com.ar\/diario\/wp-content\/uploads\/2015\/08\/concejo-deliberante-de-Armstrong.13-300x225.jpg 300w, https:\/\/armstrongyregion.com.ar\/diario\/wp-content\/uploads\/2015\/08\/concejo-deliberante-de-Armstrong.13.jpg 668w\" sizes=\"auto, (max-width: 300px) 100vw, 300px\" \/><\/a>1-\u00a0 ACTA SESI\u00d3N N\u00ba 869.<u>\u00a0 <\/u><\/p>\n<p>2-\u00a0 <u>MENSAJES DEL D.E.:<\/u><\/p>\n<p>3-\u00a0 <u>CORRESPONDENCIAS:<\/u><\/p>\n<p>A- ESCUELA N\u00ba 262: INVITACI\u00d3N AL ACTO DE INAUGURACI\u00d3N DEL PLAY\u00d3N DEL FUTURO SUM DE LA INSTITUCI\u00d3N.<\/p>\n<p>4-\u00a0 <u>DICTAMENES DE COMISIONES:<\/u><\/p>\n<p>A- COMISI\u00d3N DE HACIENDA\u00a0 Y CUENTAS:<\/p>\n<p>1- PROYECTO DE ORDENANZA,\u00a0 SOBRE FONDO ROTATORIO PARA EL OTORGAMIENTO DE CR\u00c9DITOS PARA EMPRENDIMIENTOS Y\/O DESARROLLOS PRODUCTIVOS.<\/p>\n<p>5-\u00a0 <u>PROYECTOS DE CONCEJALES:<\/u><\/p>\n<p>A- <u>BLOQUE DE FRENTE PROGRESISTA, C\u00cdVICO Y SOCIAL:<\/u> NO HAY PROYECTOS PRESENTADOS.<\/p>\n<p>B- <u>BLOQUE DE RENOVACI\u00d3N POR ARMSTRONG:<\/u><\/p>\n<p><u>\u00a0<\/u>\u00a01- MC: REPARACI\u00d3N DE CONTINUACI\u00d3N DE CALLE FLORESTA, HACIA EL LADO SUR DE CALLE SCHAER.<\/p>\n<p>C- <u>BLOQUE DE UNIDAD JUSTICIALISTA:<\/u><\/p>\n<p>2- ORD.: CREACI\u00d3N DEL BUZ\u00d3N ECOL\u00d3GICO.<\/p>\n<p>D- <u>BLOQUE DE LA GRAN\u00a0 ARGENTINA \u2013 PARTIDO JUSTICIALISTA:<\/u><\/p>\n<p>3- \u00a0MC: LIMPIEZA DE CUNETAS EN CALLE SARMIENTO.<\/p>\n<p>4- ORD: INCLUSI\u00d3N DE UNA PARTIDA PARA EL COMEDOR DE LA ESCUELA N\u00ba600, DENTRO DEL PRESUPUESTO MUNICIPAL 2.016.<\/p>\n<p>&nbsp;<\/p>\n<p>E- <u>CONCEJO:<\/u><\/p>\n<p>&nbsp;<\/p>\n<p>5- MD.: D\u00cdA DE LA SOLIDARIDAD.<\/p>\n<p>6- MD.: D\u00cdA NACIONAL DEL \u00c1RBOL.<\/p>\n<p>&nbsp;<\/p>\n<p>&nbsp;<\/p>\n<p>INICIO A LAS 20:00 HORAS.-<\/p>\n<p>&nbsp;<\/p>\n","protected":false},"excerpt":{"rendered":"<p>1-\u00a0 ACTA SESI\u00d3N N\u00ba 869.\u00a0 2-\u00a0 MENSAJES DEL D.E.: 3-\u00a0 CORRESPONDENCIAS: A- ESCUELA N\u00ba 262: INVITACI\u00d3N AL ACTO DE INAUGURACI\u00d3N DEL PLAY\u00d3N DEL FUTURO SUM DE LA INSTITUCI\u00d3N. 4-\u00a0 DICTAMENES DE COMISIONES: A- COMISI\u00d3N DE HACIENDA\u00a0 Y CUENTAS: 1- PROYECTO DE ORDENANZA,\u00a0 SOBRE FONDO ROTATORIO PARA EL OTORGAMIENTO DE CR\u00c9DITOS PARA EMPRENDIMIENTOS Y\/O DESARROLLOS PRODUCTIVOS. <a href=\"https:\/\/armstrongyregion.com.ar\/diario\/orden-del-dia-25-de-agosto\/\" title=\"Read more\" >&#8230;<\/a><\/p>\n","protected":false},"author":2,"featured_media":3756,"comment_status":"open","ping_status":"open","sticky":false,"template":"","format":"standard","meta":{"_jetpack_memberships_contains_paid_content":false,"footnotes":"","jetpack_publicize_message":"","jetpack_publicize_feature_enabled":true,"jetpack_social_post_already_shared":false,"jetpack_social_options":{"image_generator_settings":{"template":"highway","default_image_id":0,"enabled":false},"version":2}},"categories":[1,2,7],"tags":[],"class_list":["post-3755","post","type-post","status-publish","format-standard","has-post-thumbnail","hentry","category-diario-armstrong","category-locales","category-politica"],"jetpack_publicize_connections":[],"jetpack_featured_media_url":"https:\/\/armstrongyregion.com.ar\/diario\/wp-content\/uploads\/2015\/08\/concejo-deliberante-de-Armstrong.13.jpg","jetpack_shortlink":"https:\/\/wp.me\/p62QDO-Yz","jetpack_sharing_enabled":true,"amp_enabled":true,"_links":{"self":[{"href":"https:\/\/armstrongyregion.com.ar\/diario\/wp-json\/wp\/v2\/posts\/3755","targetHints":{"allow":["GET"]}}],"collection":[{"href":"https:\/\/armstrongyregion.com.ar\/diario\/wp-json\/wp\/v2\/posts"}],"about":[{"href":"https:\/\/armstrongyregion.com.ar\/diario\/wp-json\/wp\/v2\/types\/post"}],"author":[{"embeddable":true,"href":"https:\/\/armstrongyregion.com.ar\/diario\/wp-json\/wp\/v2\/users\/2"}],"replies":[{"embeddable":true,"href":"https:\/\/armstrongyregion.com.ar\/diario\/wp-json\/wp\/v2\/comments?post=3755"}],"version-history":[{"count":0,"href":"https:\/\/armstrongyregion.com.ar\/diario\/wp-json\/wp\/v2\/posts\/3755\/revisions"}],"wp:featuredmedia":[{"embeddable":true,"href":"https:\/\/armstrongyregion.com.ar\/diario\/wp-json\/wp\/v2\/media\/3756"}],"wp:attachment":[{"href":"https:\/\/armstrongyregion.com.ar\/diario\/wp-json\/wp\/v2\/media?parent=3755"}],"wp:term":[{"taxonomy":"category","embeddable":true,"href":"https:\/\/armstrongyregion.com.ar\/diario\/wp-json\/wp\/v2\/categories?post=3755"},{"taxonomy":"post_tag","embeddable":true,"href":"https:\/\/armstrongyregion.com.ar\/diario\/wp-json\/wp\/v2\/tags?post=3755"}],"curies":[{"name":"wp","href":"https:\/\/api.w.org\/{rel}","templated":true}]}}