{"id":37548,"date":"2023-02-18T03:20:24","date_gmt":"2023-02-18T03:20:24","guid":{"rendered":"https:\/\/armstrongyregion.com.ar\/diario\/?p=37548"},"modified":"2023-02-18T03:20:26","modified_gmt":"2023-02-18T03:20:26","slug":"paritarias-convocatoria-a-los-gremios-que-representan-a-los-docentes-agentes-provinciales-y-profesionales-de-la-salud","status":"publish","type":"post","link":"https:\/\/armstrongyregion.com.ar\/diario\/paritarias-convocatoria-a-los-gremios-que-representan-a-los-docentes-agentes-provinciales-y-profesionales-de-la-salud\/","title":{"rendered":"Paritarias: convocatoria a los gremios que representan a los docentes, agentes provinciales y profesionales de la salud."},"content":{"rendered":"\n<figure class=\"wp-block-image size-full\"><a href=\"http:\/\/armstrongyregion.com.ar\/diario\/wp-content\/uploads\/2023\/02\/pusineri.jpg\"><img loading=\"lazy\" decoding=\"async\" width=\"558\" height=\"372\" src=\"http:\/\/armstrongyregion.com.ar\/diario\/wp-content\/uploads\/2023\/02\/pusineri.jpg\" alt=\"\" class=\"wp-image-37549\" srcset=\"https:\/\/armstrongyregion.com.ar\/diario\/wp-content\/uploads\/2023\/02\/pusineri.jpg 558w, https:\/\/armstrongyregion.com.ar\/diario\/wp-content\/uploads\/2023\/02\/pusineri-300x200.jpg 300w\" sizes=\"auto, (max-width: 558px) 100vw, 558px\" \/><\/a><\/figure>\n\n\n\n<h2 class=\"wp-block-heading\">Se llevar\u00e1 a cabo el 22, 23 y 24 de febrero. El ministro Pusineri ratific\u00f3 \u00abla tarea del gobierno provincial para incentivar y revindicar el espacio del di\u00e1logo colectivo como la mejor manera de dar tratamiento a los derechos de los trabajadores\u201d.<\/h2>\n\n\n\n<p>El ministro de Trabajo, Juan Manuel Pusineri, anunci\u00f3 que la pr\u00f3xima semana se llevar\u00e1n a cabo las reuniones paritarias con los gremios que representan a los docentes, agentes provinciales y profesionales de la salud.<\/p>\n\n\n\n<p>La provincia convoc\u00f3 el 22 de febrero, a las 12, al sector docente; el jueves 23, a las 11, a los gremios del \u00e1mbito de la administraci\u00f3n central, UPCN y ATE; y el viernes 24, a las 9, a los profesionales de la salud.<\/p>\n\n\n\n<p>Pusineri ratific\u00f3 \u00abla puesta del gobierno provincial a incentivar y reivindicar el espacio del di\u00e1logo colectivo como la mejor manera de dar tratamiento a los derechos de los trabajadores en lo que tiene que ver a la cuesti\u00f3n salarial y a las condiciones de trabajo\u00bb.<\/p>\n\n\n\n<p>Adem\u00e1s, el ministro expres\u00f3 que estos encuentros \u00abson propicios para evaluar, proponer y trabajar sobre lo que hace a la administraci\u00f3n del Estado\u00bb.<\/p>\n","protected":false},"excerpt":{"rendered":"<p>Se llevar\u00e1 a cabo el 22, 23 y 24 de febrero. El ministro Pusineri ratific\u00f3 \u00abla tarea del gobierno provincial para incentivar y revindicar el espacio del di\u00e1logo colectivo como la mejor manera de dar tratamiento a los derechos de los trabajadores\u201d. El ministro de Trabajo, Juan Manuel Pusineri, anunci\u00f3 que la pr\u00f3xima semana se <a href=\"https:\/\/armstrongyregion.com.ar\/diario\/paritarias-convocatoria-a-los-gremios-que-representan-a-los-docentes-agentes-provinciales-y-profesionales-de-la-salud\/\" title=\"Read more\" >&#8230;<\/a><\/p>\n","protected":false},"author":1,"featured_media":37549,"comment_status":"open","ping_status":"open","sticky":false,"template":"","format":"image","meta":{"_jetpack_memberships_contains_paid_content":false,"footnotes":"","jetpack_publicize_message":"","jetpack_publicize_feature_enabled":true,"jetpack_social_post_already_shared":true,"jetpack_social_options":{"image_generator_settings":{"template":"highway","default_image_id":0,"enabled":false},"version":2}},"categories":[6,8,1,2,7,3],"tags":[9017,2635,9016,3407,3852,1190],"class_list":["post-37548","post","type-post","status-publish","format-image","has-post-thumbnail","hentry","category-cultura-entretenimiento","category-deliberando","category-diario-armstrong","category-locales","category-politica","category-region","tag-agentes-provinciales","tag-docentes","tag-gremios","tag-paritarias","tag-profesionales","tag-salud","post_format-post-format-image"],"jetpack_publicize_connections":[],"jetpack_featured_media_url":"https:\/\/armstrongyregion.com.ar\/diario\/wp-content\/uploads\/2023\/02\/pusineri.jpg","jetpack_shortlink":"https:\/\/wp.me\/p62QDO-9LC","jetpack_sharing_enabled":true,"amp_enabled":true,"_links":{"self":[{"href":"https:\/\/armstrongyregion.com.ar\/diario\/wp-json\/wp\/v2\/posts\/37548","targetHints":{"allow":["GET"]}}],"collection":[{"href":"https:\/\/armstrongyregion.com.ar\/diario\/wp-json\/wp\/v2\/posts"}],"about":[{"href":"https:\/\/armstrongyregion.com.ar\/diario\/wp-json\/wp\/v2\/types\/post"}],"author":[{"embeddable":true,"href":"https:\/\/armstrongyregion.com.ar\/diario\/wp-json\/wp\/v2\/users\/1"}],"replies":[{"embeddable":true,"href":"https:\/\/armstrongyregion.com.ar\/diario\/wp-json\/wp\/v2\/comments?post=37548"}],"version-history":[{"count":2,"href":"https:\/\/armstrongyregion.com.ar\/diario\/wp-json\/wp\/v2\/posts\/37548\/revisions"}],"predecessor-version":[{"id":37551,"href":"https:\/\/armstrongyregion.com.ar\/diario\/wp-json\/wp\/v2\/posts\/37548\/revisions\/37551"}],"wp:featuredmedia":[{"embeddable":true,"href":"https:\/\/armstrongyregion.com.ar\/diario\/wp-json\/wp\/v2\/media\/37549"}],"wp:attachment":[{"href":"https:\/\/armstrongyregion.com.ar\/diario\/wp-json\/wp\/v2\/media?parent=37548"}],"wp:term":[{"taxonomy":"category","embeddable":true,"href":"https:\/\/armstrongyregion.com.ar\/diario\/wp-json\/wp\/v2\/categories?post=37548"},{"taxonomy":"post_tag","embeddable":true,"href":"https:\/\/armstrongyregion.com.ar\/diario\/wp-json\/wp\/v2\/tags?post=37548"}],"curies":[{"name":"wp","href":"https:\/\/api.w.org\/{rel}","templated":true}]}}