{"id":37536,"date":"2023-02-16T21:58:45","date_gmt":"2023-02-16T21:58:45","guid":{"rendered":"https:\/\/armstrongyregion.com.ar\/diario\/?p=37536"},"modified":"2023-02-16T21:58:49","modified_gmt":"2023-02-16T21:58:49","slug":"el-gobierno-provincial-efectivizo-la-convocatoria-a-elecciones-en-todo-el-territorio-santafesino","status":"publish","type":"post","link":"https:\/\/armstrongyregion.com.ar\/diario\/el-gobierno-provincial-efectivizo-la-convocatoria-a-elecciones-en-todo-el-territorio-santafesino\/","title":{"rendered":"El gobierno provincial efectiviz\u00f3 la convocatoria a elecciones en todo el territorio santafesino."},"content":{"rendered":"\n<figure class=\"wp-block-image size-full\"><a href=\"http:\/\/armstrongyregion.com.ar\/diario\/wp-content\/uploads\/2021\/07\/elecciones-armstrong.jpg\"><img loading=\"lazy\" decoding=\"async\" width=\"300\" height=\"168\" src=\"http:\/\/armstrongyregion.com.ar\/diario\/wp-content\/uploads\/2021\/07\/elecciones-armstrong.jpg\" alt=\"\" class=\"wp-image-31013\"\/><\/a><\/figure>\n\n\n\n<h2 class=\"wp-block-heading\">A trav\u00e9s del decreto N\u00ba 236, se estableci\u00f3 el 16 de julio para la realizaci\u00f3n de las Primarias, Abiertas, Simultaneas y Obligatorios, y el 10 de septiembre para las elecciones generales.<\/h2>\n\n\n\n<p>El gobernador Omar Perotti firm\u00f3 el decreto N\u00ba 236, mediante el cu\u00e1l se estableci\u00f3 las fechas para la elecci\u00f3n de autoridades provinciales, municipales y comunales en todo el territorio santafesino.<\/p>\n\n\n\n<p>Seg\u00fan la norma, el 16 de julio se realizar\u00e1n los comicios Primarios, Abiertos, Simult\u00e1neos y Obligatorios, para la elecci\u00f3n de candidatos; en tanto que las elecciones Generales se llevar\u00e1n a cabo el 10 de septiembre.<\/p>\n\n\n\n<p><a href=\"https:\/\/www.santafe.gov.ar\/noticias\/recursos\/documentos\/2023\/02\/2023-02-16NID_277329O_1.pdf\" target=\"_blank\" rel=\"noreferrer noopener\">Decreto 236<\/a><\/p>\n","protected":false},"excerpt":{"rendered":"<p>A trav\u00e9s del decreto N\u00ba 236, se estableci\u00f3 el 16 de julio para la realizaci\u00f3n de las Primarias, Abiertas, Simultaneas y Obligatorios, y el 10 de septiembre para las elecciones generales. El gobernador Omar Perotti firm\u00f3 el decreto N\u00ba 236, mediante el cu\u00e1l se estableci\u00f3 las fechas para la elecci\u00f3n de autoridades provinciales, municipales y <a href=\"https:\/\/armstrongyregion.com.ar\/diario\/el-gobierno-provincial-efectivizo-la-convocatoria-a-elecciones-en-todo-el-territorio-santafesino\/\" title=\"Read more\" >&#8230;<\/a><\/p>\n","protected":false},"author":1,"featured_media":31013,"comment_status":"open","ping_status":"open","sticky":false,"template":"","format":"image","meta":{"_jetpack_memberships_contains_paid_content":false,"footnotes":"","jetpack_publicize_message":"","jetpack_publicize_feature_enabled":true,"jetpack_social_post_already_shared":true,"jetpack_social_options":{"image_generator_settings":{"template":"highway","default_image_id":0,"enabled":false},"version":2}},"categories":[8,1,2,7,3],"tags":[33,451,16,8495,15,1282,9012,866],"class_list":["post-37536","post","type-post","status-publish","format-image","has-post-thumbnail","hentry","category-deliberando","category-diario-armstrong","category-locales","category-politica","category-region","tag-a","tag-convocatoria","tag-el","tag-elecciones-2","tag-en","tag-santafesino","tag-territorio","tag-todo","post_format-post-format-image"],"jetpack_publicize_connections":[],"jetpack_featured_media_url":"https:\/\/armstrongyregion.com.ar\/diario\/wp-content\/uploads\/2021\/07\/elecciones-armstrong.jpg","jetpack_shortlink":"https:\/\/wp.me\/p62QDO-9Lq","jetpack_sharing_enabled":true,"amp_enabled":true,"_links":{"self":[{"href":"https:\/\/armstrongyregion.com.ar\/diario\/wp-json\/wp\/v2\/posts\/37536","targetHints":{"allow":["GET"]}}],"collection":[{"href":"https:\/\/armstrongyregion.com.ar\/diario\/wp-json\/wp\/v2\/posts"}],"about":[{"href":"https:\/\/armstrongyregion.com.ar\/diario\/wp-json\/wp\/v2\/types\/post"}],"author":[{"embeddable":true,"href":"https:\/\/armstrongyregion.com.ar\/diario\/wp-json\/wp\/v2\/users\/1"}],"replies":[{"embeddable":true,"href":"https:\/\/armstrongyregion.com.ar\/diario\/wp-json\/wp\/v2\/comments?post=37536"}],"version-history":[{"count":2,"href":"https:\/\/armstrongyregion.com.ar\/diario\/wp-json\/wp\/v2\/posts\/37536\/revisions"}],"predecessor-version":[{"id":37538,"href":"https:\/\/armstrongyregion.com.ar\/diario\/wp-json\/wp\/v2\/posts\/37536\/revisions\/37538"}],"wp:featuredmedia":[{"embeddable":true,"href":"https:\/\/armstrongyregion.com.ar\/diario\/wp-json\/wp\/v2\/media\/31013"}],"wp:attachment":[{"href":"https:\/\/armstrongyregion.com.ar\/diario\/wp-json\/wp\/v2\/media?parent=37536"}],"wp:term":[{"taxonomy":"category","embeddable":true,"href":"https:\/\/armstrongyregion.com.ar\/diario\/wp-json\/wp\/v2\/categories?post=37536"},{"taxonomy":"post_tag","embeddable":true,"href":"https:\/\/armstrongyregion.com.ar\/diario\/wp-json\/wp\/v2\/tags?post=37536"}],"curies":[{"name":"wp","href":"https:\/\/api.w.org\/{rel}","templated":true}]}}