{"id":37532,"date":"2023-02-16T21:54:04","date_gmt":"2023-02-16T21:54:04","guid":{"rendered":"https:\/\/armstrongyregion.com.ar\/diario\/?p=37532"},"modified":"2023-02-16T21:54:08","modified_gmt":"2023-02-16T21:54:08","slug":"pullaro-hay-que-volver-a-la-evaluacion-en-las-escuelas","status":"publish","type":"post","link":"https:\/\/armstrongyregion.com.ar\/diario\/pullaro-hay-que-volver-a-la-evaluacion-en-las-escuelas\/","title":{"rendered":"Pullaro: \u00abHay que volver a la evaluaci\u00f3n en las escuelas\u00bb."},"content":{"rendered":"\n<figure class=\"wp-block-image size-full\"><a href=\"http:\/\/armstrongyregion.com.ar\/diario\/wp-content\/uploads\/2023\/02\/Pullaro-eval-esc.16-2-23-.jpg\"><img loading=\"lazy\" decoding=\"async\" width=\"320\" height=\"240\" src=\"http:\/\/armstrongyregion.com.ar\/diario\/wp-content\/uploads\/2023\/02\/Pullaro-eval-esc.16-2-23-.jpg\" alt=\"\" class=\"wp-image-37533\" srcset=\"https:\/\/armstrongyregion.com.ar\/diario\/wp-content\/uploads\/2023\/02\/Pullaro-eval-esc.16-2-23-.jpg 320w, https:\/\/armstrongyregion.com.ar\/diario\/wp-content\/uploads\/2023\/02\/Pullaro-eval-esc.16-2-23--300x225.jpg 300w\" sizes=\"auto, (max-width: 320px) 100vw, 320px\" \/><\/a><\/figure>\n\n\n\n<h2 class=\"wp-block-heading\">El precandidato a gobernador de Juntos por el Cambio se expres\u00f3 respecto a los problemas del sistema educativo que afectan a padres, madres, alumnos y docentes.<\/h2>\n\n\n\n<p>A solo un par de semanas del comienzo de clases y con la incertidumbre que envuelve a toda la comunidad educativa, el legislador fue cr\u00edtico con el gobierno provincial y se\u00f1al\u00f3 algunos rasgos de lo que ser\u00eda su gesti\u00f3n en el caso de acceder a la gobernaci\u00f3n. \u201cEstamos trabajando con un equipo de docentes, padres, madres y profesionales de la Educaci\u00f3n para delinear un plan que logre mejorar la calidad educativa que se ha perdido en la provincia\u201d, expres\u00f3 Pullaro.<\/p>\n\n\n\n<p>Entre esos puntos figuran recuperar la evaluaci\u00f3n como herramienta para premiar a quienes se esfuerzan, asegurar 180 d\u00edas de clase, mejoras edilicias, cobertura deT cargos y capacitaci\u00f3n docente continua. \u201cNinguna sociedad sale de los problemas sin Educaci\u00f3n. Hoy con el inexplicable agrupamiento de materias para su evaluaci\u00f3n, la eliminaci\u00f3n de los ex\u00e1menes y el modelo de no repitencia que manejan desde el Ministerio, la incertidumbre es total\u201d, se\u00f1al\u00f3 el legislador.&nbsp;<\/p>\n\n\n\n<p>Desde su bancada, Pullaro viene reclamando un cambio en la pol\u00edtica educativa que incluya una revisi\u00f3n del sistema para adecuarlo a los tiempos que corren. \u201cEl deterioro es tan grande que egresan del secundario sin saber c\u00f3mo interpretar los textos\u201d, puntualiz\u00f3 y agreg\u00f3:&nbsp; \u201cLos chicos no saben c\u00f3mo los van a evaluar, los padres no saben si sus hijos aprobaron y los docentes est\u00e1n abandonados a su suerte con circulares incoherentes que contradicen otras normativas. Parece que la \u00fanica discusi\u00f3n es salarial cuando deber\u00eda ser parte de un debate mayor\u201d.<\/p>\n\n\n\n<p>\u201cHay que jerarquizar la docencia ofreciendo espacios de capacitaci\u00f3n; hay que adecuar los lugares y las condiciones de trabajo; hay que defender al docente que quiere trabajar garantizando 180 d\u00edas de clases al a\u00f1o; hay que recuperar la figura del docente y conciliarla con los padres, recuperar un sistema donde quienes se esfuercen sean premiados, dejando de nivelar siempre hacia abajo. El peronismo degrad\u00f3 todas las instituciones y hoy los chicos cada vez aprenden menos en esta l\u00f3gica de que todos pasan porque nadie puede repetir\u201d, finaliz\u00f3.<\/p>\n","protected":false},"excerpt":{"rendered":"<p>El precandidato a gobernador de Juntos por el Cambio se expres\u00f3 respecto a los problemas del sistema educativo que afectan a padres, madres, alumnos y docentes. A solo un par de semanas del comienzo de clases y con la incertidumbre que envuelve a toda la comunidad educativa, el legislador fue cr\u00edtico con el gobierno provincial <a href=\"https:\/\/armstrongyregion.com.ar\/diario\/pullaro-hay-que-volver-a-la-evaluacion-en-las-escuelas\/\" title=\"Read more\" >&#8230;<\/a><\/p>\n","protected":false},"author":1,"featured_media":37533,"comment_status":"open","ping_status":"open","sticky":false,"template":"","format":"image","meta":{"_jetpack_memberships_contains_paid_content":false,"footnotes":"","jetpack_publicize_message":"","jetpack_publicize_feature_enabled":true,"jetpack_social_post_already_shared":true,"jetpack_social_options":{"image_generator_settings":{"template":"highway","default_image_id":0,"enabled":false},"version":2}},"categories":[6,8,1,2,7,3],"tags":[33,8964,9011,562,31,2846,108,3027],"class_list":["post-37532","post","type-post","status-publish","format-image","has-post-thumbnail","hentry","category-cultura-entretenimiento","category-deliberando","category-diario-armstrong","category-locales","category-politica","category-region","tag-a","tag-escuelas-2","tag-evaluacion","tag-hay","tag-la","tag-pullaro","tag-que","tag-volver","post_format-post-format-image"],"jetpack_publicize_connections":[],"jetpack_featured_media_url":"https:\/\/armstrongyregion.com.ar\/diario\/wp-content\/uploads\/2023\/02\/Pullaro-eval-esc.16-2-23-.jpg","jetpack_shortlink":"https:\/\/wp.me\/p62QDO-9Lm","jetpack_sharing_enabled":true,"amp_enabled":true,"_links":{"self":[{"href":"https:\/\/armstrongyregion.com.ar\/diario\/wp-json\/wp\/v2\/posts\/37532","targetHints":{"allow":["GET"]}}],"collection":[{"href":"https:\/\/armstrongyregion.com.ar\/diario\/wp-json\/wp\/v2\/posts"}],"about":[{"href":"https:\/\/armstrongyregion.com.ar\/diario\/wp-json\/wp\/v2\/types\/post"}],"author":[{"embeddable":true,"href":"https:\/\/armstrongyregion.com.ar\/diario\/wp-json\/wp\/v2\/users\/1"}],"replies":[{"embeddable":true,"href":"https:\/\/armstrongyregion.com.ar\/diario\/wp-json\/wp\/v2\/comments?post=37532"}],"version-history":[{"count":2,"href":"https:\/\/armstrongyregion.com.ar\/diario\/wp-json\/wp\/v2\/posts\/37532\/revisions"}],"predecessor-version":[{"id":37535,"href":"https:\/\/armstrongyregion.com.ar\/diario\/wp-json\/wp\/v2\/posts\/37532\/revisions\/37535"}],"wp:featuredmedia":[{"embeddable":true,"href":"https:\/\/armstrongyregion.com.ar\/diario\/wp-json\/wp\/v2\/media\/37533"}],"wp:attachment":[{"href":"https:\/\/armstrongyregion.com.ar\/diario\/wp-json\/wp\/v2\/media?parent=37532"}],"wp:term":[{"taxonomy":"category","embeddable":true,"href":"https:\/\/armstrongyregion.com.ar\/diario\/wp-json\/wp\/v2\/categories?post=37532"},{"taxonomy":"post_tag","embeddable":true,"href":"https:\/\/armstrongyregion.com.ar\/diario\/wp-json\/wp\/v2\/tags?post=37532"}],"curies":[{"name":"wp","href":"https:\/\/api.w.org\/{rel}","templated":true}]}}