{"id":3752,"date":"2015-08-25T12:23:46","date_gmt":"2015-08-25T12:23:46","guid":{"rendered":"https:\/\/armstrongyregion.com.ar\/diario\/?p=3752"},"modified":"2015-08-25T12:23:46","modified_gmt":"2015-08-25T12:23:46","slug":"canada-recibio-nuevamente-el-festival-lationoamericano-de-titeres","status":"publish","type":"post","link":"https:\/\/armstrongyregion.com.ar\/diario\/canada-recibio-nuevamente-el-festival-lationoamericano-de-titeres\/","title":{"rendered":"Ca\u00f1ada recibi\u00f3 nuevamente el Festival Lationoamericano de T\u00edteres."},"content":{"rendered":"<p><a href=\"http:\/\/armstrongyregion.com.ar\/diario\/wp-content\/uploads\/2015\/08\/11921653_465143643647655_225088930845572226_n.jpg\"><img loading=\"lazy\" decoding=\"async\" class=\"alignnone size-medium wp-image-3753\" src=\"http:\/\/armstrongyregion.com.ar\/diario\/wp-content\/uploads\/2015\/08\/11921653_465143643647655_225088930845572226_n-300x200.jpg\" alt=\"Cl\u00e9rici-Armstrong-y-Region-\" width=\"300\" height=\"200\" srcset=\"https:\/\/armstrongyregion.com.ar\/diario\/wp-content\/uploads\/2015\/08\/11921653_465143643647655_225088930845572226_n-300x200.jpg 300w, https:\/\/armstrongyregion.com.ar\/diario\/wp-content\/uploads\/2015\/08\/11921653_465143643647655_225088930845572226_n.jpg 960w\" sizes=\"auto, (max-width: 300px) 100vw, 300px\" \/><\/a>Por iniciativa de la gesti\u00f3n municipal se present\u00f3 en Plaza de Colectividades la obra \u201cLa calle de los fantasmas\u201d, con dos funciones<br \/>\npara los jardines de infantes.<\/p>\n<p>Por iniciativa de la gesti\u00f3n municipal de la intendenta Stella Cl\u00e9rici llega a la ciudad nuevamente el Festival Latinoamericano de t\u00edteres, en<br \/>\nesta oportunidad con la obra \u201cLa calle de los fantasmas\u201d del grupo espa\u00f1ol Serena Teatral.<br \/>\nEn Plaza de Colectividades los alumnos de los jardines de infantes participan de dos funciones. En tanto, el pr\u00f3ximo 1 de septiembre se<br \/>\npresentar\u00e1 la obra teatral del grupo \u00abLa espada de madera\u201d de Ecuador.<br \/>\nLa intendenta destac\u00f3 la participaci\u00f3n de los jardines en una nueva iniciativa en la Plaza de Colectividades ornamentada en el marco del mes<br \/>\ndel ni\u00f1o. \u00abUna vez m\u00e1s acercamos a los ni\u00f1os las propuestas del Festival de T\u00edteres para que puedan disfrutar de este espacio especialmente<br \/>\nambientado por el mes del ni\u00f1o\u00bb.<\/p>\n","protected":false},"excerpt":{"rendered":"<p>Por iniciativa de la gesti\u00f3n municipal se present\u00f3 en Plaza de Colectividades la obra \u201cLa calle de los fantasmas\u201d, con dos funciones para los jardines de infantes. Por iniciativa de la gesti\u00f3n municipal de la intendenta Stella Cl\u00e9rici llega a la ciudad nuevamente el Festival Latinoamericano de t\u00edteres, en esta oportunidad con la obra \u201cLa <a href=\"https:\/\/armstrongyregion.com.ar\/diario\/canada-recibio-nuevamente-el-festival-lationoamericano-de-titeres\/\" title=\"Read more\" >&#8230;<\/a><\/p>\n","protected":false},"author":2,"featured_media":3753,"comment_status":"open","ping_status":"open","sticky":false,"template":"","format":"standard","meta":{"_jetpack_memberships_contains_paid_content":false,"footnotes":"","jetpack_publicize_message":"","jetpack_publicize_feature_enabled":true,"jetpack_social_post_already_shared":false,"jetpack_social_options":{"image_generator_settings":{"template":"highway","default_image_id":0,"enabled":false},"version":2}},"categories":[6,1,3],"tags":[163,19,16,318,2596,167,496,2597],"class_list":["post-3752","post","type-post","status-publish","format-standard","has-post-thumbnail","hentry","category-cultura-entretenimiento","category-diario-armstrong","category-region","tag-canada","tag-de","tag-el","tag-festival","tag-lationoamericano","tag-nuevamente","tag-recibio","tag-titeres"],"jetpack_publicize_connections":[],"jetpack_featured_media_url":"https:\/\/armstrongyregion.com.ar\/diario\/wp-content\/uploads\/2015\/08\/11921653_465143643647655_225088930845572226_n.jpg","jetpack_shortlink":"https:\/\/wp.me\/p62QDO-Yw","jetpack_sharing_enabled":true,"amp_enabled":true,"_links":{"self":[{"href":"https:\/\/armstrongyregion.com.ar\/diario\/wp-json\/wp\/v2\/posts\/3752","targetHints":{"allow":["GET"]}}],"collection":[{"href":"https:\/\/armstrongyregion.com.ar\/diario\/wp-json\/wp\/v2\/posts"}],"about":[{"href":"https:\/\/armstrongyregion.com.ar\/diario\/wp-json\/wp\/v2\/types\/post"}],"author":[{"embeddable":true,"href":"https:\/\/armstrongyregion.com.ar\/diario\/wp-json\/wp\/v2\/users\/2"}],"replies":[{"embeddable":true,"href":"https:\/\/armstrongyregion.com.ar\/diario\/wp-json\/wp\/v2\/comments?post=3752"}],"version-history":[{"count":0,"href":"https:\/\/armstrongyregion.com.ar\/diario\/wp-json\/wp\/v2\/posts\/3752\/revisions"}],"wp:featuredmedia":[{"embeddable":true,"href":"https:\/\/armstrongyregion.com.ar\/diario\/wp-json\/wp\/v2\/media\/3753"}],"wp:attachment":[{"href":"https:\/\/armstrongyregion.com.ar\/diario\/wp-json\/wp\/v2\/media?parent=3752"}],"wp:term":[{"taxonomy":"category","embeddable":true,"href":"https:\/\/armstrongyregion.com.ar\/diario\/wp-json\/wp\/v2\/categories?post=3752"},{"taxonomy":"post_tag","embeddable":true,"href":"https:\/\/armstrongyregion.com.ar\/diario\/wp-json\/wp\/v2\/tags?post=3752"}],"curies":[{"name":"wp","href":"https:\/\/api.w.org\/{rel}","templated":true}]}}