{"id":37518,"date":"2023-02-15T20:09:41","date_gmt":"2023-02-15T20:09:41","guid":{"rendered":"https:\/\/armstrongyregion.com.ar\/diario\/?p=37518"},"modified":"2023-02-15T20:09:44","modified_gmt":"2023-02-15T20:09:44","slug":"la-provincia-lanzo-una-nueva-edicion-del-programa-santa-fe-capacita","status":"publish","type":"post","link":"https:\/\/armstrongyregion.com.ar\/diario\/la-provincia-lanzo-una-nueva-edicion-del-programa-santa-fe-capacita\/","title":{"rendered":"La provincia lanz\u00f3 una nueva edici\u00f3n del programa Santa Fe Capacita."},"content":{"rendered":"\n<figure class=\"wp-block-image size-full\"><a href=\"http:\/\/armstrongyregion.com.ar\/diario\/wp-content\/uploads\/2023\/02\/pcia-capacita-.jpg\"><img loading=\"lazy\" decoding=\"async\" width=\"558\" height=\"372\" src=\"http:\/\/armstrongyregion.com.ar\/diario\/wp-content\/uploads\/2023\/02\/pcia-capacita-.jpg\" alt=\"\" class=\"wp-image-37519\" srcset=\"https:\/\/armstrongyregion.com.ar\/diario\/wp-content\/uploads\/2023\/02\/pcia-capacita-.jpg 558w, https:\/\/armstrongyregion.com.ar\/diario\/wp-content\/uploads\/2023\/02\/pcia-capacita--300x200.jpg 300w\" sizes=\"auto, (max-width: 558px) 100vw, 558px\" \/><\/a><\/figure>\n\n\n\n<h2 class=\"wp-block-heading\">Se trata de propuestas de formaci\u00f3n especialmente formuladas para acompa\u00f1ar la gesti\u00f3n de cooperativas y mutuales santafesinas.<\/h2>\n\n\n\n<p>Los ministerios de Producci\u00f3n, Ciencia y Tecnolog\u00eda, y de Trabajo, Seguridad Social y Empelo presentaron una nueva edici\u00f3n del programa Santa Fe Capacita, que en esta oportunidad est\u00e1 orientado espec\u00edficamente a miembros de cooperativas y mutuales.<\/p>\n\n\n\n<p>El objetivo de la iniciativa, que es desarrollada desde hace 3 a\u00f1os por las carteras de Producci\u00f3n y Trabajo, es potenciar y fortalecer a los actores productivos que dan servicios a toda la provincia.<\/p>\n\n\n\n<p>Ante dirigentes y representantes de organizaciones de la econom\u00eda social, el ministro de Trabajo, Empleo y Seguridad Social, Juan Manuel Pusineri, puso de relieve que \u201cm\u00e1s all\u00e1 de un aporte econ\u00f3mico, de una capacitaci\u00f3n, de un apoyo log\u00edstico, hay un compromiso rec\u00edproco para destacar: apostar por algo que es central en las comunidades, tanto en el d\u00eda de hoy como hacia el futuro, como es el trabajo\u201d.<\/p>\n\n\n\n<p>\u201cEl trabajo conjunto y dentro de cada instituci\u00f3n va a permitir tener un futuro mejor, soluciones para un conjunto de cosas que hoy nos afligen y nos duelen, como la pobreza y la inseguridad. Cada lugar de trabajo compartido es una puerta que se cierra al delito. Lo m\u00e1s importante es tener una visi\u00f3n de esfuerzo en conjunto para superarnos como comunidad\u201d, concluy\u00f3 Pusineri.<\/p>\n\n\n\n<p>Por su parte, el secretario de Desarrollo Territorial y Arraigo, Fabricio Medina, afirm\u00f3 que \u201cla herramienta para transformar, para salir adelante y continuar es la capacitaci\u00f3n y la formaci\u00f3n permanente. Un programa como Santa Fe Capacita, que hemos podido adaptarlo al sector de la econom\u00eda social, llega a todos los rincones de la provincia, vimos una fortaleza que ten\u00eda este programa para potenciar el sector de la econom\u00eda social\u201d.<\/p>\n\n\n\n<p>\u201cPara nosotros es de gran ayuda porque las cooperativas que reci\u00e9n est\u00e1n arrancando tienen, a trav\u00e9s de esta capacitaci\u00f3n, un acompa\u00f1amiento. Pueden empezar a tener un orden y a visibilizar proyectos\u201d, finaliz\u00f3 Medina.<\/p>\n\n\n\n<p>A su turno, el director provincial de Econom\u00eda Social, Agricultura Familiar y Emprendedorismo, Guillermo Tavernier, describi\u00f3 este programa como \u201cuna estrategia de fortalecimiento y articulaci\u00f3n para acompa\u00f1ar a un sector tan importante de la econom\u00eda que busca potenciar y acompa\u00f1ar no solamente con equipamiento, herramientas, infraestructura, sino tambi\u00e9n con un esquema de capacitaci\u00f3n para la gesti\u00f3n administrativa, legal y humana\u201d.<\/p>\n\n\n\n<p>\u201cTener una cooperativa, una mutual, es tener una empresa que merece ser sustentable. Es por ello que resulta fundamental contar con una l\u00ednea de capacitaciones espec\u00edficas para estos actores, ya que contar con una buena gesti\u00f3n permite crecer, desarrollarse y generar puestos de trabajo, lo cual genera arraigo y desarrollo\u201d, detall\u00f3 Tavernier.<\/p>\n\n\n\n<p>Por \u00faltimo, la directora de Formaci\u00f3n y Capacitaci\u00f3n Laboral, Valeria March, indic\u00f3 que \u201cestamos en el territorio procurando que las herramientas que pone a disposici\u00f3n el gobierno de la provincia lleguen a todas y todos los santafesinos. Este 2023 vamos a desarrollar 60 cursos, alcanzando a 528 instituciones en 27 localidades, para lo cual se invertir\u00e1n 12 millones de pesos, el doble de lo invertido el a\u00f1o pasado\u201d.<\/p>\n\n\n\n<p>Durante el acto se entregaron aportes no reintegrables (ANR) por un monto total de 24 millones de pesos, los cuales se desglosan en 12 millones para capacitaci\u00f3n, que aporta la cartera laboral, y los otros 12 millones restantes que la cartera productiva entreg\u00f3 en forma de ANR a entidades cooperativas, doblando el presupuesto destinado el a\u00f1o pasado.<\/p>\n\n\n\n<p>Los aportes fueron destinados a 25 cooperativas de trabajo y servicios de localidades de todo el territorio provincial, y ser\u00e1n destinados a la compra de herramientas y maquinaria, infraestructura, y ropa de trabajo.<\/p>\n\n\n\n<p><strong>L\u00edneas de capacitaci\u00f3n<\/strong><br>Santa Fe Capacita a Cooperativas y Mutuales involucra dos l\u00edneas de acci\u00f3n:<\/p>\n\n\n\n<p>&gt;&gt; Impulso Cooperativo: busca impulsar la gesti\u00f3n humana, contable y legal de cooperativas brindando herramientas inteligentes para potenciar de manera sostenida los proyectos asociativos. Est\u00e1 orientado a Cooperativas de Trabajo.<\/p>\n\n\n\n<p>&gt;&gt; VILA: Visi\u00f3n, Innovaci\u00f3n y liderazgo asociativo: pretende fortalecer la mirada estrat\u00e9gica a trav\u00e9s de herramientas innovadoras de gesti\u00f3n asociativa. Dise\u00f1ada para Mutuales, Cooperativas de Servicios P\u00fablicos y Cooperativas Agropecuarias.<\/p>\n","protected":false},"excerpt":{"rendered":"<p>Se trata de propuestas de formaci\u00f3n especialmente formuladas para acompa\u00f1ar la gesti\u00f3n de cooperativas y mutuales santafesinas. Los ministerios de Producci\u00f3n, Ciencia y Tecnolog\u00eda, y de Trabajo, Seguridad Social y Empelo presentaron una nueva edici\u00f3n del programa Santa Fe Capacita, que en esta oportunidad est\u00e1 orientado espec\u00edficamente a miembros de cooperativas y mutuales. El objetivo <a href=\"https:\/\/armstrongyregion.com.ar\/diario\/la-provincia-lanzo-una-nueva-edicion-del-programa-santa-fe-capacita\/\" title=\"Read more\" >&#8230;<\/a><\/p>\n","protected":false},"author":1,"featured_media":37519,"comment_status":"open","ping_status":"open","sticky":false,"template":"","format":"image","meta":{"_jetpack_memberships_contains_paid_content":false,"footnotes":"","jetpack_publicize_message":"","jetpack_publicize_feature_enabled":true,"jetpack_social_post_already_shared":true,"jetpack_social_options":{"image_generator_settings":{"template":"highway","default_image_id":0,"enabled":false},"version":2}},"categories":[6,8,1,2,7,3],"tags":[9006,19,317,3649,275,8640,3381],"class_list":["post-37518","post","type-post","status-publish","format-image","has-post-thumbnail","hentry","category-cultura-entretenimiento","category-deliberando","category-diario-armstrong","category-locales","category-politica","category-region","tag-capacita","tag-de","tag-edicion","tag-lanzo","tag-nueva","tag-provincia-2","tag-santa-fe","post_format-post-format-image"],"jetpack_publicize_connections":[],"jetpack_featured_media_url":"https:\/\/armstrongyregion.com.ar\/diario\/wp-content\/uploads\/2023\/02\/pcia-capacita-.jpg","jetpack_shortlink":"https:\/\/wp.me\/p62QDO-9L8","jetpack_sharing_enabled":true,"amp_enabled":true,"_links":{"self":[{"href":"https:\/\/armstrongyregion.com.ar\/diario\/wp-json\/wp\/v2\/posts\/37518","targetHints":{"allow":["GET"]}}],"collection":[{"href":"https:\/\/armstrongyregion.com.ar\/diario\/wp-json\/wp\/v2\/posts"}],"about":[{"href":"https:\/\/armstrongyregion.com.ar\/diario\/wp-json\/wp\/v2\/types\/post"}],"author":[{"embeddable":true,"href":"https:\/\/armstrongyregion.com.ar\/diario\/wp-json\/wp\/v2\/users\/1"}],"replies":[{"embeddable":true,"href":"https:\/\/armstrongyregion.com.ar\/diario\/wp-json\/wp\/v2\/comments?post=37518"}],"version-history":[{"count":1,"href":"https:\/\/armstrongyregion.com.ar\/diario\/wp-json\/wp\/v2\/posts\/37518\/revisions"}],"predecessor-version":[{"id":37520,"href":"https:\/\/armstrongyregion.com.ar\/diario\/wp-json\/wp\/v2\/posts\/37518\/revisions\/37520"}],"wp:featuredmedia":[{"embeddable":true,"href":"https:\/\/armstrongyregion.com.ar\/diario\/wp-json\/wp\/v2\/media\/37519"}],"wp:attachment":[{"href":"https:\/\/armstrongyregion.com.ar\/diario\/wp-json\/wp\/v2\/media?parent=37518"}],"wp:term":[{"taxonomy":"category","embeddable":true,"href":"https:\/\/armstrongyregion.com.ar\/diario\/wp-json\/wp\/v2\/categories?post=37518"},{"taxonomy":"post_tag","embeddable":true,"href":"https:\/\/armstrongyregion.com.ar\/diario\/wp-json\/wp\/v2\/tags?post=37518"}],"curies":[{"name":"wp","href":"https:\/\/api.w.org\/{rel}","templated":true}]}}