{"id":37509,"date":"2023-02-14T17:23:01","date_gmt":"2023-02-14T17:23:01","guid":{"rendered":"https:\/\/armstrongyregion.com.ar\/diario\/?p=37509"},"modified":"2023-02-14T17:23:04","modified_gmt":"2023-02-14T17:23:04","slug":"prorroga-del-certificado-unico-de-discapacidad","status":"publish","type":"post","link":"https:\/\/armstrongyregion.com.ar\/diario\/prorroga-del-certificado-unico-de-discapacidad\/","title":{"rendered":"Pr\u00f3rroga del Certificado \u00danico de Discapacidad."},"content":{"rendered":"\n<figure class=\"wp-block-image size-full\"><a href=\"http:\/\/armstrongyregion.com.ar\/diario\/wp-content\/uploads\/2023\/02\/Certificado-Discapacidad-.jpg\"><img loading=\"lazy\" decoding=\"async\" width=\"474\" height=\"512\" src=\"http:\/\/armstrongyregion.com.ar\/diario\/wp-content\/uploads\/2023\/02\/Certificado-Discapacidad-.jpg\" alt=\"\" class=\"wp-image-37510\" srcset=\"https:\/\/armstrongyregion.com.ar\/diario\/wp-content\/uploads\/2023\/02\/Certificado-Discapacidad-.jpg 474w, https:\/\/armstrongyregion.com.ar\/diario\/wp-content\/uploads\/2023\/02\/Certificado-Discapacidad--278x300.jpg 278w\" sizes=\"auto, (max-width: 474px) 100vw, 474px\" \/><\/a><\/figure>\n\n\n\n<p>Se prorrogan por el t\u00e9rmino de un a\u00f1o (hasta 2024) los Certificados \u00fanicos de discapacidad (CUD) cuyo vencimiento original sea desde el 1\u00b0 de enero al 31 de diciembre 2023.<\/p>\n","protected":false},"excerpt":{"rendered":"<p>Se prorrogan por el t\u00e9rmino de un a\u00f1o (hasta 2024) los Certificados \u00fanicos de discapacidad (CUD) cuyo vencimiento original sea desde el 1\u00b0 de enero al 31 de diciembre 2023.<\/p>\n","protected":false},"author":1,"featured_media":37510,"comment_status":"open","ping_status":"open","sticky":false,"template":"","format":"image","meta":{"_jetpack_memberships_contains_paid_content":false,"footnotes":"","jetpack_publicize_message":"","jetpack_publicize_feature_enabled":true,"jetpack_social_post_already_shared":true,"jetpack_social_options":{"image_generator_settings":{"template":"highway","default_image_id":0,"enabled":false},"version":2}},"categories":[6,8,1,2,7,4,3],"tags":[1728,19,2725,9001,9002],"class_list":["post-37509","post","type-post","status-publish","format-image","has-post-thumbnail","hentry","category-cultura-entretenimiento","category-deliberando","category-diario-armstrong","category-locales","category-politica","category-prevencion-salud","category-region","tag-certificado","tag-de","tag-discapacidad","tag-prorroga-2","tag-unico","post_format-post-format-image"],"jetpack_publicize_connections":[],"jetpack_featured_media_url":"https:\/\/armstrongyregion.com.ar\/diario\/wp-content\/uploads\/2023\/02\/Certificado-Discapacidad-.jpg","jetpack_shortlink":"https:\/\/wp.me\/p62QDO-9KZ","jetpack_sharing_enabled":true,"amp_enabled":true,"_links":{"self":[{"href":"https:\/\/armstrongyregion.com.ar\/diario\/wp-json\/wp\/v2\/posts\/37509","targetHints":{"allow":["GET"]}}],"collection":[{"href":"https:\/\/armstrongyregion.com.ar\/diario\/wp-json\/wp\/v2\/posts"}],"about":[{"href":"https:\/\/armstrongyregion.com.ar\/diario\/wp-json\/wp\/v2\/types\/post"}],"author":[{"embeddable":true,"href":"https:\/\/armstrongyregion.com.ar\/diario\/wp-json\/wp\/v2\/users\/1"}],"replies":[{"embeddable":true,"href":"https:\/\/armstrongyregion.com.ar\/diario\/wp-json\/wp\/v2\/comments?post=37509"}],"version-history":[{"count":1,"href":"https:\/\/armstrongyregion.com.ar\/diario\/wp-json\/wp\/v2\/posts\/37509\/revisions"}],"predecessor-version":[{"id":37511,"href":"https:\/\/armstrongyregion.com.ar\/diario\/wp-json\/wp\/v2\/posts\/37509\/revisions\/37511"}],"wp:featuredmedia":[{"embeddable":true,"href":"https:\/\/armstrongyregion.com.ar\/diario\/wp-json\/wp\/v2\/media\/37510"}],"wp:attachment":[{"href":"https:\/\/armstrongyregion.com.ar\/diario\/wp-json\/wp\/v2\/media?parent=37509"}],"wp:term":[{"taxonomy":"category","embeddable":true,"href":"https:\/\/armstrongyregion.com.ar\/diario\/wp-json\/wp\/v2\/categories?post=37509"},{"taxonomy":"post_tag","embeddable":true,"href":"https:\/\/armstrongyregion.com.ar\/diario\/wp-json\/wp\/v2\/tags?post=37509"}],"curies":[{"name":"wp","href":"https:\/\/api.w.org\/{rel}","templated":true}]}}