{"id":37493,"date":"2023-02-13T02:41:45","date_gmt":"2023-02-13T02:41:45","guid":{"rendered":"https:\/\/armstrongyregion.com.ar\/diario\/?p=37493"},"modified":"2023-02-13T02:41:48","modified_gmt":"2023-02-13T02:41:48","slug":"mejoras-con-esfuerzo-de-todos-los-armstronenses","status":"publish","type":"post","link":"https:\/\/armstrongyregion.com.ar\/diario\/mejoras-con-esfuerzo-de-todos-los-armstronenses\/","title":{"rendered":"Mejoras con esfuerzo de todos los armstronenses."},"content":{"rendered":"\n<figure class=\"wp-block-image size-full\"><a href=\"http:\/\/armstrongyregion.com.ar\/diario\/wp-content\/uploads\/2023\/02\/Luminarias-fischer1-.jpg\"><img loading=\"lazy\" decoding=\"async\" width=\"675\" height=\"450\" src=\"http:\/\/armstrongyregion.com.ar\/diario\/wp-content\/uploads\/2023\/02\/Luminarias-fischer1-.jpg\" alt=\"\" class=\"wp-image-37494\" srcset=\"https:\/\/armstrongyregion.com.ar\/diario\/wp-content\/uploads\/2023\/02\/Luminarias-fischer1-.jpg 675w, https:\/\/armstrongyregion.com.ar\/diario\/wp-content\/uploads\/2023\/02\/Luminarias-fischer1--300x200.jpg 300w\" sizes=\"auto, (max-width: 675px) 100vw, 675px\" \/><\/a><\/figure>\n\n\n\n<p>\u00abLa iluminaci\u00f3n p\u00fablica es una de las obras que m\u00e1s nos solicitan los ciudadanos de Armstrong\u00bb. Dijo el intendente Verdecchia.<\/p>\n\n\n\n<figure class=\"wp-block-image size-full\"><a href=\"http:\/\/armstrongyregion.com.ar\/diario\/wp-content\/uploads\/2023\/02\/luminarias-fischer2.jpg\"><img loading=\"lazy\" decoding=\"async\" width=\"338\" height=\"225\" src=\"http:\/\/armstrongyregion.com.ar\/diario\/wp-content\/uploads\/2023\/02\/luminarias-fischer2.jpg\" alt=\"\" class=\"wp-image-37495\" srcset=\"https:\/\/armstrongyregion.com.ar\/diario\/wp-content\/uploads\/2023\/02\/luminarias-fischer2.jpg 338w, https:\/\/armstrongyregion.com.ar\/diario\/wp-content\/uploads\/2023\/02\/luminarias-fischer2-300x200.jpg 300w\" sizes=\"auto, (max-width: 338px) 100vw, 338px\" \/><\/a><\/figure>\n\n\n\n<p>\u00abPara definir la agenda de gesti\u00f3n del 2023 tomamos en cuenta estas solicitudes y dise\u00f1amos, junto a los t\u00e9cnicos de la Cooperativa El\u00e9ctrica, paquetes de obras para brindar respuestas en todos los sectores de la ciudad\u00bb. Continu\u00f3.<\/p>\n\n\n\n<figure class=\"wp-block-image size-full\"><a href=\"http:\/\/armstrongyregion.com.ar\/diario\/wp-content\/uploads\/2023\/02\/luminarias-fischer-3.jpg\"><img loading=\"lazy\" decoding=\"async\" width=\"338\" height=\"225\" src=\"http:\/\/armstrongyregion.com.ar\/diario\/wp-content\/uploads\/2023\/02\/luminarias-fischer-3.jpg\" alt=\"\" class=\"wp-image-37496\" srcset=\"https:\/\/armstrongyregion.com.ar\/diario\/wp-content\/uploads\/2023\/02\/luminarias-fischer-3.jpg 338w, https:\/\/armstrongyregion.com.ar\/diario\/wp-content\/uploads\/2023\/02\/luminarias-fischer-3-300x200.jpg 300w\" sizes=\"auto, (max-width: 338px) 100vw, 338px\" \/><\/a><\/figure>\n\n\n\n<p>El paquete de obras finalizado el d\u00eda viernes, incluy\u00f3 la renovaci\u00f3n de la iluminaci\u00f3n en 10 cuadras:<\/p>\n\n\n\n<figure class=\"wp-block-image size-full\"><a href=\"http:\/\/armstrongyregion.com.ar\/diario\/wp-content\/uploads\/2023\/02\/luminarias-fischer-4.jpg\"><img loading=\"lazy\" decoding=\"async\" width=\"338\" height=\"225\" src=\"http:\/\/armstrongyregion.com.ar\/diario\/wp-content\/uploads\/2023\/02\/luminarias-fischer-4.jpg\" alt=\"\" class=\"wp-image-37497\" srcset=\"https:\/\/armstrongyregion.com.ar\/diario\/wp-content\/uploads\/2023\/02\/luminarias-fischer-4.jpg 338w, https:\/\/armstrongyregion.com.ar\/diario\/wp-content\/uploads\/2023\/02\/luminarias-fischer-4-300x200.jpg 300w\" sizes=\"auto, (max-width: 338px) 100vw, 338px\" \/><\/a><\/figure>\n\n\n\n<p><img loading=\"lazy\" decoding=\"async\" height=\"16\" width=\"16\" src=\"https:\/\/static.xx.fbcdn.net\/images\/emoji.php\/v9\/t7a\/1\/16\/31_20e3.png\" alt=\"1\ufe0f\u20e3\"> El lunes pasado se encendi\u00f3 el primer tramo de dicho paquete, Calle Schaer entre Democracia y Fischer.<\/p>\n\n\n\n<p><img loading=\"lazy\" decoding=\"async\" height=\"16\" width=\"16\" src=\"https:\/\/static.xx.fbcdn.net\/images\/emoji.php\/v9\/t99\/1\/16\/32_20e3.png\" alt=\"2\ufe0f\u20e3\"> El mi\u00e9rcoles un tramo intermedio, Calle Fischer entre Delfo Cabrera y Saavedra Lamas.<\/p>\n\n\n\n<p><img loading=\"lazy\" decoding=\"async\" height=\"16\" width=\"16\" src=\"https:\/\/static.xx.fbcdn.net\/images\/emoji.php\/v9\/tb8\/1\/16\/33_20e3.png\" alt=\"3\ufe0f\u20e3\"> El viernes, se concluy\u00f3 esta obra con el encendido de Calle Fischer entre Pte. Per\u00f3n y Delfo Cabrera.<\/p>\n\n\n\n<p>Verdecchia expres\u00f3 que: se logr\u00f3 uno de los primeros objetivos del a\u00f1o, ahora el compromiso es seguir llegando con estas obras a todos los sectores de la ciudad\u00bb.<\/p>\n","protected":false},"excerpt":{"rendered":"<p>\u00abLa iluminaci\u00f3n p\u00fablica es una de las obras que m\u00e1s nos solicitan los ciudadanos de Armstrong\u00bb. Dijo el intendente Verdecchia. \u00abPara definir la agenda de gesti\u00f3n del 2023 tomamos en cuenta estas solicitudes y dise\u00f1amos, junto a los t\u00e9cnicos de la Cooperativa El\u00e9ctrica, paquetes de obras para brindar respuestas en todos los sectores de la <a href=\"https:\/\/armstrongyregion.com.ar\/diario\/mejoras-con-esfuerzo-de-todos-los-armstronenses\/\" title=\"Read more\" >&#8230;<\/a><\/p>\n","protected":false},"author":1,"featured_media":37494,"comment_status":"open","ping_status":"open","sticky":false,"template":"","format":"image","meta":{"_jetpack_memberships_contains_paid_content":false,"footnotes":"","jetpack_publicize_message":"","jetpack_publicize_feature_enabled":true,"jetpack_social_post_already_shared":true,"jetpack_social_options":{"image_generator_settings":{"template":"highway","default_image_id":0,"enabled":false},"version":2}},"categories":[8,1,2,7,3],"tags":[8996,100,19,1804,42,902,967],"class_list":["post-37493","post","type-post","status-publish","format-image","has-post-thumbnail","hentry","category-deliberando","category-diario-armstrong","category-locales","category-politica","category-region","tag-armstronenses-2","tag-con","tag-de","tag-esfuerzo","tag-los","tag-mejoras","tag-todos","post_format-post-format-image"],"jetpack_publicize_connections":[],"jetpack_featured_media_url":"https:\/\/armstrongyregion.com.ar\/diario\/wp-content\/uploads\/2023\/02\/Luminarias-fischer1-.jpg","jetpack_shortlink":"https:\/\/wp.me\/p62QDO-9KJ","jetpack_sharing_enabled":true,"amp_enabled":true,"_links":{"self":[{"href":"https:\/\/armstrongyregion.com.ar\/diario\/wp-json\/wp\/v2\/posts\/37493","targetHints":{"allow":["GET"]}}],"collection":[{"href":"https:\/\/armstrongyregion.com.ar\/diario\/wp-json\/wp\/v2\/posts"}],"about":[{"href":"https:\/\/armstrongyregion.com.ar\/diario\/wp-json\/wp\/v2\/types\/post"}],"author":[{"embeddable":true,"href":"https:\/\/armstrongyregion.com.ar\/diario\/wp-json\/wp\/v2\/users\/1"}],"replies":[{"embeddable":true,"href":"https:\/\/armstrongyregion.com.ar\/diario\/wp-json\/wp\/v2\/comments?post=37493"}],"version-history":[{"count":1,"href":"https:\/\/armstrongyregion.com.ar\/diario\/wp-json\/wp\/v2\/posts\/37493\/revisions"}],"predecessor-version":[{"id":37498,"href":"https:\/\/armstrongyregion.com.ar\/diario\/wp-json\/wp\/v2\/posts\/37493\/revisions\/37498"}],"wp:featuredmedia":[{"embeddable":true,"href":"https:\/\/armstrongyregion.com.ar\/diario\/wp-json\/wp\/v2\/media\/37494"}],"wp:attachment":[{"href":"https:\/\/armstrongyregion.com.ar\/diario\/wp-json\/wp\/v2\/media?parent=37493"}],"wp:term":[{"taxonomy":"category","embeddable":true,"href":"https:\/\/armstrongyregion.com.ar\/diario\/wp-json\/wp\/v2\/categories?post=37493"},{"taxonomy":"post_tag","embeddable":true,"href":"https:\/\/armstrongyregion.com.ar\/diario\/wp-json\/wp\/v2\/tags?post=37493"}],"curies":[{"name":"wp","href":"https:\/\/api.w.org\/{rel}","templated":true}]}}