{"id":37490,"date":"2023-02-11T16:18:42","date_gmt":"2023-02-11T16:18:42","guid":{"rendered":"https:\/\/armstrongyregion.com.ar\/diario\/?p=37490"},"modified":"2023-02-11T16:18:46","modified_gmt":"2023-02-11T16:18:46","slug":"avance-de-obras-en-distintos-sectores-de-las-rosas","status":"publish","type":"post","link":"https:\/\/armstrongyregion.com.ar\/diario\/avance-de-obras-en-distintos-sectores-de-las-rosas\/","title":{"rendered":"Avance de Obras en distintos sectores de Las Rosas."},"content":{"rendered":"\n<figure class=\"wp-block-image size-full\"><a href=\"http:\/\/armstrongyregion.com.ar\/diario\/wp-content\/uploads\/2023\/02\/javier-Meyer-11-2-23-.jpg\"><img loading=\"lazy\" decoding=\"async\" width=\"473\" height=\"305\" src=\"http:\/\/armstrongyregion.com.ar\/diario\/wp-content\/uploads\/2023\/02\/javier-Meyer-11-2-23-.jpg\" alt=\"\" class=\"wp-image-37491\" srcset=\"https:\/\/armstrongyregion.com.ar\/diario\/wp-content\/uploads\/2023\/02\/javier-Meyer-11-2-23-.jpg 473w, https:\/\/armstrongyregion.com.ar\/diario\/wp-content\/uploads\/2023\/02\/javier-Meyer-11-2-23--300x193.jpg 300w\" sizes=\"auto, (max-width: 473px) 100vw, 473px\" \/><\/a><\/figure>\n\n\n\n<h2 class=\"wp-block-heading\">Esta semana se avanzo con el plan de bacheo, adem\u00e1s se prepara la apertura de calles para pavimentar la zona del cementerio, y colocaran nueva luminaria led en calle Belgrano.<\/h2>\n\n\n\n<p>\u00abCerramos una semana con muchas actividades sobre tofo organizativo, planeamos la apertura de calles Saavedra entre Sim\u00f3n de Iriondo y Rio de Janeiro, y Rio de Janeiro entre ruta 178 y Saavedra, primero tenemos que hacer una rampa de acceso al cementerio viejo por Sim\u00f3n de Iriondo ya que las entradas van a estar obstruidas con la obra.<\/p>\n\n\n\n<p>Avanzamos firmemente en materia de bacheo, ya hormigonamos calle Constituci\u00f3n y Bv. Kemmis, una esquina que estaba bastante deteriorada, y tambi\u00e9n en calle Tres Lagunas y Maip\u00fa, vamos a seguir avanzando con este trabajo de bacheo para continuar la pr\u00f3xima semana en Entre R\u00edos y Constituci\u00f3n, adem\u00e1s sigue el trabajo en cloacas, no solamente en ampliaci\u00f3n sino tambi\u00e9n en reparaciones, y estamos preparando la nueva luminaria led para calle Belgrano\u00bb, inform\u00f3 Meyer.<\/p>\n\n\n\n<p>Renacer FM<\/p>\n","protected":false},"excerpt":{"rendered":"<p>Esta semana se avanzo con el plan de bacheo, adem\u00e1s se prepara la apertura de calles para pavimentar la zona del cementerio, y colocaran nueva luminaria led en calle Belgrano. \u00abCerramos una semana con muchas actividades sobre tofo organizativo, planeamos la apertura de calles Saavedra entre Sim\u00f3n de Iriondo y Rio de Janeiro, y Rio <a href=\"https:\/\/armstrongyregion.com.ar\/diario\/avance-de-obras-en-distintos-sectores-de-las-rosas\/\" title=\"Read more\" >&#8230;<\/a><\/p>\n","protected":false},"author":1,"featured_media":37491,"comment_status":"open","ping_status":"open","sticky":false,"template":"","format":"image","meta":{"_jetpack_memberships_contains_paid_content":false,"footnotes":"","jetpack_publicize_message":"","jetpack_publicize_feature_enabled":true,"jetpack_social_post_already_shared":true,"jetpack_social_options":{"image_generator_settings":{"template":"highway","default_image_id":0,"enabled":false},"version":2}},"categories":[6,8,1,7,3],"tags":[3690,19,15,23,220,361],"class_list":["post-37490","post","type-post","status-publish","format-image","has-post-thumbnail","hentry","category-cultura-entretenimiento","category-deliberando","category-diario-armstrong","category-politica","category-region","tag-avance","tag-de","tag-en","tag-las","tag-obras","tag-rosas","post_format-post-format-image"],"jetpack_publicize_connections":[],"jetpack_featured_media_url":"https:\/\/armstrongyregion.com.ar\/diario\/wp-content\/uploads\/2023\/02\/javier-Meyer-11-2-23-.jpg","jetpack_shortlink":"https:\/\/wp.me\/p62QDO-9KG","jetpack_sharing_enabled":true,"amp_enabled":true,"_links":{"self":[{"href":"https:\/\/armstrongyregion.com.ar\/diario\/wp-json\/wp\/v2\/posts\/37490","targetHints":{"allow":["GET"]}}],"collection":[{"href":"https:\/\/armstrongyregion.com.ar\/diario\/wp-json\/wp\/v2\/posts"}],"about":[{"href":"https:\/\/armstrongyregion.com.ar\/diario\/wp-json\/wp\/v2\/types\/post"}],"author":[{"embeddable":true,"href":"https:\/\/armstrongyregion.com.ar\/diario\/wp-json\/wp\/v2\/users\/1"}],"replies":[{"embeddable":true,"href":"https:\/\/armstrongyregion.com.ar\/diario\/wp-json\/wp\/v2\/comments?post=37490"}],"version-history":[{"count":1,"href":"https:\/\/armstrongyregion.com.ar\/diario\/wp-json\/wp\/v2\/posts\/37490\/revisions"}],"predecessor-version":[{"id":37492,"href":"https:\/\/armstrongyregion.com.ar\/diario\/wp-json\/wp\/v2\/posts\/37490\/revisions\/37492"}],"wp:featuredmedia":[{"embeddable":true,"href":"https:\/\/armstrongyregion.com.ar\/diario\/wp-json\/wp\/v2\/media\/37491"}],"wp:attachment":[{"href":"https:\/\/armstrongyregion.com.ar\/diario\/wp-json\/wp\/v2\/media?parent=37490"}],"wp:term":[{"taxonomy":"category","embeddable":true,"href":"https:\/\/armstrongyregion.com.ar\/diario\/wp-json\/wp\/v2\/categories?post=37490"},{"taxonomy":"post_tag","embeddable":true,"href":"https:\/\/armstrongyregion.com.ar\/diario\/wp-json\/wp\/v2\/tags?post=37490"}],"curies":[{"name":"wp","href":"https:\/\/api.w.org\/{rel}","templated":true}]}}