{"id":3749,"date":"2015-08-25T12:19:36","date_gmt":"2015-08-25T12:19:36","guid":{"rendered":"https:\/\/armstrongyregion.com.ar\/diario\/?p=3749"},"modified":"2015-08-25T12:19:36","modified_gmt":"2015-08-25T12:19:36","slug":"la-dip-giaccone-acompano-la-gira-grabacion-de-canta-conmigo-en-escenarios-naturales-de-arroyo-leyes-ramona-y-bouquet","status":"publish","type":"post","link":"https:\/\/armstrongyregion.com.ar\/diario\/la-dip-giaccone-acompano-la-gira-grabacion-de-canta-conmigo-en-escenarios-naturales-de-arroyo-leyes-ramona-y-bouquet\/","title":{"rendered":"La Dip. Giaccone acompa\u00f1\u00f3 la gira grabaci\u00f3n de \u00abCanta Conmigo\u00bb en escenarios naturales de Arroyo Leyes, Ramona y Bouquet."},"content":{"rendered":"<p><a href=\"http:\/\/armstrongyregion.com.ar\/diario\/wp-content\/uploads\/2015\/08\/cantaconmigo-bouquetCGx500.jpg\"><img loading=\"lazy\" decoding=\"async\" class=\"alignnone size-medium wp-image-3750\" src=\"http:\/\/armstrongyregion.com.ar\/diario\/wp-content\/uploads\/2015\/08\/cantaconmigo-bouquetCGx500-300x223.jpg\" alt=\"cantaconmigo-bouquetCGx500\" width=\"300\" height=\"223\" srcset=\"https:\/\/armstrongyregion.com.ar\/diario\/wp-content\/uploads\/2015\/08\/cantaconmigo-bouquetCGx500-300x223.jpg 300w, https:\/\/armstrongyregion.com.ar\/diario\/wp-content\/uploads\/2015\/08\/cantaconmigo-bouquetCGx500.jpg 500w\" sizes=\"auto, (max-width: 300px) 100vw, 300px\" \/><\/a>Desde el viernes 21 al domingo 23 de agosto el disco \u00abCant\u00e1 Conmigo\u00bb, proyecto del Ente Cultural Santafesino, fue grab\u00e1ndose en escenarios naturales de las localidades de Arroyo Leyes, Ramona y Bouquet. As\u00ed quedaron en im\u00e1gen y audio las obras in\u00e9ditas de compositores de varios puntos de la bota santafesina: \u00abCanciones al viento\u00bb -Neri Lucero Magno (Ca\u00f1ada de Ucle); \u00abCruz\u00e1ndote con mi soledad\u00bb -Y que sea Rock (Ramona); \u00abCuando suenan chacarera\u00bb &#8211; Alberto Mario Sbrasini (San Genaro); \u00abPintor de sue\u00f1os\u00bb &#8211; Carlos \u00abPiki\u00bb Bieri (Romang), \u00abDo\u00f1a Rita\u00bb &#8211; Lucho Milocco (Sastre), \u00abPor amor a Mar\u00eda\u00bb &#8211; Orlando Gauna (Arroyo Leyes), \u00abTe extra\u00f1o\u00bb &#8211; Mart\u00edn Gonzalez (Bouquet); \u00abTe sigo buscando\u00bb &#8211; Gonzalo Benitez (Sarmiento), \u00abTe vas\u00bb -Alfredo Ram\u00f3n Castelli (Mar\u00eda Juana); \u00abChacarera a mi pago\u00bb -Facundo Quiroga (Tostado).<br \/>\nTodos los temas fueron seleccionados a partir de la convocatoria hecha en 2014, por el Ente Cultural Santafesino, a compositores santafesinos dispuestos a participar de este concurso pluralista y federal.<br \/>\nLas obras fueron interpretadas y registradas bajo la atenta supervisi\u00f3n de Andr\u00e9s Mayo, un Ingeniero de Audio argentino especializado en Masterizaci\u00f3n (mastering) de vinilo, CD, DVD y Blu Ray, pionero de esta actividad en la Argentina desde 1992 y con reconocimiento internacional. Lo asisti\u00f3 permanentemente su equipo de trabajo.<br \/>\nLa diputada nacional Claudia Giaccone, que estuvo en cada uno de las localidades donde se iba concretando el proyecto, agradeci\u00f3 \u00abel inter\u00e9s puesto en la concreci\u00f3n del disco por parte de la Direcci\u00f3n Nacional de Industrias Culturales del Ministerio de Cultura de la Naci\u00f3n\u00bb; y expres\u00f3 que fueron d\u00edas \u00abmuy especiales para todos aquellos que siendo parte pudimos disfrutar de esta acci\u00f3n cultural\u00bb.<br \/>\n\u00abNos encontramos en un momento de mucha m\u00edstica y gesti\u00f3n permanente junto a distintos artistas de toda la provincia. Y mi funci\u00f3n es acompa\u00f1ar en forma permanente estos hechos culturales, porque as\u00ed le daremos sentido a cada acci\u00f3n cultural generada desde el interior profundo de nuestra provincia\u00bb, concluy\u00f3 la legisladora.<br \/>\nEn Arroyo Leyes<br \/>\nA trav\u00e9s de la Ruta Provincial N\u00b01 se llega a esta comunidad del departamento La Capital, y en el Complejo Tur\u00edstico frente al r\u00edo Paran\u00e1, el viernes 21, los artistas provenientes de las localidades de Romang, Sarmiento, Mar\u00eda Juana y Arroyo Leyes se dispusieron a dejar lo suyo en archivos de video y audio que finalmente ser\u00e1n el disco \u00abCant\u00e1 Conmigo\u00bb.<br \/>\nCon la presencia del Presidente Comunal Eduardo Lorinz, la Secretaria de Cultura Laura Antunes, la Secretaria de Cultura de Sarmiento Fernanda Micolli, el Secretario de Cultura de Romang Juan Bieri, y la Diputada Nacional Claudia Giaccone, y ante m\u00fasicos y sus acompa\u00f1antes, el Ing. Andr\u00e9s Mayo resalt\u00f3 el proyecto llevado a cabo por el Ente Cultural Santafesino, manifestando que sin lugar a dudas \u00ablos grandes artistas no son los que cantan mejor sino los que trasmiten algo. Y ustedes lo son\u00bb.<br \/>\nEn Ramona<br \/>\nLos sue\u00f1os de compositores de Sastre, Tostado y Ramona se encontraron, junto a sus notas musicales, en este pueblo del departamento Castellanos. Continuaba as\u00ed en una segunda jornada, el s\u00e1bado 22 de agosto, la concreci\u00f3n de \u00abCant\u00e1 Conmigo\u00bb.<br \/>\nEn la zona rural de Ramona y utilizando las instalaciones del hogar del Presidente Comunal Ceferino Mondino, los m\u00fasicos se dedicaron a grabar para la realizaci\u00f3n de los CD y DVD que llevar\u00e1n el nombre del proyecto.<br \/>\nEl ingeniero Andr\u00e9s Mayo destac\u00f3 que la idea del Ente Cultural Santafesino hizo posible estos sue\u00f1os. Agradeci\u00f3 a todos los presentes y dijo que estaban \u00abdisfrutando mucho este trabajo con ustedes; sinceramente es maravilloso, el empe\u00f1o y pasi\u00f3n que hay detr\u00e1s de todo esto\u00bb<br \/>\nEn Bouquet<br \/>\nEn la Casa de la Cultura (Estaci\u00f3n de Ferrocarril) de esa comunidad, el domingo 23 culmin\u00f3 la grabaci\u00f3n con los artistas provenientes de las localidades de Ca\u00f1ada del Ucle, San Genaro y Bouquet. La m\u00fasica preparaba su \u00faltimo reposo en la vieja estaci\u00f3n, que marc\u00f3 los inicios y transpir\u00f3 el progreso del pueblo; ahora recibiendo un proyecto cargado de musicalidad, costumbres, emociones y diversidad.<br \/>\nSe hicieron presentes durante la actividad art\u00edstica la Diputada Nacional Claudia Giaccone, el Presidente Comunal Guillermo Cornaglia, la Secretaria de Cultura Flavia Curone, el Presidente del Ente Cultural Santafesino Lic. Leonardo Carrozza, el Presidente Comunal de Ca\u00f1ada del Ucle Orlanzo Pruzzo, la Secretaria de Cultura de Ca\u00f1ada del Ucle Prof. Marcela Arrieta, junto a familiares de los m\u00fasicos.<br \/>\nLeonardo Carrozza, manifest\u00f3 su agradecimiento a la \u00abDirecci\u00f3n Nacional de Industrias Culturales del Ministerio de Cultura por brindar esta herramienta que posibilita el encuentro, conocimiento e interacci\u00f3n entre distintos vecinos de nuestra provincia de Santa Fe\u00bb.<br \/>\nEl equipo t\u00e9cnico del Ingeniero Andr\u00e9s Mayo trabaj\u00f3 con su profesionalidad, enmarcando as\u00ed el objetivo de estimular y difundir lo m\u00e1s reciente de la creaci\u00f3n musical santafesina, lograda a partir de esta convocatoria del Ente Cultural Santafesino.<br \/>\nSobre Andr\u00e9s Mayo<br \/>\nGanador de 2 Grammy Latinos (R) en 2008 y 6 Premios Gardel a la Ingenier\u00eda de Audio en 2005, 2006, 2008, 2009, 2011 y 2013, es un Ingeniero de Audio argentino especializado en Masterizaci\u00f3n (mastering) de vinilo, CD, DVD y Blu Ray, pionero de esta actividad en la Argentina desde 1992. Con diploma de Ingeniero en Electr\u00f3nica de la Universidad Tecnol\u00f3gica Nacional de Buenos Aires. Andr\u00e9s realiz\u00f3 su especializaci\u00f3n en sonido en distintas instituciones: Center for the Media Arts (New York, 1991), Swinging Media (Stuttgart, Alemania, 1994) y en diferentes estudios: Unique Recordings (New York, 1991), Estudios Panda (Buenos Aires, 1992), Tonstudio Bauer (Ludwigsburg,Alemania, 1994), dB Post (Londres, 1998).<br \/>\nPosee cr\u00e9ditos en m\u00e1s de 2000 \u00e1lbumes de los m\u00e1s importantes artistas de Am\u00e9rica Latina, incluyendo: Bersuit Vergarabat, Los Piojos, Gustavo Cerati, Luis Alberto Spinetta, Pedro Aznar, Les Luthiers, Ratones Paranoicos, Jaime Roos, Attaque 77, Caifanes, Jorge Rojas, Kevin Johansen, Libido, Luis Salinas, Jaime Torres, Fito P\u00e1ez, Alejandro Lerner, Rub\u00e9n Rada, Luis Jara, Maldita Vecindad y los Hijos del Quinto Patio, H\u00e9ctor Infanz\u00f3n, etc.<\/p>\n","protected":false},"excerpt":{"rendered":"<p>Desde el viernes 21 al domingo 23 de agosto el disco \u00abCant\u00e1 Conmigo\u00bb, proyecto del Ente Cultural Santafesino, fue grab\u00e1ndose en escenarios naturales de las localidades de Arroyo Leyes, Ramona y Bouquet. As\u00ed quedaron en im\u00e1gen y audio las obras in\u00e9ditas de compositores de varios puntos de la bota santafesina: \u00abCanciones al viento\u00bb -Neri Lucero <a href=\"https:\/\/armstrongyregion.com.ar\/diario\/la-dip-giaccone-acompano-la-gira-grabacion-de-canta-conmigo-en-escenarios-naturales-de-arroyo-leyes-ramona-y-bouquet\/\" title=\"Read more\" >&#8230;<\/a><\/p>\n","protected":false},"author":2,"featured_media":3750,"comment_status":"open","ping_status":"open","sticky":false,"template":"","format":"standard","meta":{"_jetpack_memberships_contains_paid_content":false,"footnotes":"","jetpack_publicize_message":"","jetpack_publicize_feature_enabled":true,"jetpack_social_post_already_shared":false,"jetpack_social_options":{"image_generator_settings":{"template":"highway","default_image_id":0,"enabled":false},"version":2}},"categories":[6,1,3],"tags":[2411,229,2592,19,15,248,2591,2594,2593,2595,13],"class_list":["post-3749","post","type-post","status-publish","format-standard","has-post-thumbnail","hentry","category-cultura-entretenimiento","category-diario-armstrong","category-region","tag-arroyo","tag-bouquet","tag-conmigo","tag-de","tag-en","tag-escenarios","tag-la-dip-giaccone-acompano-la-gira-grabacion-de-canta","tag-leyes","tag-naturales","tag-ramona","tag-y"],"jetpack_publicize_connections":[],"jetpack_featured_media_url":"https:\/\/armstrongyregion.com.ar\/diario\/wp-content\/uploads\/2015\/08\/cantaconmigo-bouquetCGx500.jpg","jetpack_shortlink":"https:\/\/wp.me\/p62QDO-Yt","jetpack_sharing_enabled":true,"amp_enabled":true,"_links":{"self":[{"href":"https:\/\/armstrongyregion.com.ar\/diario\/wp-json\/wp\/v2\/posts\/3749","targetHints":{"allow":["GET"]}}],"collection":[{"href":"https:\/\/armstrongyregion.com.ar\/diario\/wp-json\/wp\/v2\/posts"}],"about":[{"href":"https:\/\/armstrongyregion.com.ar\/diario\/wp-json\/wp\/v2\/types\/post"}],"author":[{"embeddable":true,"href":"https:\/\/armstrongyregion.com.ar\/diario\/wp-json\/wp\/v2\/users\/2"}],"replies":[{"embeddable":true,"href":"https:\/\/armstrongyregion.com.ar\/diario\/wp-json\/wp\/v2\/comments?post=3749"}],"version-history":[{"count":0,"href":"https:\/\/armstrongyregion.com.ar\/diario\/wp-json\/wp\/v2\/posts\/3749\/revisions"}],"wp:featuredmedia":[{"embeddable":true,"href":"https:\/\/armstrongyregion.com.ar\/diario\/wp-json\/wp\/v2\/media\/3750"}],"wp:attachment":[{"href":"https:\/\/armstrongyregion.com.ar\/diario\/wp-json\/wp\/v2\/media?parent=3749"}],"wp:term":[{"taxonomy":"category","embeddable":true,"href":"https:\/\/armstrongyregion.com.ar\/diario\/wp-json\/wp\/v2\/categories?post=3749"},{"taxonomy":"post_tag","embeddable":true,"href":"https:\/\/armstrongyregion.com.ar\/diario\/wp-json\/wp\/v2\/tags?post=3749"}],"curies":[{"name":"wp","href":"https:\/\/api.w.org\/{rel}","templated":true}]}}