{"id":37486,"date":"2023-02-11T16:13:35","date_gmt":"2023-02-11T16:13:35","guid":{"rendered":"https:\/\/armstrongyregion.com.ar\/diario\/?p=37486"},"modified":"2023-02-11T16:13:39","modified_gmt":"2023-02-11T16:13:39","slug":"este-domingo-culmina-la-fiesta-anual-de-la-cultura-en-bouquet","status":"publish","type":"post","link":"https:\/\/armstrongyregion.com.ar\/diario\/este-domingo-culmina-la-fiesta-anual-de-la-cultura-en-bouquet\/","title":{"rendered":"Este domingo culmina la fiesta anual de la cultura en Bouquet."},"content":{"rendered":"\n<figure class=\"wp-block-image size-full\"><a href=\"http:\/\/armstrongyregion.com.ar\/diario\/wp-content\/uploads\/2023\/02\/Bouquet-fiesta-.jpg\"><img loading=\"lazy\" decoding=\"async\" width=\"497\" height=\"359\" src=\"http:\/\/armstrongyregion.com.ar\/diario\/wp-content\/uploads\/2023\/02\/Bouquet-fiesta-.jpg\" alt=\"\" class=\"wp-image-37488\" srcset=\"https:\/\/armstrongyregion.com.ar\/diario\/wp-content\/uploads\/2023\/02\/Bouquet-fiesta-.jpg 497w, https:\/\/armstrongyregion.com.ar\/diario\/wp-content\/uploads\/2023\/02\/Bouquet-fiesta--300x217.jpg 300w\" sizes=\"auto, (max-width: 497px) 100vw, 497px\" \/><\/a><\/figure>\n\n\n\n<h2 class=\"wp-block-heading\">La localidad de Bouquet se prepara para la segunda noche de pre carnaval, baile de disfraces y fiesta a pura cumbia.<\/h2>\n\n\n\n<p><\/p>\n\n\n\n<figure class=\"wp-block-audio\"><audio controls src=\"http:\/\/armstrongyregion.com.ar\/diario\/wp-content\/uploads\/2023\/02\/multimedia.audio_.985044a0744d9192.617564696f206d6f6e6f2e6d7033.mp3\"><\/audio><figcaption class=\"wp-element-caption\">Pte. Comuna de Bouquet.<\/figcaption><\/figure>\n\n\n\n<p><\/p>\n\n\n\n<p>Tenemos casi todo cerrado para el pr\u00f3ximo domingo para culminar la 30\u00ba fiesta anual de la cultura este domingo 12 de febrero, este evento no solamente es para convocar a las familias de la localidad, sino tambi\u00e9n para toda la gente de la regi\u00f3n, el cierre estara a cargo de Osvaldo Sosa Gait\u00e1n y German David Sosa.<\/p>\n\n\n\n<p><strong>PROGRAMACI\u00d3N&nbsp;<\/strong><\/p>\n\n\n\n<figure class=\"wp-block-image\"><img decoding=\"async\" src=\"http:\/\/renacerfm.com.ar\/download\/multimedia.normal.b401868cc95271d1.424f55515545545f6e6f726d616c2e77656270.webp\" alt=\"BOUQUET\"\/><\/figure>\n\n\n\n<p>Fuente: Renacer FM<a href=\"https:\/\/renacerfm.com.ar\/usuario\/2\/renacer-regional\"><\/a><\/p>\n\n\n\n<h2 class=\"wp-block-heading\"><\/h2>\n","protected":false},"excerpt":{"rendered":"<p>La localidad de Bouquet se prepara para la segunda noche de pre carnaval, baile de disfraces y fiesta a pura cumbia. Tenemos casi todo cerrado para el pr\u00f3ximo domingo para culminar la 30\u00ba fiesta anual de la cultura este domingo 12 de febrero, este evento no solamente es para convocar a las familias de la <a href=\"https:\/\/armstrongyregion.com.ar\/diario\/este-domingo-culmina-la-fiesta-anual-de-la-cultura-en-bouquet\/\" title=\"Read more\" >&#8230;<\/a><\/p>\n","protected":false},"author":1,"featured_media":37488,"comment_status":"open","ping_status":"open","sticky":false,"template":"","format":"image","meta":{"_jetpack_memberships_contains_paid_content":false,"footnotes":"","jetpack_publicize_message":"","jetpack_publicize_feature_enabled":true,"jetpack_social_post_already_shared":true,"jetpack_social_options":{"image_generator_settings":{"template":"highway","default_image_id":0,"enabled":false},"version":2}},"categories":[6,8,1,2,7,3],"tags":[1209,8843,8994,19,620],"class_list":["post-37486","post","type-post","status-publish","format-image","has-post-thumbnail","hentry","category-cultura-entretenimiento","category-deliberando","category-diario-armstrong","category-locales","category-politica","category-region","tag-anual","tag-bouquet-2","tag-culmina","tag-de","tag-fiesta","post_format-post-format-image"],"jetpack_publicize_connections":[],"jetpack_featured_media_url":"https:\/\/armstrongyregion.com.ar\/diario\/wp-content\/uploads\/2023\/02\/Bouquet-fiesta-.jpg","jetpack_shortlink":"https:\/\/wp.me\/p62QDO-9KC","jetpack_sharing_enabled":true,"amp_enabled":true,"_links":{"self":[{"href":"https:\/\/armstrongyregion.com.ar\/diario\/wp-json\/wp\/v2\/posts\/37486","targetHints":{"allow":["GET"]}}],"collection":[{"href":"https:\/\/armstrongyregion.com.ar\/diario\/wp-json\/wp\/v2\/posts"}],"about":[{"href":"https:\/\/armstrongyregion.com.ar\/diario\/wp-json\/wp\/v2\/types\/post"}],"author":[{"embeddable":true,"href":"https:\/\/armstrongyregion.com.ar\/diario\/wp-json\/wp\/v2\/users\/1"}],"replies":[{"embeddable":true,"href":"https:\/\/armstrongyregion.com.ar\/diario\/wp-json\/wp\/v2\/comments?post=37486"}],"version-history":[{"count":1,"href":"https:\/\/armstrongyregion.com.ar\/diario\/wp-json\/wp\/v2\/posts\/37486\/revisions"}],"predecessor-version":[{"id":37489,"href":"https:\/\/armstrongyregion.com.ar\/diario\/wp-json\/wp\/v2\/posts\/37486\/revisions\/37489"}],"wp:featuredmedia":[{"embeddable":true,"href":"https:\/\/armstrongyregion.com.ar\/diario\/wp-json\/wp\/v2\/media\/37488"}],"wp:attachment":[{"href":"https:\/\/armstrongyregion.com.ar\/diario\/wp-json\/wp\/v2\/media?parent=37486"}],"wp:term":[{"taxonomy":"category","embeddable":true,"href":"https:\/\/armstrongyregion.com.ar\/diario\/wp-json\/wp\/v2\/categories?post=37486"},{"taxonomy":"post_tag","embeddable":true,"href":"https:\/\/armstrongyregion.com.ar\/diario\/wp-json\/wp\/v2\/tags?post=37486"}],"curies":[{"name":"wp","href":"https:\/\/api.w.org\/{rel}","templated":true}]}}