{"id":37450,"date":"2023-02-09T10:38:10","date_gmt":"2023-02-09T10:38:10","guid":{"rendered":"https:\/\/armstrongyregion.com.ar\/diario\/?p=37450"},"modified":"2023-02-10T03:13:14","modified_gmt":"2023-02-10T03:13:14","slug":"claudio-brilloni-asumio-como-nuevo-ministro-de-seguridad-de-la-provincia","status":"publish","type":"post","link":"https:\/\/armstrongyregion.com.ar\/diario\/claudio-brilloni-asumio-como-nuevo-ministro-de-seguridad-de-la-provincia\/","title":{"rendered":"Claudio Brilloni asumi\u00f3 como nuevo ministro de Seguridad de la provincia."},"content":{"rendered":"\n<figure class=\"wp-block-image size-full\"><a href=\"http:\/\/armstrongyregion.com.ar\/diario\/wp-content\/uploads\/2023\/02\/Claudio-Brilloni-.jpg\"><img loading=\"lazy\" decoding=\"async\" width=\"570\" height=\"320\" src=\"http:\/\/armstrongyregion.com.ar\/diario\/wp-content\/uploads\/2023\/02\/Claudio-Brilloni-.jpg\" alt=\"\" class=\"wp-image-37451\" srcset=\"https:\/\/armstrongyregion.com.ar\/diario\/wp-content\/uploads\/2023\/02\/Claudio-Brilloni-.jpg 570w, https:\/\/armstrongyregion.com.ar\/diario\/wp-content\/uploads\/2023\/02\/Claudio-Brilloni--300x168.jpg 300w\" sizes=\"auto, (max-width: 570px) 100vw, 570px\" \/><\/a><\/figure>\n\n\n\n<h2 class=\"wp-block-heading\">El&nbsp;gobernador de la provincia, Omar Perotti, le tom\u00f3 juramento esta noche en Casa de Gobierno. Reemplazar\u00e1 en el cargo a Rub\u00e9n Rimoldi.<\/h2>\n\n\n\n<p>El gobernador Omar Perotti puso en funciones anoche al nuevo ministro de Seguridad de la provincia, Claudio Brilloni, en reemplazo de Rub\u00e9n Rimoldi. El flamante titular de la cartera se ven\u00eda desempe\u00f1ando como secretario de Seguridad P\u00fablica.<\/p>\n\n\n\n<p><br>Brilloni naci\u00f3 en Santa Fe el 20 de noviembre de 1962. Integr\u00f3 la Gendarmer\u00eda Nacional Argentina desde y se retir\u00f3 como Comandante General, en 2020. Adem\u00e1s, prest\u00f3 servicios en distintos elementos de la Fuerza, principalmente ligados a los operativos en frontera con Paraguay y Bolivia. Cuenta con una amplia experiencia en investigaciones judiciales.<\/p>\n\n\n\n<p><br>El nuevo ministro de Seguridad recibi\u00f3 constantes capacitaciones en Institutos de la Fuerza, FBI y otros organismos tanto nacionales como internacionales. Tambi\u00e9n, integr\u00f3 un equipo de Observadores de OEA en M\u00e9xico en el a\u00f1o 2018. Tiene un perfil sumamente operativo, donde destaca el trabajo en equipo y la multiagencialidad para abordar la Seguridad, adem\u00e1s de una gran experiencia y trayectoria en la materia.<\/p>\n\n\n\n<p>En su cargo anterior como secretario de Seguridad P\u00fablica, logr\u00f3 consolidar equipos de trabajo profesionales, una conducci\u00f3n consensuada de las Fuerzas desplegadas en el territorio y fortalecimiento de los v\u00ednculos con la Justicia, tanto provincial como nacional, en pos de lograr un trabajo mancomunado. &nbsp;&nbsp;<\/p>\n","protected":false},"excerpt":{"rendered":"<p>El&nbsp;gobernador de la provincia, Omar Perotti, le tom\u00f3 juramento esta noche en Casa de Gobierno. Reemplazar\u00e1 en el cargo a Rub\u00e9n Rimoldi. El gobernador Omar Perotti puso en funciones anoche al nuevo ministro de Seguridad de la provincia, Claudio Brilloni, en reemplazo de Rub\u00e9n Rimoldi. El flamante titular de la cartera se ven\u00eda desempe\u00f1ando como <a href=\"https:\/\/armstrongyregion.com.ar\/diario\/claudio-brilloni-asumio-como-nuevo-ministro-de-seguridad-de-la-provincia\/\" title=\"Read more\" >&#8230;<\/a><\/p>\n","protected":false},"author":1,"featured_media":37451,"comment_status":"open","ping_status":"open","sticky":false,"template":"","format":"image","meta":{"_jetpack_memberships_contains_paid_content":false,"footnotes":"","jetpack_publicize_message":"","jetpack_publicize_feature_enabled":true,"jetpack_social_post_already_shared":true,"jetpack_social_options":{"image_generator_settings":{"template":"highway","default_image_id":0,"enabled":false},"version":2}},"categories":[8,1,2,2852,7,3],"tags":[8990,8599,19,1189,51,8991],"class_list":["post-37450","post","type-post","status-publish","format-image","has-post-thumbnail","hentry","category-deliberando","category-diario-armstrong","category-locales","category-policiales","category-politica","category-region","tag-brilloni","tag-claudio","tag-de","tag-ministro","tag-nuevo","tag-seguridad-2","post_format-post-format-image"],"jetpack_publicize_connections":[],"jetpack_featured_media_url":"https:\/\/armstrongyregion.com.ar\/diario\/wp-content\/uploads\/2023\/02\/Claudio-Brilloni-.jpg","jetpack_shortlink":"https:\/\/wp.me\/p62QDO-9K2","jetpack_sharing_enabled":true,"amp_enabled":true,"_links":{"self":[{"href":"https:\/\/armstrongyregion.com.ar\/diario\/wp-json\/wp\/v2\/posts\/37450","targetHints":{"allow":["GET"]}}],"collection":[{"href":"https:\/\/armstrongyregion.com.ar\/diario\/wp-json\/wp\/v2\/posts"}],"about":[{"href":"https:\/\/armstrongyregion.com.ar\/diario\/wp-json\/wp\/v2\/types\/post"}],"author":[{"embeddable":true,"href":"https:\/\/armstrongyregion.com.ar\/diario\/wp-json\/wp\/v2\/users\/1"}],"replies":[{"embeddable":true,"href":"https:\/\/armstrongyregion.com.ar\/diario\/wp-json\/wp\/v2\/comments?post=37450"}],"version-history":[{"count":2,"href":"https:\/\/armstrongyregion.com.ar\/diario\/wp-json\/wp\/v2\/posts\/37450\/revisions"}],"predecessor-version":[{"id":37473,"href":"https:\/\/armstrongyregion.com.ar\/diario\/wp-json\/wp\/v2\/posts\/37450\/revisions\/37473"}],"wp:featuredmedia":[{"embeddable":true,"href":"https:\/\/armstrongyregion.com.ar\/diario\/wp-json\/wp\/v2\/media\/37451"}],"wp:attachment":[{"href":"https:\/\/armstrongyregion.com.ar\/diario\/wp-json\/wp\/v2\/media?parent=37450"}],"wp:term":[{"taxonomy":"category","embeddable":true,"href":"https:\/\/armstrongyregion.com.ar\/diario\/wp-json\/wp\/v2\/categories?post=37450"},{"taxonomy":"post_tag","embeddable":true,"href":"https:\/\/armstrongyregion.com.ar\/diario\/wp-json\/wp\/v2\/tags?post=37450"}],"curies":[{"name":"wp","href":"https:\/\/api.w.org\/{rel}","templated":true}]}}