{"id":37435,"date":"2023-02-08T15:46:19","date_gmt":"2023-02-08T15:46:19","guid":{"rendered":"https:\/\/armstrongyregion.com.ar\/diario\/?p=37435"},"modified":"2023-02-09T21:18:46","modified_gmt":"2023-02-09T21:18:46","slug":"armstrong-vivamos-juntos-el-carnaval-2023","status":"publish","type":"post","link":"https:\/\/armstrongyregion.com.ar\/diario\/armstrong-vivamos-juntos-el-carnaval-2023\/","title":{"rendered":"Armstrong. Vivamos Juntos el Carnaval 2023."},"content":{"rendered":"\n<figure class=\"wp-block-image size-full\"><a href=\"http:\/\/armstrongyregion.com.ar\/diario\/wp-content\/uploads\/2023\/02\/carnaval2023.jpg\"><img loading=\"lazy\" decoding=\"async\" width=\"400\" height=\"400\" src=\"http:\/\/armstrongyregion.com.ar\/diario\/wp-content\/uploads\/2023\/02\/carnaval2023.jpg\" alt=\"\" class=\"wp-image-37436\" srcset=\"https:\/\/armstrongyregion.com.ar\/diario\/wp-content\/uploads\/2023\/02\/carnaval2023.jpg 400w, https:\/\/armstrongyregion.com.ar\/diario\/wp-content\/uploads\/2023\/02\/carnaval2023-300x300.jpg 300w, https:\/\/armstrongyregion.com.ar\/diario\/wp-content\/uploads\/2023\/02\/carnaval2023-150x150.jpg 150w\" sizes=\"auto, (max-width: 400px) 100vw, 400px\" \/><\/a><\/figure>\n\n\n\n<p>La&nbsp;Municipalidad de Armstrong invita a ser parte de los festejos de carnaval que se llevar\u00e1n a cabo durante el primer fin de semana largo del a\u00f1o, en distintos espacios y escenarios de toda la ciudad, con mucha alegr\u00eda y m\u00fasica.<\/p>\n\n\n\n<p>La actividad comienza el domingo 19 de febrero con el ya tradicional \u201cBares de mi Ciudad\u201d con una variada gastronom\u00eda y m\u00fasica en vivo, estar\u00e1n esper\u00e1ndolos Rolling Bar, Mondo Di Cromo, La Romana, Beerlin Birras and Food, y Modo Birra.<\/p>\n\n\n\n<p>Lunes 20 desde las 20:30 hs., noche de carnaval en Plaza San Mart\u00edn, la presentaci\u00f3n del Grupo Fondo Blanco Ska Band trayendo covers del rock nacional al estilo de Los Fabulosos Cadillacs y Los Aut\u00e9nticos Decadentes, entre otros, cumbia cruzada con \u201cCumbia, Pasi\u00f3n y Confianza\u201d con la direcci\u00f3n de Viviana Ponce y Diego Pellegrino, la renombrada y exitosa comparsa Maring\u00e1 con todo el color y el ritmo, y el cierre a todo baile con el conjunto local \u201cQ\u00b4Man\u00eda\u201d.<\/p>\n\n\n\n<p>Habr\u00e1 servicio de buffet atendido por integrantes de Club Norte, y La Cocina de Su con alimentos sin tacc, libre de gluten.<\/p>\n\n\n\n<p>El martes 21, nos trasladamos al parque recreativo Bracito Fuerte para esperar a todas las familias armstronenses y compartir un pic nic, desde las 20 hs.<\/p>\n\n\n\n<p>El p\u00fablico podr\u00e1 llevar sus reposeras, mates y conservadoras. Tambi\u00e9n habr\u00e1 servicio de buffet a cargo del Grupo de Danzas Folcl\u00f3ricas Argentinas \u201cFrancisco Maldonado\u201d, y la presencia de integrantes de la Feria Sabores y Colores Locales. M\u00fasica con DJ Gamal, y el grupo de cumbia cruzada \u201cSimplemente por Bailar\u201d, con integrantes de Ca\u00f1ada de G\u00f3mez, Las Parejas y Armstrong.<\/p>\n\n\n\n<p><\/p>\n","protected":false},"excerpt":{"rendered":"<p>La&nbsp;Municipalidad de Armstrong invita a ser parte de los festejos de carnaval que se llevar\u00e1n a cabo durante el primer fin de semana largo del a\u00f1o, en distintos espacios y escenarios de toda la ciudad, con mucha alegr\u00eda y m\u00fasica. La actividad comienza el domingo 19 de febrero con el ya tradicional \u201cBares de mi <a href=\"https:\/\/armstrongyregion.com.ar\/diario\/armstrong-vivamos-juntos-el-carnaval-2023\/\" title=\"Read more\" >&#8230;<\/a><\/p>\n","protected":false},"author":1,"featured_media":37436,"comment_status":"open","ping_status":"open","sticky":false,"template":"","format":"image","meta":{"_jetpack_memberships_contains_paid_content":false,"footnotes":"","jetpack_publicize_message":"","jetpack_publicize_feature_enabled":true,"jetpack_social_post_already_shared":true,"jetpack_social_options":{"image_generator_settings":{"template":"highway","default_image_id":0,"enabled":false},"version":2}},"categories":[8,1,2,7,3],"tags":[8751,20,8983,16,8981],"class_list":["post-37435","post","type-post","status-publish","format-image","has-post-thumbnail","hentry","category-deliberando","category-diario-armstrong","category-locales","category-politica","category-region","tag-8751","tag-armstrong","tag-carnaval-2","tag-el","tag-vivamos","post_format-post-format-image"],"jetpack_publicize_connections":[],"jetpack_featured_media_url":"https:\/\/armstrongyregion.com.ar\/diario\/wp-content\/uploads\/2023\/02\/carnaval2023.jpg","jetpack_shortlink":"https:\/\/wp.me\/p62QDO-9JN","jetpack_sharing_enabled":true,"amp_enabled":true,"_links":{"self":[{"href":"https:\/\/armstrongyregion.com.ar\/diario\/wp-json\/wp\/v2\/posts\/37435","targetHints":{"allow":["GET"]}}],"collection":[{"href":"https:\/\/armstrongyregion.com.ar\/diario\/wp-json\/wp\/v2\/posts"}],"about":[{"href":"https:\/\/armstrongyregion.com.ar\/diario\/wp-json\/wp\/v2\/types\/post"}],"author":[{"embeddable":true,"href":"https:\/\/armstrongyregion.com.ar\/diario\/wp-json\/wp\/v2\/users\/1"}],"replies":[{"embeddable":true,"href":"https:\/\/armstrongyregion.com.ar\/diario\/wp-json\/wp\/v2\/comments?post=37435"}],"version-history":[{"count":2,"href":"https:\/\/armstrongyregion.com.ar\/diario\/wp-json\/wp\/v2\/posts\/37435\/revisions"}],"predecessor-version":[{"id":37457,"href":"https:\/\/armstrongyregion.com.ar\/diario\/wp-json\/wp\/v2\/posts\/37435\/revisions\/37457"}],"wp:featuredmedia":[{"embeddable":true,"href":"https:\/\/armstrongyregion.com.ar\/diario\/wp-json\/wp\/v2\/media\/37436"}],"wp:attachment":[{"href":"https:\/\/armstrongyregion.com.ar\/diario\/wp-json\/wp\/v2\/media?parent=37435"}],"wp:term":[{"taxonomy":"category","embeddable":true,"href":"https:\/\/armstrongyregion.com.ar\/diario\/wp-json\/wp\/v2\/categories?post=37435"},{"taxonomy":"post_tag","embeddable":true,"href":"https:\/\/armstrongyregion.com.ar\/diario\/wp-json\/wp\/v2\/tags?post=37435"}],"curies":[{"name":"wp","href":"https:\/\/api.w.org\/{rel}","templated":true}]}}