{"id":3743,"date":"2015-08-25T11:45:59","date_gmt":"2015-08-25T11:45:59","guid":{"rendered":"https:\/\/armstrongyregion.com.ar\/diario\/?p=3743"},"modified":"2015-08-25T11:45:59","modified_gmt":"2015-08-25T11:45:59","slug":"este-martes-en-deliberando-villa-eloisa-nuevo-presidente-situacion-del-pj-y-las-pymes","status":"publish","type":"post","link":"https:\/\/armstrongyregion.com.ar\/diario\/este-martes-en-deliberando-villa-eloisa-nuevo-presidente-situacion-del-pj-y-las-pymes\/","title":{"rendered":"Este martes en DELIBERANDO, Villa Elo\u00edsa nuevo presidente, situaci\u00f3n del PJ y las PyMES."},"content":{"rendered":"<p><a href=\"http:\/\/armstrongyregion.com.ar\/diario\/wp-content\/uploads\/2015\/08\/DSC_0283.jpg\"><img loading=\"lazy\" decoding=\"async\" class=\"alignnone size-medium wp-image-3744\" src=\"http:\/\/armstrongyregion.com.ar\/diario\/wp-content\/uploads\/2015\/08\/DSC_0283-300x200.jpg\" alt=\"Mauricio-Tartaglini-\" width=\"300\" height=\"200\" srcset=\"https:\/\/armstrongyregion.com.ar\/diario\/wp-content\/uploads\/2015\/08\/DSC_0283-300x200.jpg 300w, https:\/\/armstrongyregion.com.ar\/diario\/wp-content\/uploads\/2015\/08\/DSC_0283-1024x683.jpg 1024w\" sizes=\"auto, (max-width: 300px) 100vw, 300px\" \/><\/a>Tras veinte a\u00f1os de presidencia comunal del mismo jefe pol\u00edtico, la ciudadan\u00eda de esa localidad vot\u00f3 un cambio y eligi\u00f3 a Mauricio Tartaglini, del FpV, quien fundamenta porque llego al cargo y que pretende hacer en esa comunidad para que se integre mas a la regi\u00f3n y las mejoras que necesita.<\/p>\n<p>Rub\u00e9n Montaponi, referente justicialista de Armstrong, hizo un repaso de la conducta del electorado en las \u00faltimas elecciones y como vislumbra el futuro a nivel provincial con la presencia de Omar Perotti como vig\u00eda para aglutinar al peronismo.<\/p>\n<p>La muestra PyME Las Parejas 2015, est\u00e1 en plena organizaci\u00f3n sumando cada vez m\u00e1s acciones en pos de mejorar los contactos de empresas e industrias de la regi\u00f3n en base a ronda de negocios, presencia internacionales y nuevos entes nacionales que desarrollen la industria regional y diversifiquen la producci\u00f3n. El secretario de desarrollo industrial del municipio de Las Parejas, da los detalles.<\/p>\n<p>Este martes a las 21hs todos estos temas ser\u00e1n ampliado en la edici\u00f3n de DELIBERANDO, con la conducci\u00f3n de la licenciada Graciela de la Casa y Oscar Crispino.<\/p>\n","protected":false},"excerpt":{"rendered":"<p>Tras veinte a\u00f1os de presidencia comunal del mismo jefe pol\u00edtico, la ciudadan\u00eda de esa localidad vot\u00f3 un cambio y eligi\u00f3 a Mauricio Tartaglini, del FpV, quien fundamenta porque llego al cargo y que pretende hacer en esa comunidad para que se integre mas a la regi\u00f3n y las mejoras que necesita. Rub\u00e9n Montaponi, referente justicialista <a href=\"https:\/\/armstrongyregion.com.ar\/diario\/este-martes-en-deliberando-villa-eloisa-nuevo-presidente-situacion-del-pj-y-las-pymes\/\" title=\"Read more\" >&#8230;<\/a><\/p>\n","protected":false},"author":2,"featured_media":3744,"comment_status":"open","ping_status":"open","sticky":false,"template":"","format":"standard","meta":{"_jetpack_memberships_contains_paid_content":false,"footnotes":"","jetpack_publicize_message":"","jetpack_publicize_feature_enabled":true,"jetpack_social_post_already_shared":false,"jetpack_social_options":{"image_generator_settings":{"template":"highway","default_image_id":0,"enabled":false},"version":2}},"categories":[8,1,2,3],"tags":[53,44,1263,15,162,23,327,51,2587,1750,2588,1049,321,13],"class_list":["post-3743","post","type-post","status-publish","format-standard","has-post-thumbnail","hentry","category-deliberando","category-diario-armstrong","category-locales","category-region","tag-del","tag-deliberando-2","tag-eloisa","tag-en","tag-este","tag-las","tag-martes","tag-nuevo","tag-pj","tag-presidente","tag-pymes","tag-situacion","tag-villa","tag-y"],"jetpack_publicize_connections":[],"jetpack_featured_media_url":"https:\/\/armstrongyregion.com.ar\/diario\/wp-content\/uploads\/2015\/08\/DSC_0283.jpg","jetpack_shortlink":"https:\/\/wp.me\/p62QDO-Yn","jetpack_sharing_enabled":true,"amp_enabled":true,"_links":{"self":[{"href":"https:\/\/armstrongyregion.com.ar\/diario\/wp-json\/wp\/v2\/posts\/3743","targetHints":{"allow":["GET"]}}],"collection":[{"href":"https:\/\/armstrongyregion.com.ar\/diario\/wp-json\/wp\/v2\/posts"}],"about":[{"href":"https:\/\/armstrongyregion.com.ar\/diario\/wp-json\/wp\/v2\/types\/post"}],"author":[{"embeddable":true,"href":"https:\/\/armstrongyregion.com.ar\/diario\/wp-json\/wp\/v2\/users\/2"}],"replies":[{"embeddable":true,"href":"https:\/\/armstrongyregion.com.ar\/diario\/wp-json\/wp\/v2\/comments?post=3743"}],"version-history":[{"count":0,"href":"https:\/\/armstrongyregion.com.ar\/diario\/wp-json\/wp\/v2\/posts\/3743\/revisions"}],"wp:featuredmedia":[{"embeddable":true,"href":"https:\/\/armstrongyregion.com.ar\/diario\/wp-json\/wp\/v2\/media\/3744"}],"wp:attachment":[{"href":"https:\/\/armstrongyregion.com.ar\/diario\/wp-json\/wp\/v2\/media?parent=3743"}],"wp:term":[{"taxonomy":"category","embeddable":true,"href":"https:\/\/armstrongyregion.com.ar\/diario\/wp-json\/wp\/v2\/categories?post=3743"},{"taxonomy":"post_tag","embeddable":true,"href":"https:\/\/armstrongyregion.com.ar\/diario\/wp-json\/wp\/v2\/tags?post=3743"}],"curies":[{"name":"wp","href":"https:\/\/api.w.org\/{rel}","templated":true}]}}