{"id":374,"date":"2015-01-09T16:27:07","date_gmt":"2015-01-09T16:27:07","guid":{"rendered":"https:\/\/armstrongyregion.com.ar\/diario\/?p=374"},"modified":"2015-01-09T16:27:07","modified_gmt":"2015-01-09T16:27:07","slug":"con-una-unidad-basica-colmada-se-sello-la-unidad-del-peronismo-parejense","status":"publish","type":"post","link":"https:\/\/armstrongyregion.com.ar\/diario\/con-una-unidad-basica-colmada-se-sello-la-unidad-del-peronismo-parejense\/","title":{"rendered":"Con una Unidad B\u00e1sica colmada, se sell\u00f3 la unidad del Peronismo Parejense."},"content":{"rendered":"<p><a href=\"http:\/\/armstrongyregion.com.ar\/diario\/wp-content\/uploads\/2015\/01\/DSC06643.jpg\"><img loading=\"lazy\" decoding=\"async\" class=\"alignnone size-medium wp-image-375\" src=\"http:\/\/armstrongyregion.com.ar\/diario\/wp-content\/uploads\/2015\/01\/DSC06643-300x168.jpg\" alt=\"Unidad parejense\" width=\"300\" height=\"168\" srcset=\"https:\/\/armstrongyregion.com.ar\/diario\/wp-content\/uploads\/2015\/01\/DSC06643-300x168.jpg 300w, https:\/\/armstrongyregion.com.ar\/diario\/wp-content\/uploads\/2015\/01\/DSC06643.jpg 533w\" sizes=\"auto, (max-width: 300px) 100vw, 300px\" \/><\/a>En una noche que ya quedar\u00e1 por siempre en la historia del peronismo local, y ante una concurrencia que colmo la Unidad B\u00e1sica Eva Per\u00f3n de Las Parejas, tras 26 a\u00f1os se sell\u00f3 la unidad de todo el peronismo parejense. Para simbolizar esta uni\u00f3n, y en reconocimiento a quienes fueron los hombres m\u00e1s importantes en la historia pol\u00edtica de nuestra ciudad y del Peronismo, se descubri\u00f3 una placa en homenaje a Angel \u201cTola\u201d Marconatto y Heraldo \u201cBocha\u201d Mansilla que ser\u00e1 emplazada dentro de la Unidad B\u00e1sica.<br \/>\nEl acto cont\u00f3 con las palabras de bienvenida de la Secretaria de la Unidad B\u00e1sica, Elvira Cardoso, para luego escuchar a Claudio Luccietti, Cintia Marconatto y al intendente y conductor de movimiento en nuestra ciudad Diego Martin Mansilla.<br \/>\nClaudio Luccietti exhibi\u00f3 ante la concurrencia un carnet de afiliado justicialista de la d\u00e9cada del 50\u2019 que perteneci\u00f3 a su padre, todo un s\u00edmbolo de la militancia de aquella \u00e9poca. Por su parte Cintia Marconatto record\u00f3 a la figura de su padre Tola, y lo que implico su paso por el Partido y por el gobierno local.<br \/>\nFinalizando los discursos tuvo la palabra el intendente Diego Mansilla, quien adem\u00e1s de recordar a su padre Bocha y destacar lo feliz que seguramente deb\u00eda sentirse con este hist\u00f3rico momento, aprovecho la oportunidad para destacar todo lo logrado en estos \u00faltimos a\u00f1os en el gobierno local y la importancia de que todo el Partido este unido para poder seguir adelante con el proyecto tanto a nivel local como tambi\u00e9n en vistas a las pr\u00f3ximas elecciones de este a\u00f1o poner todas las energ\u00edas para recuperar la provincia de Santa Fe con un nuevo gobierno justicialista y continuar en el gobierno nacional con el camino marcado en la \u00faltima d\u00e9cada por N\u00e9stor y Cristina Kirchner.-<\/p>\n<p>Adem\u00e1s indico \u201cConvencidos del momento hist\u00f3rico que est\u00e1 viviendo nuestra ciudad, de que un mejor futuro nos espera, sabiendo que los proyectos colectivos son los que trascienden y que los mismos est\u00e1n por encima de las cuestiones personales, ayer concretamos un hecho hist\u00f3rico: despu\u00e9s de 26 a\u00f1os el Peronismo parejense vuelve a unirse para seguir por el camino emprendido hace a\u00f1os, que es transformar la ciudad d\u00eda a d\u00eda mejorando la calidad de vida de nuestros vecinos.<br \/>\nUna enorme alegr\u00eda tambi\u00e9n ver a tantos vecinos extrapartidarios que se acercaron. Nuevamente convocamos a TODOS LOS PAREJENSES que tienen puesta la camiseta de la ciudad, a seguir acompa\u00f1ando este proyecto de gobierno que cambio para siempre a Las. Desde que empezamos a charlar sobre esta posibilidad, jamas se hablo de candidaturas ni de nombre. Los que nos une es un profundo amor por nuestra ciudad y el convencimiento de que este es el proyecto politico que dia a dia va a seguir mejorando la calidad de vida a nuestros vecinos\u00bb.<\/p>\n","protected":false},"excerpt":{"rendered":"<p>En una noche que ya quedar\u00e1 por siempre en la historia del peronismo local, y ante una concurrencia que colmo la Unidad B\u00e1sica Eva Per\u00f3n de Las Parejas, tras 26 a\u00f1os se sell\u00f3 la unidad de todo el peronismo parejense. Para simbolizar esta uni\u00f3n, y en reconocimiento a quienes fueron los hombres m\u00e1s importantes en <a href=\"https:\/\/armstrongyregion.com.ar\/diario\/con-una-unidad-basica-colmada-se-sello-la-unidad-del-peronismo-parejense\/\" title=\"Read more\" >&#8230;<\/a><\/p>\n","protected":false},"author":2,"featured_media":375,"comment_status":"open","ping_status":"open","sticky":false,"template":"","format":"standard","meta":{"_jetpack_memberships_contains_paid_content":false,"footnotes":"","jetpack_publicize_message":"","jetpack_publicize_feature_enabled":true,"jetpack_social_post_already_shared":false,"jetpack_social_options":{"image_generator_settings":{"template":"highway","default_image_id":0,"enabled":false},"version":2}},"categories":[1,7,3],"tags":[363,364,100,53,31,367,366,86,365,103,202],"class_list":["post-374","post","type-post","status-publish","format-standard","has-post-thumbnail","hentry","category-diario-armstrong","category-politica","category-region","tag-basica","tag-colmada","tag-con","tag-del","tag-la","tag-parejense","tag-peronismo","tag-se","tag-sello","tag-una","tag-unidad"],"jetpack_publicize_connections":[],"jetpack_featured_media_url":"https:\/\/armstrongyregion.com.ar\/diario\/wp-content\/uploads\/2015\/01\/DSC06643.jpg","jetpack_shortlink":"https:\/\/wp.me\/p62QDO-62","jetpack_sharing_enabled":true,"amp_enabled":true,"_links":{"self":[{"href":"https:\/\/armstrongyregion.com.ar\/diario\/wp-json\/wp\/v2\/posts\/374","targetHints":{"allow":["GET"]}}],"collection":[{"href":"https:\/\/armstrongyregion.com.ar\/diario\/wp-json\/wp\/v2\/posts"}],"about":[{"href":"https:\/\/armstrongyregion.com.ar\/diario\/wp-json\/wp\/v2\/types\/post"}],"author":[{"embeddable":true,"href":"https:\/\/armstrongyregion.com.ar\/diario\/wp-json\/wp\/v2\/users\/2"}],"replies":[{"embeddable":true,"href":"https:\/\/armstrongyregion.com.ar\/diario\/wp-json\/wp\/v2\/comments?post=374"}],"version-history":[{"count":0,"href":"https:\/\/armstrongyregion.com.ar\/diario\/wp-json\/wp\/v2\/posts\/374\/revisions"}],"wp:featuredmedia":[{"embeddable":true,"href":"https:\/\/armstrongyregion.com.ar\/diario\/wp-json\/wp\/v2\/media\/375"}],"wp:attachment":[{"href":"https:\/\/armstrongyregion.com.ar\/diario\/wp-json\/wp\/v2\/media?parent=374"}],"wp:term":[{"taxonomy":"category","embeddable":true,"href":"https:\/\/armstrongyregion.com.ar\/diario\/wp-json\/wp\/v2\/categories?post=374"},{"taxonomy":"post_tag","embeddable":true,"href":"https:\/\/armstrongyregion.com.ar\/diario\/wp-json\/wp\/v2\/tags?post=374"}],"curies":[{"name":"wp","href":"https:\/\/api.w.org\/{rel}","templated":true}]}}