{"id":37397,"date":"2023-02-07T19:29:53","date_gmt":"2023-02-07T19:29:53","guid":{"rendered":"https:\/\/armstrongyregion.com.ar\/diario\/?p=37397"},"modified":"2023-02-07T19:29:58","modified_gmt":"2023-02-07T19:29:58","slug":"perotti-se-reunio-con-representantes-de-entidades-agropecuarias-de-la-provincia","status":"publish","type":"post","link":"https:\/\/armstrongyregion.com.ar\/diario\/perotti-se-reunio-con-representantes-de-entidades-agropecuarias-de-la-provincia\/","title":{"rendered":"Perotti se reuni\u00f3 con representantes de entidades agropecuarias de la provincia."},"content":{"rendered":"\n<figure class=\"wp-block-image size-full\"><a href=\"http:\/\/armstrongyregion.com.ar\/diario\/wp-content\/uploads\/2023\/02\/perotti-emergencia-agrop-.jpg\"><img loading=\"lazy\" decoding=\"async\" width=\"642\" height=\"361\" src=\"http:\/\/armstrongyregion.com.ar\/diario\/wp-content\/uploads\/2023\/02\/perotti-emergencia-agrop-.jpg\" alt=\"\" class=\"wp-image-37398\" srcset=\"https:\/\/armstrongyregion.com.ar\/diario\/wp-content\/uploads\/2023\/02\/perotti-emergencia-agrop-.jpg 642w, https:\/\/armstrongyregion.com.ar\/diario\/wp-content\/uploads\/2023\/02\/perotti-emergencia-agrop--300x169.jpg 300w\" sizes=\"auto, (max-width: 642px) 100vw, 642px\" \/><\/a><\/figure>\n\n\n\n<h2 class=\"wp-block-heading\">Se hizo un balance de la situaci\u00f3n tras las medidas dispuestas por Provincia y Naci\u00f3n. Tambi\u00e9n se analiz\u00f3 la posibilidad de llegar a mas productores afectados y de mayor celeridad en los tr\u00e1mites para acceder a las ayudas econ\u00f3micas y financieras.<\/h2>\n\n\n\n<p>El gobernador Omar Perotti mantuvo este martes un encuentro con representantes de entidades agropecuarias con los que analiz\u00f3 la situaci\u00f3n en el marco de la Emergencia Agropecuaria por la sequ\u00eda, y las herramientas dispuestas por la Provincia y Naci\u00f3n destinadas a los productores.<\/p>\n\n\n\n<p>La reuni\u00f3n se desarroll\u00f3 en el sal\u00f3n Protocolar de Casa de Gobierno, en la ciudad de Santa Fe, y de la misma participaron tambi\u00e9n los secretarios de Agroalimentos, Mar\u00eda Eugenia Carrizo; de Desarrollo Territorial y Arraigo, Fabricio Medina; y de Administraci\u00f3n del Ministerio de la Producci\u00f3n, Melina Gavatorta; y el director provincial de Producci\u00f3n Pecuaria y Av\u00edcola, Pablo Fiore.<\/p>\n\n\n\n<p>En representaci\u00f3n de las entidades agropecuaria estuvieron Sara Gardiol e Ignacio M\u00e1ntaras, de la Confederaci\u00f3n de Asociaciones Rurales de Santa Fe (Carsfe); Mauricio Zanutigh, de la Sociedad Rural de San Justo; Marcelo Banchi, de Federaci\u00f3n Agraria Argentina (FAA); y Adalberto Saperdi, de la Confederaci\u00f3n Intercooperativa Agropecuaria Limitada (Coninagro).<\/p>\n\n\n\n<p>Al t\u00e9rmino del encuentro, Mar\u00eda Eugenia Carrizo manifest\u00f3 que \u201cparticipamos de una reuni\u00f3n convocada por el gobernador con las entidades que nuclean al sector productivo de la provincia. Hemos tenido una mesa de trabajo muy positiva donde nosotros pudimos expresar toda la asistencia que est\u00e1 llevando adelante el Ministerio de la Producci\u00f3n en este contexto de sequ\u00eda y de altas temperaturas que est\u00e1 atravesando el sector productivo\u201d.&nbsp;<\/p>\n\n\n\n<p>La secretaria de Agroalimentos agreg\u00f3 que \u201choy con las entidades elaboramos y definimos c\u00f3mo vamos a gestionar de ahora en mas todas las asistencias financieras y econ\u00f3micas para poder alcanzar a la mayor cantidad posible de productores, y diagramar con ellos c\u00f3mo generar este esquema de asistencia\u201d.<\/p>\n\n\n\n<p>Asimismo, Carrizo inst\u00f3 a la \u201caprobaci\u00f3n de la nueva ley de Emergencia Agropecuaria que el Poder Ejecutivo elev\u00f3 a la C\u00e1mara de Senadores y que ya tiene media sanci\u00f3n. Es muy importante contar con esta nueva ley que nos permitir\u00eda tener un abordaje distinto en esta situaci\u00f3n, poder trabajar en la prevenci\u00f3n de los riesgos, pensando a largo plazo, y para poder acompa\u00f1ar a los productores afectados con herramientas r\u00e1pidas y con un fondo propio\u201d.<\/p>\n\n\n\n<p><strong>LLEGAR A MAS PRODUCTORES AFECTADOS<\/strong><\/p>\n\n\n\n<p>Ignacio M\u00e1ntaras manifest\u00f3 tras la reuni\u00f3n que \u201canalizamos la situaci\u00f3n de la sequ\u00eda en las \u00faltimas semanas y sobre todo despu\u00e9s de las \u00faltimas gestiones que se hicieron ante Naci\u00f3n y el paquete de ayuda que anunci\u00f3 el Ministro (de Econom\u00eda de la Naci\u00f3n) Sergio Massa, y evaluamos a nivel provincial lo que se ha implementado y lo que se puede implementar\u201d. Asimismo, el dirigente de Carsfe adelant\u00f3 que \u201cvamos a volver a reunirnos para ajustar ayudas complementarias, que sean eficientes y que lleguen a los productores mas necesitados\u201d.<\/p>\n\n\n\n<p>En ese sentido se manifest\u00f3 Adalberto Saperdi (Coninagro), quien remarc\u00f3 que \u201cse trabaj\u00f3 en el avance de las solicitudes de emergencia y de desastre para los productores, y darle mayor impulso para que llegue a toda la zona, sobre todo en algunos sectores en los que, por resistencia o descreimiento, no hicieron las presentaciones para acceder a estas ayudas\u201d.<\/p>\n\n\n\n<p>Mientras, Marcelo Banchi (FAA) agreg\u00f3 que en el encuentro \u201ctransmitimos que las soluciones debemos encontrarlas en profundidad. Hay una gran necesidad de los productores, sobre todo en los mas peque\u00f1os y los medianos, que tienen una urgencia por cuestiones econ\u00f3micas por la sequ\u00eda. Estas ayudas tienen que ser r\u00e1pidas, en un corto plazo, y con menos burocracia\u201d.<\/p>\n\n\n\n<p>Finalmente, Mauricio Zanutigh (Sociedad Rural de San Justo) expres\u00f3 que, tras analizar la situaci\u00f3n, se volver\u00e1 a \u201ctrasladar a los productores las herramientas que hoy tienen disponibles\u201d, y destac\u00f3 que \u201cel trabajo conjunto con provincia es importante, tenemos que seguir haci\u00e9ndolo, tenemos recursos, pero por la magnitud de la sequ\u00eda que tenemos estamos trabajando para ampliar esos beneficios\u201d.<\/p>\n","protected":false},"excerpt":{"rendered":"<p>Se hizo un balance de la situaci\u00f3n tras las medidas dispuestas por Provincia y Naci\u00f3n. Tambi\u00e9n se analiz\u00f3 la posibilidad de llegar a mas productores afectados y de mayor celeridad en los tr\u00e1mites para acceder a las ayudas econ\u00f3micas y financieras. El gobernador Omar Perotti mantuvo este martes un encuentro con representantes de entidades agropecuarias <a href=\"https:\/\/armstrongyregion.com.ar\/diario\/perotti-se-reunio-con-representantes-de-entidades-agropecuarias-de-la-provincia\/\" title=\"Read more\" >&#8230;<\/a><\/p>\n","protected":false},"author":1,"featured_media":37398,"comment_status":"open","ping_status":"open","sticky":false,"template":"","format":"image","meta":{"_jetpack_memberships_contains_paid_content":false,"footnotes":"","jetpack_publicize_message":"","jetpack_publicize_feature_enabled":true,"jetpack_social_post_already_shared":true,"jetpack_social_options":{"image_generator_settings":{"template":"highway","default_image_id":0,"enabled":false},"version":2}},"categories":[6,8,1,2,7,3],"tags":[8972,100,19,935,1409,859,343,86],"class_list":["post-37397","post","type-post","status-publish","format-image","has-post-thumbnail","hentry","category-cultura-entretenimiento","category-deliberando","category-diario-armstrong","category-locales","category-politica","category-region","tag-agropecuarias","tag-con","tag-de","tag-entidades","tag-perotti","tag-representantes","tag-reunio","tag-se","post_format-post-format-image"],"jetpack_publicize_connections":[],"jetpack_featured_media_url":"https:\/\/armstrongyregion.com.ar\/diario\/wp-content\/uploads\/2023\/02\/perotti-emergencia-agrop-.jpg","jetpack_shortlink":"https:\/\/wp.me\/p62QDO-9Jb","jetpack_sharing_enabled":true,"amp_enabled":true,"_links":{"self":[{"href":"https:\/\/armstrongyregion.com.ar\/diario\/wp-json\/wp\/v2\/posts\/37397","targetHints":{"allow":["GET"]}}],"collection":[{"href":"https:\/\/armstrongyregion.com.ar\/diario\/wp-json\/wp\/v2\/posts"}],"about":[{"href":"https:\/\/armstrongyregion.com.ar\/diario\/wp-json\/wp\/v2\/types\/post"}],"author":[{"embeddable":true,"href":"https:\/\/armstrongyregion.com.ar\/diario\/wp-json\/wp\/v2\/users\/1"}],"replies":[{"embeddable":true,"href":"https:\/\/armstrongyregion.com.ar\/diario\/wp-json\/wp\/v2\/comments?post=37397"}],"version-history":[{"count":1,"href":"https:\/\/armstrongyregion.com.ar\/diario\/wp-json\/wp\/v2\/posts\/37397\/revisions"}],"predecessor-version":[{"id":37399,"href":"https:\/\/armstrongyregion.com.ar\/diario\/wp-json\/wp\/v2\/posts\/37397\/revisions\/37399"}],"wp:featuredmedia":[{"embeddable":true,"href":"https:\/\/armstrongyregion.com.ar\/diario\/wp-json\/wp\/v2\/media\/37398"}],"wp:attachment":[{"href":"https:\/\/armstrongyregion.com.ar\/diario\/wp-json\/wp\/v2\/media?parent=37397"}],"wp:term":[{"taxonomy":"category","embeddable":true,"href":"https:\/\/armstrongyregion.com.ar\/diario\/wp-json\/wp\/v2\/categories?post=37397"},{"taxonomy":"post_tag","embeddable":true,"href":"https:\/\/armstrongyregion.com.ar\/diario\/wp-json\/wp\/v2\/tags?post=37397"}],"curies":[{"name":"wp","href":"https:\/\/api.w.org\/{rel}","templated":true}]}}