{"id":37391,"date":"2023-02-07T16:01:37","date_gmt":"2023-02-07T16:01:37","guid":{"rendered":"https:\/\/armstrongyregion.com.ar\/diario\/?p=37391"},"modified":"2023-02-07T16:01:42","modified_gmt":"2023-02-07T16:01:42","slug":"fanny-giordano-46-anos-del-asesinato-de-la-docente-canadense","status":"publish","type":"post","link":"https:\/\/armstrongyregion.com.ar\/diario\/fanny-giordano-46-anos-del-asesinato-de-la-docente-canadense\/","title":{"rendered":"Fanny Giordano. 46 a\u00f1os del asesinato de la docente ca\u00f1adense."},"content":{"rendered":"\n<figure class=\"wp-block-image size-full\"><a href=\"http:\/\/armstrongyregion.com.ar\/diario\/wp-content\/uploads\/2023\/02\/Fanny-Giordano-7-2-23-.jpg\"><img loading=\"lazy\" decoding=\"async\" width=\"343\" height=\"472\" src=\"http:\/\/armstrongyregion.com.ar\/diario\/wp-content\/uploads\/2023\/02\/Fanny-Giordano-7-2-23-.jpg\" alt=\"\" class=\"wp-image-37392\" srcset=\"https:\/\/armstrongyregion.com.ar\/diario\/wp-content\/uploads\/2023\/02\/Fanny-Giordano-7-2-23-.jpg 343w, https:\/\/armstrongyregion.com.ar\/diario\/wp-content\/uploads\/2023\/02\/Fanny-Giordano-7-2-23--218x300.jpg 218w\" sizes=\"auto, (max-width: 343px) 100vw, 343px\" \/><\/a><\/figure>\n\n\n\n<p>Un d\u00eda 8, pero de 1977 el r\u00e9gimen Genocida sufrido en nuestro pa\u00eds sustrajo, entre miles de otras, la vida de una docente de nuestra localidad, aquella madrugada del 8 de febrero las fuerzas la sacaron de forma abrupta, de su domicilio, la fusilaron con m\u00e1s de cincuenta balazos y la arrojaron en una banquina cercana al cementerio de Armstrong.<\/p>\n\n\n\n<p>Fanny Giordano hab\u00eda quedado cesante en los cargos que pose\u00eda, en diciembre del a\u00f1o anterior, debido a su concepci\u00f3n de la educaci\u00f3n inspirado en el pensamiento socialista latinoamericano, admiradora de Salvador Allende y sus reformas educativas.<\/p>\n\n\n\n<p>Sin tener participaci\u00f3n gremial, ni pol\u00edtica (motivos generales a la hora de \u2013arrestar por averiguaci\u00f3n de antecedentes-) fue elegida por la -grav\u00edsima conducta- de indignarse y reaccionar ante las injusticias que provocaba la exclusi\u00f3n y la desigualdad en la educaci\u00f3n.<\/p>\n\n\n\n<p>Hoy en la evocaci\u00f3n de los 46 a\u00f1os de este acto de violencia irracional, il\u00edcita e injustificable, queremos recordarte y homenajear tu nombre. Y que cada ca\u00f1adense tenga presente tu imagen y la de todos aquellos que padecieron hechos aberrantes de esta magnitud.<\/p>\n\n\n\n<p>\u00a1Ni olvido ni perd\u00f3n! \u00a1Fanny Giordano presente ahora y siempre!<\/p>\n\n\n\n<p>Asociaci\u00f3n de Derechos Humanos CDG<\/p>\n\n\n\n<p>La pintura de Fanny es del artista y militante por los DDHH<\/p>\n\n\n\n<p>Brian Carlson<\/p>\n\n\n\n<p><\/p>\n","protected":false},"excerpt":{"rendered":"<p>Un d\u00eda 8, pero de 1977 el r\u00e9gimen Genocida sufrido en nuestro pa\u00eds sustrajo, entre miles de otras, la vida de una docente de nuestra localidad, aquella madrugada del 8 de febrero las fuerzas la sacaron de forma abrupta, de su domicilio, la fusilaron con m\u00e1s de cincuenta balazos y la arrojaron en una banquina <a href=\"https:\/\/armstrongyregion.com.ar\/diario\/fanny-giordano-46-anos-del-asesinato-de-la-docente-canadense\/\" title=\"Read more\" >&#8230;<\/a><\/p>\n","protected":false},"author":1,"featured_media":37392,"comment_status":"open","ping_status":"open","sticky":false,"template":"","format":"image","meta":{"_jetpack_memberships_contains_paid_content":false,"footnotes":"","jetpack_publicize_message":"","jetpack_publicize_feature_enabled":true,"jetpack_social_post_already_shared":true,"jetpack_social_options":{"image_generator_settings":{"template":"highway","default_image_id":0,"enabled":false},"version":2}},"categories":[6,8,1,2,7,3],"tags":[197,8886,8488,19,53,8969,8966,8967,31],"class_list":["post-37391","post","type-post","status-publish","format-image","has-post-thumbnail","hentry","category-cultura-entretenimiento","category-deliberando","category-diario-armstrong","category-locales","category-politica","category-region","tag-anos","tag-asesinato","tag-canadense-2","tag-de","tag-del","tag-docente-2","tag-fanny","tag-giordano","tag-la","post_format-post-format-image"],"jetpack_publicize_connections":[],"jetpack_featured_media_url":"https:\/\/armstrongyregion.com.ar\/diario\/wp-content\/uploads\/2023\/02\/Fanny-Giordano-7-2-23-.jpg","jetpack_shortlink":"https:\/\/wp.me\/p62QDO-9J5","jetpack_sharing_enabled":true,"amp_enabled":true,"_links":{"self":[{"href":"https:\/\/armstrongyregion.com.ar\/diario\/wp-json\/wp\/v2\/posts\/37391","targetHints":{"allow":["GET"]}}],"collection":[{"href":"https:\/\/armstrongyregion.com.ar\/diario\/wp-json\/wp\/v2\/posts"}],"about":[{"href":"https:\/\/armstrongyregion.com.ar\/diario\/wp-json\/wp\/v2\/types\/post"}],"author":[{"embeddable":true,"href":"https:\/\/armstrongyregion.com.ar\/diario\/wp-json\/wp\/v2\/users\/1"}],"replies":[{"embeddable":true,"href":"https:\/\/armstrongyregion.com.ar\/diario\/wp-json\/wp\/v2\/comments?post=37391"}],"version-history":[{"count":1,"href":"https:\/\/armstrongyregion.com.ar\/diario\/wp-json\/wp\/v2\/posts\/37391\/revisions"}],"predecessor-version":[{"id":37393,"href":"https:\/\/armstrongyregion.com.ar\/diario\/wp-json\/wp\/v2\/posts\/37391\/revisions\/37393"}],"wp:featuredmedia":[{"embeddable":true,"href":"https:\/\/armstrongyregion.com.ar\/diario\/wp-json\/wp\/v2\/media\/37392"}],"wp:attachment":[{"href":"https:\/\/armstrongyregion.com.ar\/diario\/wp-json\/wp\/v2\/media?parent=37391"}],"wp:term":[{"taxonomy":"category","embeddable":true,"href":"https:\/\/armstrongyregion.com.ar\/diario\/wp-json\/wp\/v2\/categories?post=37391"},{"taxonomy":"post_tag","embeddable":true,"href":"https:\/\/armstrongyregion.com.ar\/diario\/wp-json\/wp\/v2\/tags?post=37391"}],"curies":[{"name":"wp","href":"https:\/\/api.w.org\/{rel}","templated":true}]}}