{"id":37328,"date":"2023-02-02T20:58:11","date_gmt":"2023-02-02T20:58:11","guid":{"rendered":"https:\/\/armstrongyregion.com.ar\/diario\/?p=37328"},"modified":"2023-02-02T20:58:16","modified_gmt":"2023-02-02T20:58:16","slug":"clara-garcia-santa-fe-debe-recuperar-sus-politicas-innovadoras-para-enfrentar-la-pobreza-y-la-desigualdad","status":"publish","type":"post","link":"https:\/\/armstrongyregion.com.ar\/diario\/clara-garcia-santa-fe-debe-recuperar-sus-politicas-innovadoras-para-enfrentar-la-pobreza-y-la-desigualdad\/","title":{"rendered":"Clara Garc\u00eda: \u00abSanta Fe debe recuperar sus pol\u00edticas innovadoras para enfrentar la pobreza y la desigualdad\u00bb."},"content":{"rendered":"\n<figure class=\"wp-block-image size-full\"><a href=\"http:\/\/armstrongyregion.com.ar\/diario\/wp-content\/uploads\/2023\/02\/clara-losada-2.2.23.jpg\"><img loading=\"lazy\" decoding=\"async\" width=\"445\" height=\"269\" src=\"http:\/\/armstrongyregion.com.ar\/diario\/wp-content\/uploads\/2023\/02\/clara-losada-2.2.23.jpg\" alt=\"\" class=\"wp-image-37329\" srcset=\"https:\/\/armstrongyregion.com.ar\/diario\/wp-content\/uploads\/2023\/02\/clara-losada-2.2.23.jpg 445w, https:\/\/armstrongyregion.com.ar\/diario\/wp-content\/uploads\/2023\/02\/clara-losada-2.2.23-300x181.jpg 300w\" sizes=\"auto, (max-width: 445px) 100vw, 445px\" \/><\/a><\/figure>\n\n\n\n<h2 class=\"wp-block-heading\"><em>La diputada provincial recibi\u00f3 a Carolina Losada en el marco de una reuni\u00f3n de equipos t\u00e9cnicos de la que tambi\u00e9n participaron legisladores nacionales y provinciales, y concejales.<\/em><\/h2>\n\n\n\n<p>Clara Garc\u00eda recibi\u00f3 a Carolina Losada en la sede de la Usina Social (Rosario), en el marco de un encuentro que tuvo como eje el intercambio de miradas sobre las pol\u00edticas sociales que requiere Santa Fe para hacer frente a la crisis en esa materia. \u00abLa pobreza, la desigualdad y la exclusi\u00f3n demandan consensos pol\u00edticos de fondo m\u00e1s all\u00e1 de cualquier diferencia\u00bb, se\u00f1al\u00f3 Garc\u00eda. De la reuni\u00f3n participaron legisladores nacionales y provinciales, concejales, especialistas y ex funcionarios de las \u00e1reas de salud y desarrollo social de las gestiones provinciales del Frente Progresista.<\/p>\n\n\n\n<p>\u201cFue un encuentro de trabajo con dirigentes de distintos partidos, con la mayor\u00eda de los cuales tenemos una larga trayectoria de colaboraci\u00f3n en cuanto a la ejecuci\u00f3n de pol\u00edticas sociales. Tenemos una sociedad con mucha pobreza y derechos vulnerados, y la ausencia de un Estado que cuide a las poblaciones con m\u00e1s necesidades. Santa Fe necesita recuperar y fortalecer las pol\u00edticas sociales que supo tener, renovarlas y potenciarlas en funci\u00f3n de la posibilidad concreta de ser gobierno en 2023\u201d, se\u00f1al\u00f3 la diputada provincial tras la actividad.<\/p>\n\n\n\n<p>\u201cLa ciudadan\u00eda nos pide que dejemos de lado las diferencias y pongamos \u00e9nfasis en las coincidencias, y estos equipos tienen una gran coincidencia, que es Santa Fe. En esta provincia, las pol\u00edticas sociales han sido absolutamente dejadas de lado por el gobierno de (Omar) Perotti, que es con quien tenemos las mayores diferencias todos lo que hoy estuvimos reunidos\u201d, remarc\u00f3.<\/p>\n\n\n\n<p>Garc\u00eda describi\u00f3 que durante el encuentro se utilizaron como \u201cinsumos para la discusi\u00f3n algunos de los programas en los que nuestros equipos han trabajado de manera innovadora, como es el caso del Plan Abre, el Nueva Oportunidad, El Vuelvo a Estudiar, el sistema de salud p\u00fablica y el abordaje de los consumos problem\u00e1ticos y las adicciones, que han sido banderas de las gestiones anteriores y constituyen una propuesta fuertemente enraizada en Santa Fe\u201d. &nbsp;<\/p>\n\n\n\n<p>Garc\u00eda estuvo acompa\u00f1ada por la exministra de Salud Andrea Uboldi, quien junto a responsables del Plan Abre en Rosario y de las pol\u00edticas de intervenci\u00f3n social y urbana del gobierno de Miguel Lifschitz, expusieron sobre las experiencias llevadas adelante en las sucesivas administraciones frentistas.<\/p>\n\n\n\n<p>El encuentro cont\u00f3 con la presencia del senador nacional Dionisio Scarp\u00edn; los diputados nacionales Enrique Est\u00e9vez y Mario Barletta; el presidente de la C\u00e1mara de Diputadas y Diputados, Pablo Far\u00edas; los diputados provinciales Juli\u00e1n Galdeano, Joaqu\u00edn Blanco, Lionella Cattalini y Alejandro Boscarol; los concejales Mart\u00edn Ros\u00faa, Ver\u00f3nica Ir\u00edzar, Daniela Le\u00f3n y Anita Mart\u00ednez; y el exsecretario de Gobierno de la provincia Mariano Cuvertino.<\/p>\n","protected":false},"excerpt":{"rendered":"<p>La diputada provincial recibi\u00f3 a Carolina Losada en el marco de una reuni\u00f3n de equipos t\u00e9cnicos de la que tambi\u00e9n participaron legisladores nacionales y provinciales, y concejales. Clara Garc\u00eda recibi\u00f3 a Carolina Losada en la sede de la Usina Social (Rosario), en el marco de un encuentro que tuvo como eje el intercambio de miradas <a href=\"https:\/\/armstrongyregion.com.ar\/diario\/clara-garcia-santa-fe-debe-recuperar-sus-politicas-innovadoras-para-enfrentar-la-pobreza-y-la-desigualdad\/\" title=\"Read more\" >&#8230;<\/a><\/p>\n","protected":false},"author":1,"featured_media":37329,"comment_status":"open","ping_status":"open","sticky":false,"template":"","format":"image","meta":{"_jetpack_memberships_contains_paid_content":false,"footnotes":"","jetpack_publicize_message":"","jetpack_publicize_feature_enabled":true,"jetpack_social_post_already_shared":true,"jetpack_social_options":{"image_generator_settings":{"template":"highway","default_image_id":0,"enabled":false},"version":2}},"categories":[8,1,2,7,3],"tags":[8615,1500,8933,4283,8616,81,8932,2419,3381],"class_list":["post-37328","post","type-post","status-publish","format-image","has-post-thumbnail","hentry","category-deliberando","category-diario-armstrong","category-locales","category-politica","category-region","tag-clara","tag-debe","tag-desigualdad","tag-enfrentar","tag-garcia-2","tag-para","tag-pobreza","tag-recuperar","tag-santa-fe","post_format-post-format-image"],"jetpack_publicize_connections":[],"jetpack_featured_media_url":"https:\/\/armstrongyregion.com.ar\/diario\/wp-content\/uploads\/2023\/02\/clara-losada-2.2.23.jpg","jetpack_shortlink":"https:\/\/wp.me\/p62QDO-9I4","jetpack_sharing_enabled":true,"amp_enabled":true,"_links":{"self":[{"href":"https:\/\/armstrongyregion.com.ar\/diario\/wp-json\/wp\/v2\/posts\/37328","targetHints":{"allow":["GET"]}}],"collection":[{"href":"https:\/\/armstrongyregion.com.ar\/diario\/wp-json\/wp\/v2\/posts"}],"about":[{"href":"https:\/\/armstrongyregion.com.ar\/diario\/wp-json\/wp\/v2\/types\/post"}],"author":[{"embeddable":true,"href":"https:\/\/armstrongyregion.com.ar\/diario\/wp-json\/wp\/v2\/users\/1"}],"replies":[{"embeddable":true,"href":"https:\/\/armstrongyregion.com.ar\/diario\/wp-json\/wp\/v2\/comments?post=37328"}],"version-history":[{"count":1,"href":"https:\/\/armstrongyregion.com.ar\/diario\/wp-json\/wp\/v2\/posts\/37328\/revisions"}],"predecessor-version":[{"id":37330,"href":"https:\/\/armstrongyregion.com.ar\/diario\/wp-json\/wp\/v2\/posts\/37328\/revisions\/37330"}],"wp:featuredmedia":[{"embeddable":true,"href":"https:\/\/armstrongyregion.com.ar\/diario\/wp-json\/wp\/v2\/media\/37329"}],"wp:attachment":[{"href":"https:\/\/armstrongyregion.com.ar\/diario\/wp-json\/wp\/v2\/media?parent=37328"}],"wp:term":[{"taxonomy":"category","embeddable":true,"href":"https:\/\/armstrongyregion.com.ar\/diario\/wp-json\/wp\/v2\/categories?post=37328"},{"taxonomy":"post_tag","embeddable":true,"href":"https:\/\/armstrongyregion.com.ar\/diario\/wp-json\/wp\/v2\/tags?post=37328"}],"curies":[{"name":"wp","href":"https:\/\/api.w.org\/{rel}","templated":true}]}}