{"id":37320,"date":"2023-02-01T16:07:18","date_gmt":"2023-02-01T16:07:18","guid":{"rendered":"https:\/\/armstrongyregion.com.ar\/diario\/?p=37320"},"modified":"2023-02-01T16:07:24","modified_gmt":"2023-02-01T16:07:24","slug":"la-camara-rural-del-ccir-armstrong-dio-inicio-a-sus-actividades-2023","status":"publish","type":"post","link":"https:\/\/armstrongyregion.com.ar\/diario\/la-camara-rural-del-ccir-armstrong-dio-inicio-a-sus-actividades-2023\/","title":{"rendered":"La C\u00e1mara Rural del Ccir Armstrong di\u00f3 inicio a sus actividades 2023."},"content":{"rendered":"\n<figure class=\"wp-block-image size-full\"><a href=\"http:\/\/armstrongyregion.com.ar\/diario\/wp-content\/uploads\/2023\/02\/Pablo-De-Vecchio-.jpg\"><img loading=\"lazy\" decoding=\"async\" width=\"338\" height=\"225\" src=\"http:\/\/armstrongyregion.com.ar\/diario\/wp-content\/uploads\/2023\/02\/Pablo-De-Vecchio-.jpg\" alt=\"\" class=\"wp-image-37321\" srcset=\"https:\/\/armstrongyregion.com.ar\/diario\/wp-content\/uploads\/2023\/02\/Pablo-De-Vecchio-.jpg 338w, https:\/\/armstrongyregion.com.ar\/diario\/wp-content\/uploads\/2023\/02\/Pablo-De-Vecchio--300x200.jpg 300w\" sizes=\"auto, (max-width: 338px) 100vw, 338px\" \/><\/a><\/figure>\n\n\n\n<p><strong>Estuvieron participando de la reuni\u00f3n contratistas, cooperativas, transportistas, profesionales del rubro y autoridades municipales.<\/strong><\/p>\n\n\n\n<figure class=\"wp-block-image size-full\"><a href=\"http:\/\/armstrongyregion.com.ar\/diario\/wp-content\/uploads\/2023\/02\/Pablo-CCIR.jpg\"><img loading=\"lazy\" decoding=\"async\" width=\"675\" height=\"450\" src=\"http:\/\/armstrongyregion.com.ar\/diario\/wp-content\/uploads\/2023\/02\/Pablo-CCIR.jpg\" alt=\"\" class=\"wp-image-37322\" srcset=\"https:\/\/armstrongyregion.com.ar\/diario\/wp-content\/uploads\/2023\/02\/Pablo-CCIR.jpg 675w, https:\/\/armstrongyregion.com.ar\/diario\/wp-content\/uploads\/2023\/02\/Pablo-CCIR-300x200.jpg 300w\" sizes=\"auto, (max-width: 675px) 100vw, 675px\" \/><\/a><\/figure>\n\n\n\n<p>El pasado viernes 27 de Enero la C\u00e1mara Rural del Ccir de Armstrong, di\u00f3 inicios a sus actividades.<\/p>\n\n\n\n<p>El principal tema que se trat\u00f3 fue el \u00abImpacto de la sequ\u00eda en nuestra Region\u00bb,<\/p>\n\n\n\n<p>&#8211; Estimaciones de p\u00e9rdidas en Agricultura y Ganaderia.<\/p>\n\n\n\n<p>&#8211; Alcances y novedades de las medidas tomadas a nivel Pcia.<\/p>\n\n\n\n<p>&#8211; Se solicitar\u00eda al Gobierno Provincial extender el plazo de inscripci\u00f3n para el beneficio de 700.000$ a productores afectados. Ya que la fecha l\u00edmite es hasta el 03\/02, cuando la convocatoria inicio el 27\/01.\u00a0O en su defecto hacer una segunda convocatoria de inscripci\u00f3n.\u00a0\u00a0<\/p>\n\n\n\n<p><\/p>\n","protected":false},"excerpt":{"rendered":"<p>Estuvieron participando de la reuni\u00f3n contratistas, cooperativas, transportistas, profesionales del rubro y autoridades municipales. El pasado viernes 27 de Enero la C\u00e1mara Rural del Ccir de Armstrong, di\u00f3 inicios a sus actividades. El principal tema que se trat\u00f3 fue el \u00abImpacto de la sequ\u00eda en nuestra Region\u00bb, &#8211; Estimaciones de p\u00e9rdidas en Agricultura y Ganaderia. <a href=\"https:\/\/armstrongyregion.com.ar\/diario\/la-camara-rural-del-ccir-armstrong-dio-inicio-a-sus-actividades-2023\/\" title=\"Read more\" >&#8230;<\/a><\/p>\n","protected":false},"author":1,"featured_media":37322,"comment_status":"open","ping_status":"open","sticky":false,"template":"","format":"image","meta":{"_jetpack_memberships_contains_paid_content":false,"footnotes":"","jetpack_publicize_message":"","jetpack_publicize_feature_enabled":true,"jetpack_social_post_already_shared":true,"jetpack_social_options":{"image_generator_settings":{"template":"highway","default_image_id":0,"enabled":false},"version":2}},"categories":[6,8,1,2,7,3],"tags":[8751,33,263,8929,8930,8891,174,31,127],"class_list":["post-37320","post","type-post","status-publish","format-image","has-post-thumbnail","hentry","category-cultura-entretenimiento","category-deliberando","category-diario-armstrong","category-locales","category-politica","category-region","tag-8751","tag-a","tag-actividades","tag-camara-rural-del","tag-ccir-de-armstrong","tag-dio-2","tag-inicio","tag-la","tag-sus","post_format-post-format-image"],"jetpack_publicize_connections":[],"jetpack_featured_media_url":"https:\/\/armstrongyregion.com.ar\/diario\/wp-content\/uploads\/2023\/02\/Pablo-CCIR.jpg","jetpack_shortlink":"https:\/\/wp.me\/p62QDO-9HW","jetpack_sharing_enabled":true,"amp_enabled":true,"_links":{"self":[{"href":"https:\/\/armstrongyregion.com.ar\/diario\/wp-json\/wp\/v2\/posts\/37320","targetHints":{"allow":["GET"]}}],"collection":[{"href":"https:\/\/armstrongyregion.com.ar\/diario\/wp-json\/wp\/v2\/posts"}],"about":[{"href":"https:\/\/armstrongyregion.com.ar\/diario\/wp-json\/wp\/v2\/types\/post"}],"author":[{"embeddable":true,"href":"https:\/\/armstrongyregion.com.ar\/diario\/wp-json\/wp\/v2\/users\/1"}],"replies":[{"embeddable":true,"href":"https:\/\/armstrongyregion.com.ar\/diario\/wp-json\/wp\/v2\/comments?post=37320"}],"version-history":[{"count":1,"href":"https:\/\/armstrongyregion.com.ar\/diario\/wp-json\/wp\/v2\/posts\/37320\/revisions"}],"predecessor-version":[{"id":37323,"href":"https:\/\/armstrongyregion.com.ar\/diario\/wp-json\/wp\/v2\/posts\/37320\/revisions\/37323"}],"wp:featuredmedia":[{"embeddable":true,"href":"https:\/\/armstrongyregion.com.ar\/diario\/wp-json\/wp\/v2\/media\/37322"}],"wp:attachment":[{"href":"https:\/\/armstrongyregion.com.ar\/diario\/wp-json\/wp\/v2\/media?parent=37320"}],"wp:term":[{"taxonomy":"category","embeddable":true,"href":"https:\/\/armstrongyregion.com.ar\/diario\/wp-json\/wp\/v2\/categories?post=37320"},{"taxonomy":"post_tag","embeddable":true,"href":"https:\/\/armstrongyregion.com.ar\/diario\/wp-json\/wp\/v2\/tags?post=37320"}],"curies":[{"name":"wp","href":"https:\/\/api.w.org\/{rel}","templated":true}]}}