{"id":37318,"date":"2023-02-01T15:19:19","date_gmt":"2023-02-01T15:19:19","guid":{"rendered":"https:\/\/armstrongyregion.com.ar\/diario\/?p=37318"},"modified":"2023-02-01T15:19:24","modified_gmt":"2023-02-01T15:19:24","slug":"municipalidad-de-las-rosas-y-vialidad-nacional-trabajan-en-ruta-178","status":"publish","type":"post","link":"https:\/\/armstrongyregion.com.ar\/diario\/municipalidad-de-las-rosas-y-vialidad-nacional-trabajan-en-ruta-178\/","title":{"rendered":"Municipalidad de Las Rosas y Vialidad Nacional trabajan en Ruta 178."},"content":{"rendered":"\n<figure class=\"wp-block-image size-full\"><a href=\"http:\/\/armstrongyregion.com.ar\/diario\/wp-content\/uploads\/2022\/08\/Javier-Meyer-9-8-22-.jpg\"><img loading=\"lazy\" decoding=\"async\" width=\"597\" height=\"405\" src=\"http:\/\/armstrongyregion.com.ar\/diario\/wp-content\/uploads\/2022\/08\/Javier-Meyer-9-8-22-.jpg\" alt=\"\" class=\"wp-image-35399\" srcset=\"https:\/\/armstrongyregion.com.ar\/diario\/wp-content\/uploads\/2022\/08\/Javier-Meyer-9-8-22-.jpg 597w, https:\/\/armstrongyregion.com.ar\/diario\/wp-content\/uploads\/2022\/08\/Javier-Meyer-9-8-22--300x204.jpg 300w\" sizes=\"auto, (max-width: 597px) 100vw, 597px\" \/><\/a><\/figure>\n\n\n\n<h2 class=\"wp-block-heading\">Se est\u00e1n realizando trabajos de bacheo en el tramo urbano de la ruta nacional 178.<\/h2>\n\n\n\n<p>Despu\u00e9s de esperas, gestiones, promesas, finalmente esta ma\u00f1ana se iniciaron los trabajos de reparaci\u00f3n de la calzada por Vialidad Nacional y la colaboraci\u00f3n en material de Municipalidad de Las Rosas.<\/p>\n\n\n\n<p>\u00abEstamos realizando un operativo de bacheo, junto a Vialidad Nacional donde \u00e9sta aporta personal y maquinaria, y la Municipalidad hace los mismo con asfalto, una unidad y tambi\u00e9n personal\u00bb, inform\u00f3 el Intendente Javier Meyer.\u00a0<\/p>\n\n\n\n<figure class=\"wp-block-embed is-type-video is-provider-youtube wp-block-embed-youtube wp-embed-aspect-16-9 wp-has-aspect-ratio\"><div class=\"wp-block-embed__wrapper\">\n<iframe loading=\"lazy\" title=\"31-01-23 Nota Javier Meyer \u2013 Intendente\" width=\"800\" height=\"450\" src=\"https:\/\/www.youtube.com\/embed\/511wteIUirE?feature=oembed\" frameborder=\"0\" allow=\"accelerometer; autoplay; clipboard-write; encrypted-media; gyroscope; picture-in-picture; web-share\" allowfullscreen><\/iframe>\n<\/div><\/figure>\n\n\n\n<p>\u00abLa reparaci\u00f3n comprende el tramo desde Acceso Sur hasta calle G\u00fcemes. Esto es una soluci\u00f3n parcial a los grandes problemas que tenemos con la ruta y espero que pronto se concrete la licitaci\u00f3n final para la repavimentaci\u00f3n toda la Ruta Nacional 178 est\u00e1 necesitando\u00bb, concluy\u00f3 Meyer.<\/p>\n\n\n\n<p>Fuente:  Renacer FM\/ Canal 4.<\/p>\n","protected":false},"excerpt":{"rendered":"<p>Se est\u00e1n realizando trabajos de bacheo en el tramo urbano de la ruta nacional 178. Despu\u00e9s de esperas, gestiones, promesas, finalmente esta ma\u00f1ana se iniciaron los trabajos de reparaci\u00f3n de la calzada por Vialidad Nacional y la colaboraci\u00f3n en material de Municipalidad de Las Rosas. \u00abEstamos realizando un operativo de bacheo, junto a Vialidad Nacional <a href=\"https:\/\/armstrongyregion.com.ar\/diario\/municipalidad-de-las-rosas-y-vialidad-nacional-trabajan-en-ruta-178\/\" title=\"Read more\" >&#8230;<\/a><\/p>\n","protected":false},"author":1,"featured_media":35399,"comment_status":"open","ping_status":"open","sticky":false,"template":"","format":"image","meta":{"_jetpack_memberships_contains_paid_content":false,"footnotes":"","jetpack_publicize_message":"","jetpack_publicize_feature_enabled":true,"jetpack_social_post_already_shared":true,"jetpack_social_options":{"image_generator_settings":{"template":"highway","default_image_id":0,"enabled":false},"version":2}},"categories":[8,1,2,7,3],"tags":[8565,19,8883,1103,8928,8927,13],"class_list":["post-37318","post","type-post","status-publish","format-image","has-post-thumbnail","hentry","category-deliberando","category-diario-armstrong","category-locales","category-politica","category-region","tag-178-2","tag-de","tag-las-rosas-2","tag-municipalidad","tag-trabajan-en","tag-vialidad-nacional","tag-y","post_format-post-format-image"],"jetpack_publicize_connections":[],"jetpack_featured_media_url":"https:\/\/armstrongyregion.com.ar\/diario\/wp-content\/uploads\/2022\/08\/Javier-Meyer-9-8-22-.jpg","jetpack_shortlink":"https:\/\/wp.me\/p62QDO-9HU","jetpack_sharing_enabled":true,"amp_enabled":true,"_links":{"self":[{"href":"https:\/\/armstrongyregion.com.ar\/diario\/wp-json\/wp\/v2\/posts\/37318","targetHints":{"allow":["GET"]}}],"collection":[{"href":"https:\/\/armstrongyregion.com.ar\/diario\/wp-json\/wp\/v2\/posts"}],"about":[{"href":"https:\/\/armstrongyregion.com.ar\/diario\/wp-json\/wp\/v2\/types\/post"}],"author":[{"embeddable":true,"href":"https:\/\/armstrongyregion.com.ar\/diario\/wp-json\/wp\/v2\/users\/1"}],"replies":[{"embeddable":true,"href":"https:\/\/armstrongyregion.com.ar\/diario\/wp-json\/wp\/v2\/comments?post=37318"}],"version-history":[{"count":1,"href":"https:\/\/armstrongyregion.com.ar\/diario\/wp-json\/wp\/v2\/posts\/37318\/revisions"}],"predecessor-version":[{"id":37319,"href":"https:\/\/armstrongyregion.com.ar\/diario\/wp-json\/wp\/v2\/posts\/37318\/revisions\/37319"}],"wp:featuredmedia":[{"embeddable":true,"href":"https:\/\/armstrongyregion.com.ar\/diario\/wp-json\/wp\/v2\/media\/35399"}],"wp:attachment":[{"href":"https:\/\/armstrongyregion.com.ar\/diario\/wp-json\/wp\/v2\/media?parent=37318"}],"wp:term":[{"taxonomy":"category","embeddable":true,"href":"https:\/\/armstrongyregion.com.ar\/diario\/wp-json\/wp\/v2\/categories?post=37318"},{"taxonomy":"post_tag","embeddable":true,"href":"https:\/\/armstrongyregion.com.ar\/diario\/wp-json\/wp\/v2\/tags?post=37318"}],"curies":[{"name":"wp","href":"https:\/\/api.w.org\/{rel}","templated":true}]}}